{"id":4280,"date":"2025-09-28T16:04:51","date_gmt":"2025-09-28T14:04:51","guid":{"rendered":"https:\/\/online-filmkatarzis.com\/kucko\/hirek\/?p=4280"},"modified":"2025-09-28T16:04:51","modified_gmt":"2025-09-28T14:04:51","slug":"kokeny-attila-fia-letarolta-a-megasztart","status":"publish","type":"post","link":"https:\/\/online-filmkatarzis.com\/kucko\/hirek\/kokeny-attila-fia-letarolta-a-megasztart\/","title":{"rendered":"K\u00f6k\u00e9ny Attila fia letarolta a Megaszt\u00e1rt"},"content":{"rendered":"<h3>Lali a B\/uno M\/rs \u201eWh\/n I W\/s Yo\/r Man\u201d c\u00edm\u0171 sl\u00e1ger\u00e9t v\u00e1lasztotta, \u00e9s m\u00e1r az els\u0151 hangokkal leny\u0171g\u00f6zte a st\u00fadi\u00f3t. A k\u00f6z\u00f6ns\u00e9g percek alatt a sz\u00edv\u00e9be z\u00e1rta, a dal v\u00e9g\u00e9re pedig \u00e1llva tapsolt \u00e9s ov\u00e1ci\u00f3val \u00fcnnepelte a tin\u00e9dzsert. A zs\u0171ritagok sem fukarkodtak a dics\u00e9rettel. Curtis k\u00fcl\u00f6n\u00f6sen meghat\u00f3dottan besz\u00e9lt a produkci\u00f3r\u00f3l: mint mondta, sz\u00e1m\u00e1ra eg\u00e9szen k\u00fcl\u00f6nleges volt l\u00e1tni Lalit a sz\u00ednpadon, hiszen K\u00f6k\u00e9ny Attila bar\u00e1tjak\u00e9nt \u00e9vek \u00f3ta figyelemmel k\u00eds\u00e9ri a fi\u00fa feln\u00f6veked\u00e9s\u00e9t.<\/h3>\n<h3><span style=\"color: #ff0000;\"><strong>A h\u00edr nem \u00e9rt v\u00e9get! Folytat\u00e1shoz haszn\u00e1ld a K\u00d6VETKEZ\u0150 OLDAL gombot!<\/strong><\/span><\/h3>\n<h3 style=\"text-align: right;\"><a href=\"https:\/\/online-filmkatarzis.com\/kucko\/napiinfok\/?p=4284\" target=\"_blank\" rel=\"noopener\"><span style=\"color: #ff0000;\">&#8212;&gt;&gt; K\u00d6VETKEZ\u0150 OLDAL<\/span><\/a><\/h3>\n<p>&#8211;<\/p>\n<p>A motorpaletta a bemutat\u00e1skor egyszer\u0171 volt: egy benzines motor k\u00e9t teljes\u00edtm\u00e9nyszinten, valamint egy d\u00edzelmotor h\u00e1rom k\u00fcl\u00f6nb\u00f6z\u0151 v\u00e1ltozatban volt el\u00e9rhet\u0151. Ezek a motorok szinte v\u00e1ltoztat\u00e1s n\u00e9lk\u00fcl \u00e9rkeztek a Renault m\u00e1s modelljeib\u0151l, \u00edgy m\u00e1r bizony\u00edtott technol\u00f3gi\u00e1r\u00f3l van sz\u00f3, de nem felt\u00e9tlen\u00fcl testre szabottak egy nagy m\u00e9ret\u0171 h\u00e9t\u00fcl\u00e9ses csal\u00e1di aut\u00f3hoz.<\/p>\n<p>A bel\u00e9p\u0151szint\u0171 er\u0151forr\u00e1s egy 1,2 literes, turb\u00f3s, n\u00e9gyhengeres benzines motor. Az alapv\u00e1ltozat 114 l\u00f3er\u0151t k\u00edn\u00e1l, \u00e9s az Expression+ felszerelts\u00e9gi szinttel \u00e9rhet\u0151 el, de ink\u00e1bb a 128 l\u00f3er\u0151s kivitel aj\u00e1nlott, amely 205 Nm nyomat\u00e9kkal kicsivel \u00e9l\u00e9nkebb \u00e9s rugalmasabb m\u0171k\u00f6d\u00e9s\u0171. M\u00e9g \u00edgy sem nevezhet\u0151 kifejezetten dinamikusnak, f\u0151leg ha a j\u00e1rm\u0171 teljesen meg van pakolva utasokkal \u00e9s csomagokkal \u2013 teh\u00e1t nagy csal\u00e1dos haszn\u00e1latra csak korl\u00e1tozottan alkalmas.<\/p>\n<p>A d\u00edzelek viszont, ahogyan a legt\u00f6bb h\u00e9t\u00fcl\u00e9ses egyter\u0171 eset\u00e9ben, sokkal alkalmasabbak a mindennapi ig\u00e9nybev\u00e9telre. Az alapd\u00edzel a j\u00f3l ismert 1,5 literes dCi motor, amely \u00e9vek \u00f3ta szolg\u00e1l a Renault palett\u00e1j\u00e1n. Ebben az esetben 109 l\u00f3er\u0151t \u00e9s 260 Nm nyomat\u00e9kot biztos\u00edt, ami \u00f6nmag\u00e1ban nem t\u0171nik soknak, de p\u00e9ld\u00e1ul egy Megane-ban eg\u00e9szen j\u00f3l m\u0171k\u00f6dik. Ugyanakkor a Grand Scenic t\u00f6meg\u00e9hez \u00e9s m\u00e9reteihez viszony\u00edtva kiss\u00e9 alulmotoriz\u00e1ltnak hat, k\u00fcl\u00f6n\u00f6sen emelked\u0151k\u00f6n vagy teljes terhel\u00e9s mellett.<\/p>\n<p>Ez a motorv\u00e1ltozat el\u00e9rhet\u0151 hatfokozat\u00fa k\u00e9zi v\u00e1lt\u00f3val, illetve a Renault h\u00e9tfokozat\u00fa, EDC duplakuplungos automata v\u00e1lt\u00f3j\u00e1val is \u2013 ut\u00f3bbi k\u00e9nyelmesebb\u00e9 teszi a v\u00e1rosi k\u00f6zleked\u00e9st, de a motorteljes\u00edtm\u00e9ny hi\u00e1nyoss\u00e1gait nem tudja teljesen kompenz\u00e1lni.<\/p>\n","protected":false},"excerpt":{"rendered":"<p>Lali a B\/uno M\/rs \u201eWh\/n I W\/s Yo\/r Man\u201d c\u00edm\u0171 sl\u00e1ger\u00e9t v\u00e1lasztotta, \u00e9s m\u00e1r az els\u0151 hangokkal leny\u0171g\u00f6zte a st\u00fadi\u00f3t&#8230;. <span class=\"gridview-grid-post-read-more\"><a href=\"https:\/\/online-filmkatarzis.com\/kucko\/hirek\/kokeny-attila-fia-letarolta-a-megasztart\/\">read more<span class=\"gridview-sr-only\"> K\u00f6k\u00e9ny Attila fia letarolta a Megaszt\u00e1rt<\/span><\/a><\/span><\/p>\n","protected":false},"author":1,"featured_media":4281,"comment_status":"open","ping_status":"open","sticky":false,"template":"","format":"standard","meta":{"footnotes":""},"categories":[1],"tags":[],"class_list":["post-4280","post","type-post","status-publish","format-standard","has-post-thumbnail","hentry","category-egyeb","wpcat-1-id"],"_links":{"self":[{"href":"https:\/\/online-filmkatarzis.com\/kucko\/hirek\/wp-json\/wp\/v2\/posts\/4280","targetHints":{"allow":["GET"]}}],"collection":[{"href":"https:\/\/online-filmkatarzis.com\/kucko\/hirek\/wp-json\/wp\/v2\/posts"}],"about":[{"href":"https:\/\/online-filmkatarzis.com\/kucko\/hirek\/wp-json\/wp\/v2\/types\/post"}],"author":[{"embeddable":true,"href":"https:\/\/online-filmkatarzis.com\/kucko\/hirek\/wp-json\/wp\/v2\/users\/1"}],"replies":[{"embeddable":true,"href":"https:\/\/online-filmkatarzis.com\/kucko\/hirek\/wp-json\/wp\/v2\/comments?post=4280"}],"version-history":[{"count":1,"href":"https:\/\/online-filmkatarzis.com\/kucko\/hirek\/wp-json\/wp\/v2\/posts\/4280\/revisions"}],"predecessor-version":[{"id":4282,"href":"https:\/\/online-filmkatarzis.com\/kucko\/hirek\/wp-json\/wp\/v2\/posts\/4280\/revisions\/4282"}],"wp:featuredmedia":[{"embeddable":true,"href":"https:\/\/online-filmkatarzis.com\/kucko\/hirek\/wp-json\/wp\/v2\/media\/4281"}],"wp:attachment":[{"href":"https:\/\/online-filmkatarzis.com\/kucko\/hirek\/wp-json\/wp\/v2\/media?parent=4280"}],"wp:term":[{"taxonomy":"category","embeddable":true,"href":"https:\/\/online-filmkatarzis.com\/kucko\/hirek\/wp-json\/wp\/v2\/categories?post=4280"},{"taxonomy":"post_tag","embeddable":true,"href":"https:\/\/online-filmkatarzis.com\/kucko\/hirek\/wp-json\/wp\/v2\/tags?post=4280"}],"curies":[{"name":"wp","href":"https:\/\/api.w.org\/{rel}","templated":true}]}}