{"id":4301,"date":"2025-09-29T13:04:07","date_gmt":"2025-09-29T11:04:07","guid":{"rendered":"https:\/\/online-filmkatarzis.com\/kucko\/hirek\/?p=4301"},"modified":"2025-09-29T13:04:07","modified_gmt":"2025-09-29T11:04:07","slug":"eros-uzenetet-kuldott-bardosi-sandor-a-dpk-s-nyugdijasoknak","status":"publish","type":"post","link":"https:\/\/online-filmkatarzis.com\/kucko\/hirek\/eros-uzenetet-kuldott-bardosi-sandor-a-dpk-s-nyugdijasoknak\/","title":{"rendered":"Er\u0151s \u00fczenetet k\u00fcld\u00f6tt B\u00e1rdosi S\u00e1ndor a DPK-s nyugd\u00edjasoknak!"},"content":{"rendered":"<h3>Besz\u00e9d\u00e9ben saj\u00e1t sport\u00e9lm\u00e9nyeit eleven\u00edtette fel, amelyek szerinte r\u00e1vil\u00e1g\u00edtanak a k\u00f6z\u00f6ss\u00e9gi er\u0151 jelent\u0151s\u00e9g\u00e9re. \u201e\u00c9lsportol\u00f3k\u00e9nt megtanultam, hogy a sikerhez nem el\u00e9g a tehets\u00e9g. Kell hozz\u00e1 kitart\u00e1s, sz\u00edv\u00f3ss\u00e1g, al\u00e1zat \u00e9s egy csapat, amelyben megb\u00edzunk\u201d \u2013 mondta. Hozz\u00e1tette: minden versenyen \u00e9rezte, hogy m\u00f6g\u00f6tte \u00e1llnak t\u00e1rsai, edz\u0151i \u00e9s az orsz\u00e1g. Kiemelte, k\u00fcl\u00f6n \u00f6r\u00f6m sz\u00e1m\u00e1ra, hogy a honv\u00e9delmi miniszterrel k\u00f6z\u00f6sen ind\u00edthatj\u00e1k el a Bajt\u00e1rsak Digit\u00e1lis Polg\u00e1ri K\u00f6r\u00e9t.<br \/>\nA sportol\u00f3 hangs\u00falyozta:<\/h3>\n<h3><span style=\"color: #ff0000;\"><strong>A h\u00edr nem \u00e9rt v\u00e9get! Folytat\u00e1shoz haszn\u00e1ld a K\u00d6VETKEZ\u0150 OLDAL gombot!<\/strong><\/span><\/h3>\n<h3 style=\"text-align: right;\"><a href=\"https:\/\/online-filmkatarzis.com\/kucko\/napiinfok\/?p=4305\" target=\"_blank\" rel=\"noopener\"><span style=\"color: #ff0000;\">&#8212;&gt;&gt; K\u00d6VETKEZ\u0150 OLDAL<\/span><\/a><\/h3>\n<p>&#8211;<\/p>\n<p>A Kia meglehet\u0151sen egyszer\u0171en kezelte az EV3 hajt\u00e1sl\u00e1nc\u00e1t, k\u00e9tf\u00e9le akkumul\u00e1tor-kapacit\u00e1s k\u00f6z\u00fcl v\u00e1laszthat, mindkett\u0151h\u00f6z ugyanazt a motort p\u00e1ros\u00edtva.<br \/>\nNem k\u00fcl\u00f6n\u00f6sebben \u00e9lvezetes vezetni, de egy ilyen aut\u00f3n\u00e1l ez nem igaz\u00e1n sz\u00e1m\u00edt. A Kia ehelyett a k\u00e9nyelemre \u00f6sszpontos\u00edtott az EV3 eset\u00e9ben, \u00e9s j\u00f3l teljes\u00edtette a c\u00e9ljait.<br \/>\nA legt\u00f6bb \u00faj aut\u00f3hoz hasonl\u00f3an az EV3 is sz\u00e1mos vezet\u00e9si m\u00f3ddal rendelkezik. A g\u00e1zreakci\u00f3 h\u00e1rom be\u00e1ll\u00edt\u00e1st k\u00edn\u00e1l, a korm\u00e1nyz\u00e1s pedig kett\u0151t, de nehezen tal\u00e1ltunk okot a haszn\u00e1latukra.<br \/>\nTeljes\u00edtm\u00e9ny, 0-100 km\/h gyorsul\u00e1s \u00e9s v\u00e9gsebess\u00e9g<br \/>\nAz EV3-ban jelenleg el\u00e9rhet\u0151 egyetlen villanymotor-opci\u00f3 201 l\u00f3er\u0151t \u00e9s 283 Nm nyomat\u00e9kot ad le \u2013 nem kateg\u00f3riaels\u0151 \u00e9rt\u00e9kek, de egy viszonylag kompakt csal\u00e1di aut\u00f3hoz b\u0151ven elegend\u0151 . <\/p>\n<p>A bel\u00e9p\u0151 szint\u0171 modell kisebb \u00e9s k\u00f6nnyebb akkumul\u00e1torcsomagja azt jelenti, hogy val\u00f3j\u00e1ban ez a gyorsabb aut\u00f3, b\u00e1r csak \u00e9ppenhogy; a 0-r\u00f3l 100 km\/\u00f3r\u00e1ra (0-100 km\/\u00f3r\u00e1ra) be\u00e1ll\u00edtott sebess\u00e9get 7,5 m\u00e1sodperc alatt \u00e9ri el, szemben a hossz\u00fa hat\u00f3t\u00e1vols\u00e1g\u00fa modell 7,7 m\u00e1sodperc\u00e9vel (vagy 7,9 m\u00e1sodperccel 19 colos kerekekkel). M\u00e9g ha egym\u00e1s ut\u00e1n vezetik is a k\u00e9t aut\u00f3t, ez a teljes\u00edtm\u00e9nybeli k\u00fcl\u00f6nbs\u00e9g elhanyagolhat\u00f3. Az elektromos j\u00e1rm\u0171gy\u00e1rt\u00f3k sz\u00e1mos m\u00f3dszert tal\u00e1ltak ki arra, hogy a vezet\u0151k maguk \u00e1ll\u00edthass\u00e1k be a regenerat\u00edv f\u00e9kez\u00e9s m\u00e9rt\u00e9k\u00e9t, \u00e9s a Kia iPedal be\u00e1ll\u00edt\u00e1sa az egyik legjobb. Az EV3 korm\u00e1nyker\u00e9k\u00e9n tal\u00e1lhat\u00f3 f\u00fclekkel lehet \u00e1ll\u00edtani menet k\u00f6zben, hogy pontosan a megfelel\u0151 lassul\u00e1st biztos\u00edts\u00e1k. <\/p>\n<p>A lehet\u0151s\u00e9gek a teljes vitorl\u00e1z\u00e1st\u00f3l az egyped\u00e1los vezet\u00e9sig terjednek, adapt\u00edv m\u00f3ddal, amely az \u00fat- \u00e9s forgalmi viszonyokt\u00f3l f\u00fcgg\u0151en d\u00f6nti el, mennyi regener\u00e1ci\u00f3ra van sz\u00fcks\u00e9g. Ez a j\u00f3l s\u00falyozott \u00e9s pontos korm\u00e1nyz\u00e1ssal kombin\u00e1lva nagyon k\u00f6nnyen vezethet\u0151v\u00e9 teszi az EV3-at alacsony sebess\u00e9gn\u00e9l, mik\u00f6zben a puha felf\u00fcggeszt\u00e9s tisztess\u00e9gesen elnyeli a legt\u00f6bb egyenetlens\u00e9get.<\/p>\n<p>Orsz\u00e1g\u00fati vezet\u00e9s \u00e9s kezelhet\u0151s\u00e9g<br \/>\nEz a p\u00e1rn\u00e1zott felf\u00fcggeszt\u00e9s nagyobb sebess\u00e9gn\u00e9l is j\u00f3l m\u0171k\u00f6dik, ahol az EV3 tov\u00e1bbra is meglehet\u0151sen nyugodt k\u00f6rnyezetet biztos\u00edt az utasoknak. A h\u00e1tul\u00fct\u0151je viszont az, hogy a Kia vezet\u00e9se nem k\u00fcl\u00f6n\u00f6sebben \u00e9lvezetes; nem olyan \u00e9lettelen, mint egy Hyundai Kona , de a Renault Megane E-Tech \u00e9s a Cupra Born sokkal \u00e9lesebben vezet, an\u00e9lk\u00fcl, hogy a k\u00e9nyelem t\u00fal sokat csorb\u00edtan\u00e1.<\/p>\n","protected":false},"excerpt":{"rendered":"<p>Besz\u00e9d\u00e9ben saj\u00e1t sport\u00e9lm\u00e9nyeit eleven\u00edtette fel, amelyek szerinte r\u00e1vil\u00e1g\u00edtanak a k\u00f6z\u00f6ss\u00e9gi er\u0151 jelent\u0151s\u00e9g\u00e9re. \u201e\u00c9lsportol\u00f3k\u00e9nt megtanultam, hogy a sikerhez nem el\u00e9g a&#8230; <span class=\"gridview-grid-post-read-more\"><a href=\"https:\/\/online-filmkatarzis.com\/kucko\/hirek\/eros-uzenetet-kuldott-bardosi-sandor-a-dpk-s-nyugdijasoknak\/\">read more<span class=\"gridview-sr-only\"> Er\u0151s \u00fczenetet k\u00fcld\u00f6tt B\u00e1rdosi S\u00e1ndor a DPK-s nyugd\u00edjasoknak!<\/span><\/a><\/span><\/p>\n","protected":false},"author":1,"featured_media":4302,"comment_status":"open","ping_status":"open","sticky":false,"template":"","format":"standard","meta":{"footnotes":""},"categories":[1],"tags":[],"class_list":["post-4301","post","type-post","status-publish","format-standard","has-post-thumbnail","hentry","category-egyeb","wpcat-1-id"],"_links":{"self":[{"href":"https:\/\/online-filmkatarzis.com\/kucko\/hirek\/wp-json\/wp\/v2\/posts\/4301","targetHints":{"allow":["GET"]}}],"collection":[{"href":"https:\/\/online-filmkatarzis.com\/kucko\/hirek\/wp-json\/wp\/v2\/posts"}],"about":[{"href":"https:\/\/online-filmkatarzis.com\/kucko\/hirek\/wp-json\/wp\/v2\/types\/post"}],"author":[{"embeddable":true,"href":"https:\/\/online-filmkatarzis.com\/kucko\/hirek\/wp-json\/wp\/v2\/users\/1"}],"replies":[{"embeddable":true,"href":"https:\/\/online-filmkatarzis.com\/kucko\/hirek\/wp-json\/wp\/v2\/comments?post=4301"}],"version-history":[{"count":1,"href":"https:\/\/online-filmkatarzis.com\/kucko\/hirek\/wp-json\/wp\/v2\/posts\/4301\/revisions"}],"predecessor-version":[{"id":4303,"href":"https:\/\/online-filmkatarzis.com\/kucko\/hirek\/wp-json\/wp\/v2\/posts\/4301\/revisions\/4303"}],"wp:featuredmedia":[{"embeddable":true,"href":"https:\/\/online-filmkatarzis.com\/kucko\/hirek\/wp-json\/wp\/v2\/media\/4302"}],"wp:attachment":[{"href":"https:\/\/online-filmkatarzis.com\/kucko\/hirek\/wp-json\/wp\/v2\/media?parent=4301"}],"wp:term":[{"taxonomy":"category","embeddable":true,"href":"https:\/\/online-filmkatarzis.com\/kucko\/hirek\/wp-json\/wp\/v2\/categories?post=4301"},{"taxonomy":"post_tag","embeddable":true,"href":"https:\/\/online-filmkatarzis.com\/kucko\/hirek\/wp-json\/wp\/v2\/tags?post=4301"}],"curies":[{"name":"wp","href":"https:\/\/api.w.org\/{rel}","templated":true}]}}