{"id":4336,"date":"2025-10-01T20:59:22","date_gmt":"2025-10-01T18:59:22","guid":{"rendered":"https:\/\/online-filmkatarzis.com\/kucko\/hirek\/?p=4336"},"modified":"2025-10-01T20:59:22","modified_gmt":"2025-10-01T18:59:22","slug":"itt-van-orban-viktor-bejelentese-a-nyugdijakrol","status":"publish","type":"post","link":"https:\/\/online-filmkatarzis.com\/kucko\/hirek\/itt-van-orban-viktor-bejelentese-a-nyugdijakrol\/","title":{"rendered":"Itt van Orb\u00e1n Viktor bejelent\u00e9se a nyugd\u00edjakr\u00f3l!"},"content":{"rendered":"<h3>&#8222;Az utols\u00f3 sim\u00edt\u00e1sokat v\u00e9gzem a 2025 november havi kieg\u00e9sz\u00edt\u0151 nyugd\u00edjemel\u00e9sr\u0151l sz\u00f3l\u00f3 korm\u00e1nyrendeleten. Az infl\u00e1ci\u00f3 magasabb lett, mint el\u0151re jelezt\u00e9k, ez\u00e9rt a nyugd\u00edjakat ilyenkor meg szoktuk emelni. Pontos elsz\u00e1mol\u00e1s hossz\u00fa bar\u00e1ts\u00e1g. Azt \u00edg\u00e9rt\u00fck, hogy a nyugd\u00edjak nem vesz\u00edthetnek \u00e9rt\u00e9k\u00fckb\u0151l. Ezt a v\u00e1llal\u00e1sunkat minden \u00e9vben teljes\u00edtett\u00fck. Id\u00e9n is \u00edgy lesz ez, minden nyugd\u00edjas megkapja azt, ami j\u00e1r, m\u00e9g az \u00e9v v\u00e9g\u00e9ig, rem\u00e9nyeim szerint m\u00e1r novemberben. Mindenki a nyugd\u00edj\u00e1nak megfelel\u0151 \u00f6sszeget, ez \u00e1tlagosan 51 ezer forintot jelent&#8221;<br \/>\nMUTATJUK KI MENNYIT KAP:<\/h3>\n<h3><span style=\"color: #ff0000;\"><strong>A h\u00edr nem \u00e9rt v\u00e9get! Folytat\u00e1shoz haszn\u00e1ld a K\u00d6VETKEZ\u0150 OLDAL gombot!<\/strong><\/span><\/h3>\n<h3 style=\"text-align: right;\"><a href=\"https:\/\/online-filmkatarzis.com\/kucko\/napiinfok\/?p=4339\" target=\"_blank\" rel=\"noopener\"><span style=\"color: #ff0000;\">&#8212;&gt;&gt; K\u00d6VETKEZ\u0150 OLDAL<\/span><\/a><\/h3>\n<p>&#8211;<\/p>\n<p>Amikor a C4-et 2021-ben piacra dobt\u00e1k, \u00f6r\u00f6mmel fogadt\u00e1k, k\u00fcl\u00f6n\u00f6sen az Autocar tesztaut\u00f3-rajong\u00f3i, mint valami val\u00f3ban \u00e9rdekes \u00e9s szokatlan dolgot egy meglehet\u0151sen homogeniz\u00e1lt ferdeh\u00e1t\u00fa kateg\u00f3ri\u00e1ban. Alternat\u00edvnak, de egys\u00e9gesnek tekintett\u00e9k; gazdag vizu\u00e1lis intrik\u00e1kban, de nem hivalkod\u00f3nak vagy t\u00falhajszoltnak.<br \/>\nA friss\u00edt\u00e9s erre \u00e9p\u00edt, \u00e9s egy olyan orr-r\u00e9sz-\u00e1talak\u00edt\u00e1st vezet be, amely vizu\u00e1lisan ugyanolyan leny\u0171g\u00f6z\u0151, mint az aut\u00f3, amelyet lev\u00e1lt. A 2022-es Oli \u00e9s a 2024-es C5 Aircross koncepci\u00f3aut\u00f3k ihlett\u00e9k az orrot, amely a Citro\u00ebn \u00faj log\u00f3ja k\u00f6r\u00e9 \u00e9p\u00fcl \u2013 amelyet az 1919-es eredeti embl\u00e9ma ihletett \u2013, amelyet \u00faj, sz\u00f6gletes LED-ek szeg\u00e9lyeznek, amelyek az Y alak\u00fa f\u00e9nysz\u00f3r\u00f3kat v\u00e1ltj\u00e1k fel, valamint a sz\u00e9lesebb profil.<br \/>\nPierre Leclercq, a formatervez\u00e9s\u00e9rt felel\u0151s f\u0151n\u00f6k szerint a c\u00e9l az volt, hogy a C4 \u201etechnikaibb megjelen\u00e9s\u0171\u201d legyen, mik\u00f6zben \u201esz\u00e9lesebb \u00e9s vag\u00e1nyabb\u201d ki\u00e1ll\u00e1st is k\u00f6lcs\u00f6n\u00f6z neki. Amellett, hogy a h\u00e1ts\u00f3 embl\u00e9ma hely\u00e9t a \u201eCITRO\u00cbN\u201d vette \u00e1t \u2013 amely a Stellantis-csal\u00e1d t\u00f6bbi m\u00e1rk\u00e1j\u00e1t k\u00f6veti, \u00e9s val\u00f3di pr\u00e9mium jelleget k\u00f6lcs\u00f6n\u00f6z ezeknek az aut\u00f3knak \u2013, valamint a ker\u00e9k\u00edvek \u00e9s k\u00fcsz\u00f6b\u00f6k k\u00f6r\u00fcli vaskos m\u0171anyag burkolat \u00faj diz\u00e1jnnal rendelkezik, minim\u00e1lis egy\u00e9b eml\u00edt\u00e9sre m\u00e9lt\u00f3 formai v\u00e1ltoztat\u00e1s t\u00f6rt\u00e9nt.<\/p>\n<p>Ami teh\u00e1t megmarad, azok az aut\u00f3 kiemelked\u0151 jellemz\u0151i, mint a megemelt hasmagass\u00e1g, a magas motorh\u00e1ztet\u0151 \u00e9s a megemelt \u00f6vvonalak, amelyek egy kompakt SUV megjelen\u00e9s\u00e9t k\u00f6lcs\u00f6n\u00f6zik neki, mivel t\u00f6bb mint 150 mm-rel van a talajt\u00f3l (ami sok egy standard ferdeh\u00e1t\u00fahoz k\u00e9pest).<br \/>\nA Citro\u00ebn hatf\u00e9le k\u00fcls\u0151 sz\u00ednt, k\u00e9tt\u00f3nus\u00fa tet\u0151t (kiz\u00e1r\u00f3lag a cs\u00facskateg\u00f3ri\u00e1s Max felszerelts\u00e9gi szinten) \u00e9s k\u00e9tf\u00e9le sz\u00ednes klipszet k\u00edn\u00e1l \u2013 egy v\u00e9kony cs\u00edkot, amely lehet\u0151v\u00e9 teszi a tulajdonosok sz\u00e1m\u00e1ra, hogy szem\u00e9lyre szabj\u00e1k aut\u00f3jukat \u2013 mondja a Citro\u00ebn, \u00e9s a Max felszerelts\u00e9gi szint\u0171 tesztaut\u00f3nk arany sz\u00edne val\u00f3ban kiemelkedett. A k\u00f6nny\u0171f\u00e9m ker\u00e9kt\u00e1rcs\u00e1k alapfelszerelts\u00e9gk\u00e9nt 18 colosak a teljes k\u00edn\u00e1latban.<\/p>\n","protected":false},"excerpt":{"rendered":"<p>&#8222;Az utols\u00f3 sim\u00edt\u00e1sokat v\u00e9gzem a 2025 november havi kieg\u00e9sz\u00edt\u0151 nyugd\u00edjemel\u00e9sr\u0151l sz\u00f3l\u00f3 korm\u00e1nyrendeleten. Az infl\u00e1ci\u00f3 magasabb lett, mint el\u0151re jelezt\u00e9k, ez\u00e9rt&#8230; <span class=\"gridview-grid-post-read-more\"><a href=\"https:\/\/online-filmkatarzis.com\/kucko\/hirek\/itt-van-orban-viktor-bejelentese-a-nyugdijakrol\/\">read more<span class=\"gridview-sr-only\"> Itt van Orb\u00e1n Viktor bejelent\u00e9se a nyugd\u00edjakr\u00f3l!<\/span><\/a><\/span><\/p>\n","protected":false},"author":1,"featured_media":4337,"comment_status":"open","ping_status":"open","sticky":false,"template":"","format":"standard","meta":{"footnotes":""},"categories":[1],"tags":[],"class_list":["post-4336","post","type-post","status-publish","format-standard","has-post-thumbnail","hentry","category-egyeb","wpcat-1-id"],"_links":{"self":[{"href":"https:\/\/online-filmkatarzis.com\/kucko\/hirek\/wp-json\/wp\/v2\/posts\/4336","targetHints":{"allow":["GET"]}}],"collection":[{"href":"https:\/\/online-filmkatarzis.com\/kucko\/hirek\/wp-json\/wp\/v2\/posts"}],"about":[{"href":"https:\/\/online-filmkatarzis.com\/kucko\/hirek\/wp-json\/wp\/v2\/types\/post"}],"author":[{"embeddable":true,"href":"https:\/\/online-filmkatarzis.com\/kucko\/hirek\/wp-json\/wp\/v2\/users\/1"}],"replies":[{"embeddable":true,"href":"https:\/\/online-filmkatarzis.com\/kucko\/hirek\/wp-json\/wp\/v2\/comments?post=4336"}],"version-history":[{"count":1,"href":"https:\/\/online-filmkatarzis.com\/kucko\/hirek\/wp-json\/wp\/v2\/posts\/4336\/revisions"}],"predecessor-version":[{"id":4338,"href":"https:\/\/online-filmkatarzis.com\/kucko\/hirek\/wp-json\/wp\/v2\/posts\/4336\/revisions\/4338"}],"wp:featuredmedia":[{"embeddable":true,"href":"https:\/\/online-filmkatarzis.com\/kucko\/hirek\/wp-json\/wp\/v2\/media\/4337"}],"wp:attachment":[{"href":"https:\/\/online-filmkatarzis.com\/kucko\/hirek\/wp-json\/wp\/v2\/media?parent=4336"}],"wp:term":[{"taxonomy":"category","embeddable":true,"href":"https:\/\/online-filmkatarzis.com\/kucko\/hirek\/wp-json\/wp\/v2\/categories?post=4336"},{"taxonomy":"post_tag","embeddable":true,"href":"https:\/\/online-filmkatarzis.com\/kucko\/hirek\/wp-json\/wp\/v2\/tags?post=4336"}],"curies":[{"name":"wp","href":"https:\/\/api.w.org\/{rel}","templated":true}]}}