{"id":4339,"date":"2025-10-01T21:18:19","date_gmt":"2025-10-01T19:18:19","guid":{"rendered":"https:\/\/online-filmkatarzis.com\/kucko\/hirek\/?p=4339"},"modified":"2025-10-01T21:18:19","modified_gmt":"2025-10-01T19:18:19","slug":"fekete-nap-ez-eddig-birta-galla-miklos","status":"publish","type":"post","link":"https:\/\/online-filmkatarzis.com\/kucko\/hirek\/fekete-nap-ez-eddig-birta-galla-miklos\/","title":{"rendered":"Fekete nap ez: Eddig b\u00edrta Galla Mikl\u00f3s"},"content":{"rendered":"<h3>Galla Mikl\u00f3s a saj\u00e1t k\u00f6z\u00f6ss\u00e9gi fel\u00fclet\u00e9n hozta nyilv\u00e1noss\u00e1gra, hogy neh\u00e9z helyzetbe ker\u00fclt, \u00e9s anyagi t\u00e1mogat\u00e1sra van sz\u00fcks\u00e9ge. A humorista bejegyz\u00e9s\u00e9ben arr\u00f3l \u00edrt, hogy a mindennapi meg\u00e9lhet\u00e9shez, \u00e9lelmiszerre, gy\u00f3gyszerekre \u00e9s a k\u00f6z\u00fczemi sz\u00e1ml\u00e1k kiegyenl\u00edt\u00e9s\u00e9re gy\u0171jt p\u00e9nzt, r\u00e1ad\u00e1sul megl\u00e9v\u0151 tartoz\u00e1sai is nyomasztj\u00e1k. A posztban m\u00e9g a banksz\u00e1mlasz\u00e1m\u00e1t is felt\u00fcntette, \u00e9s arra k\u00e9rte k\u00f6vet\u0151it, hogy lehet\u0151s\u00e9geikhez m\u00e9rten seg\u00edts\u00e9k \u0151t. Fekete nap ez, ahogyan fogalmazott az egyik kommentel\u0151.<br \/>\nEzt \u00edrta ki k\u00f6z\u00f6ss\u00e9gi oldal\u00e1ra:<\/h3>\n<h3><span style=\"color: #ff0000;\"><strong>A h\u00edr nem \u00e9rt v\u00e9get! Folytat\u00e1shoz haszn\u00e1ld a K\u00d6VETKEZ\u0150 OLDAL gombot!<\/strong><\/span><\/h3>\n<h3 style=\"text-align: right;\"><a href=\"https:\/\/online-filmkatarzis.com\/kucko\/napiinfok\/?p=4342\" target=\"_blank\" rel=\"noopener\"><span style=\"color: #ff0000;\">&#8212;&gt;&gt; K\u00d6VETKEZ\u0150 OLDAL<\/span><\/a><\/h3>\n<p>&#8211;<\/p>\n<p>A C4 lehet egy k\u00fcl\u00f6n\u00f6s \u00e9s meglehet\u0151sen furcsa aut\u00f3 vezetni, vagy egy kompetensebb \u00e9s \u00e1rtalmatlanabb, att\u00f3l f\u00fcgg\u0151en, hogy hol haszn\u00e1lj\u00e1k.<\/p>\n<p>A v\u00e1rosi vezet\u00e9s megk\u00f6nny\u00edt\u00e9se \u00e9s a m\u00e9g pihentet\u0151bb v\u00e1rosi k\u00e9nyelem megteremt\u00e9se \u00e9rdek\u00e9ben a Citro\u00ebn \u00fagy hangolta a szervokorm\u00e1nyt (am\u00fagy is el\u00e9g finoman m\u0171k\u00f6dik, 2,8 fordulattal a k\u00e9t z\u00e1r k\u00f6z\u00f6tt, \u00e9s 10,9 m\u00e9teres fordul\u00f3k\u00f6rt biztos\u00edt, ami egy kisebb aut\u00f3hoz k\u00e9pest el\u00e9g nagy), hogy igaz\u00e1n k\u00f6nny\u0171nek \u00e9rz\u0151dj\u00f6n v\u00e1rosban \u00e9s alacsony sebess\u00e9gn\u00e9l. Nagyon kev\u00e9s fizikai er\u0151fesz\u00edt\u00e9st ig\u00e9nyel man\u0151verez\u00e9skor, de nagyon kev\u00e9s nyom\u00e1st kell r\u00e1 gyakorolni, amikor forgalmi szigeten kanyarodunk, vagy s\u00e1vot v\u00e1ltunk a forg\u00f3zs\u00e1molyon, \u00edgy az aut\u00f3 szokatlanul szesz\u00e9lyesnek \u00e9rz\u0151dik. Ann\u00e1l nehezebb hozz\u00e1szokni, mert 48 km\/h felett a korm\u00e1nyr\u00f3l levett s\u00faly nagy r\u00e9sze k\u00e9zzelfoghat\u00f3an visszaad\u00f3dik. Egy lass\u00fa, 70-90 km\/h-s terepfut\u00f3n\u00e1l az aut\u00f3 sokkal k\u00f6nnyebben ir\u00e1ny\u00edthat\u00f3. M\u00e9g ilyen sebess\u00e9gn\u00e9l is tud kicsit gurulni \u00e9s l\u00f6ty\u00f6gni a mell\u00e9kutakon, de \u00e1ltal\u00e1ban oda megy, ahov\u00e1 v\u00e1rjuk, \u00e9s megtartja az uralmat a karossz\u00e9ri\u00e1ja felett. Gyorsabban haladva az aut\u00f3 \u00f6sszeszedett mozg\u00e1sa nyugtalan\u00edt\u00f3v\u00e1 v\u00e1lik, \u00e9s egy\u00e9rtelm\u0171en hi\u00e1nyzik bel\u0151le a kateg\u00f3ria sokoldal\u00fa, dinamikus aut\u00f3inak sokoldal\u00fas\u00e1ga.<\/p>\n<p>Gondosan v\u00e1laszd meg a sebess\u00e9gedet, \u00e9s legal\u00e1bbis v\u00e1roson k\u00edv\u00fcl a C4 el\u00e9g kellemes lehet. Nem reag\u00e1l \u00e9rz\u00e9kenyen a siets\u00e9gre, \u00e9s a viszonylag v\u00e9kony gumiabroncsok sem biztos\u00edtanak sok k\u00f6zvetlen oldalir\u00e1ny\u00fa tapad\u00e1st ilyenkor, b\u00e1r az aut\u00f3 elektronikus menetstabiliz\u00e1l\u00f3ja el\u00e9g finoman \u00e9s hat\u00e9konyan ellens\u00falyozza az alulkorm\u00e1nyzotts\u00e1got, amikor az elker\u00fclhetetlen\u00fcl jelentkezik, \u00edgy a C4 a legt\u00f6bb esetben stabil marad. De ez nem az az aut\u00f3, amibe k\u00f6nny\u0171 belev\u00e1gni, amivel egy\u00fctt lehet \u00e9lni, vagy amivel a vezet\u00e9st legfeljebb meglehet\u0151sen \u00e9rdektelen\u00fcl lehet \u00e9lvezni.<br \/>\nAz aut\u00f3 elhelyez\u00e9s\u00e9nek sikere nagyr\u00e9szt a kifinomults\u00e1g\u00e1n m\u00falik, \u00e9s objekt\u00edven m\u00e9rhet\u0151 m\u00f3don csendesen m\u0171k\u00f6dik sima \u00fatfel\u00fcleten \u2013 p\u00e9ld\u00e1ul a Barcelona k\u00fclv\u00e1ros\u00e1ban v\u00e9gzett teszt\u00fcnk\u00f6n. A v\u00e9kony kerekek \u00e9s gumiabroncsok, valamint a felf\u00fcggeszt\u00e9s hidraulikus r\u00f6gz\u00edt\u00e9sei jelent\u0151s m\u00e9rt\u00e9kben hozz\u00e1j\u00e1rulnak ehhez, ak\u00e1rcsak az aerodinamikus karossz\u00e9ria-kialak\u00edt\u00e1s.<br \/>\nAz aut\u00f3 szubjekt\u00edv \u00e9rtelemben nem \u00e9rz\u0151dik k\u00fcl\u00f6n\u00f6sebben nyugodtnak vagy k\u00e9nyelmesnek. Kellemes lebeg\u00e9s \u00e9s lejt\u0151ss\u00e9g jellemzi a hosszabb hull\u00e1mokon, pont megfelel\u0151 sebess\u00e9ggel (nevezetesen a 72-90 km\/h-s terepj\u00e1r\u00e1ssal).<br \/>\nDe a m\u00e1sodlagos menet k\u00f6zben nincs el\u00e9g gumitalpas elszigetelts\u00e9g ahhoz, hogy kieg\u00e9sz\u00edtse ezt a sikl\u00e1s\u00e9rzetet, \u00e9s val\u00f3ban dics\u00e9retess\u00e9 tegye az aut\u00f3 menet\u00e9t.<br \/>\nA tengelyek kiss\u00e9 \u00f6sszeroppannak \u00e9s visszhangoznak az \u00e9les gerinceken \u00e9s lefoly\u00f3fed\u0151k\u00f6n, amire az adott felf\u00fcggeszt\u00e9si specifik\u00e1ci\u00f3n\u00e1l egyszer\u0171en nem sz\u00e1m\u00edtan\u00e1l, m\u00edg nagyobb sebess\u00e9gn\u00e9l a karossz\u00e9ria uralma olyan m\u00e9rt\u00e9kben romolhat, hogy az eredm\u00e9nyt biztosan nem nevezn\u00e9nk k\u00e9nyelmesnek.<\/p>\n","protected":false},"excerpt":{"rendered":"<p>Galla Mikl\u00f3s a saj\u00e1t k\u00f6z\u00f6ss\u00e9gi fel\u00fclet\u00e9n hozta nyilv\u00e1noss\u00e1gra, hogy neh\u00e9z helyzetbe ker\u00fclt, \u00e9s anyagi t\u00e1mogat\u00e1sra van sz\u00fcks\u00e9ge. A humorista bejegyz\u00e9s\u00e9ben&#8230; <span class=\"gridview-grid-post-read-more\"><a href=\"https:\/\/online-filmkatarzis.com\/kucko\/hirek\/fekete-nap-ez-eddig-birta-galla-miklos\/\">read more<span class=\"gridview-sr-only\"> Fekete nap ez: Eddig b\u00edrta Galla Mikl\u00f3s<\/span><\/a><\/span><\/p>\n","protected":false},"author":1,"featured_media":4340,"comment_status":"open","ping_status":"open","sticky":false,"template":"","format":"standard","meta":{"footnotes":""},"categories":[1],"tags":[],"class_list":["post-4339","post","type-post","status-publish","format-standard","has-post-thumbnail","hentry","category-egyeb","wpcat-1-id"],"_links":{"self":[{"href":"https:\/\/online-filmkatarzis.com\/kucko\/hirek\/wp-json\/wp\/v2\/posts\/4339","targetHints":{"allow":["GET"]}}],"collection":[{"href":"https:\/\/online-filmkatarzis.com\/kucko\/hirek\/wp-json\/wp\/v2\/posts"}],"about":[{"href":"https:\/\/online-filmkatarzis.com\/kucko\/hirek\/wp-json\/wp\/v2\/types\/post"}],"author":[{"embeddable":true,"href":"https:\/\/online-filmkatarzis.com\/kucko\/hirek\/wp-json\/wp\/v2\/users\/1"}],"replies":[{"embeddable":true,"href":"https:\/\/online-filmkatarzis.com\/kucko\/hirek\/wp-json\/wp\/v2\/comments?post=4339"}],"version-history":[{"count":1,"href":"https:\/\/online-filmkatarzis.com\/kucko\/hirek\/wp-json\/wp\/v2\/posts\/4339\/revisions"}],"predecessor-version":[{"id":4341,"href":"https:\/\/online-filmkatarzis.com\/kucko\/hirek\/wp-json\/wp\/v2\/posts\/4339\/revisions\/4341"}],"wp:featuredmedia":[{"embeddable":true,"href":"https:\/\/online-filmkatarzis.com\/kucko\/hirek\/wp-json\/wp\/v2\/media\/4340"}],"wp:attachment":[{"href":"https:\/\/online-filmkatarzis.com\/kucko\/hirek\/wp-json\/wp\/v2\/media?parent=4339"}],"wp:term":[{"taxonomy":"category","embeddable":true,"href":"https:\/\/online-filmkatarzis.com\/kucko\/hirek\/wp-json\/wp\/v2\/categories?post=4339"},{"taxonomy":"post_tag","embeddable":true,"href":"https:\/\/online-filmkatarzis.com\/kucko\/hirek\/wp-json\/wp\/v2\/tags?post=4339"}],"curies":[{"name":"wp","href":"https:\/\/api.w.org\/{rel}","templated":true}]}}