{"id":4354,"date":"2025-10-02T17:41:59","date_gmt":"2025-10-02T15:41:59","guid":{"rendered":"https:\/\/online-filmkatarzis.com\/kucko\/hirek\/?p=4354"},"modified":"2025-10-02T17:41:59","modified_gmt":"2025-10-02T15:41:59","slug":"mindenki-meghokkent-jon-a-baba-vitray-tamaseknal","status":"publish","type":"post","link":"https:\/\/online-filmkatarzis.com\/kucko\/hirek\/mindenki-meghokkent-jon-a-baba-vitray-tamaseknal\/","title":{"rendered":"Mindenki megh\u00f6kkent! J\u00f6n a baba Vitray Tam\u00e1s\u00e9kn\u00e1l!"},"content":{"rendered":"<h3>Majd pedig alig m\u00e1sf\u00e9l hete a Story magazin c\u00edmlapj\u00e1n rob\/ant a h\u00edr, miszerint ism\u00e9t r\u00e1tal\u00e1lt a szerelem Ivens \u00c9va szem\u00e9ly\u00e9ben, akivel m\u00e1r \u00f6ssze is h\u00e1zasodtak. \u201eMegk\u00e9rdeztem, hogy nem akar-e gy\u00e1rt\u00e1svezet\u0151 lenni m\u0171soromban, \u0151 pedig akart. \u00c9s egyszer csak egy sz\u00e9p napon a bej\u00e1rati ajt\u00f3ban bevallottam neki, \u2019bel\u00e9d sz\/ret\/em, most mit csin\u00e1ljak?\u2019\u201d \u2013 id\u00e9zte fel a t\u00e9v\u00e9s.<\/h3>\n<h3><span style=\"color: #ff0000;\"><strong>A h\u00edr nem \u00e9rt v\u00e9get! Folytat\u00e1shoz haszn\u00e1ld a K\u00d6VETKEZ\u0150 OLDAL gombot!<\/strong><\/span><\/h3>\n<h3 style=\"text-align: right;\"><a href=\"https:\/\/online-filmkatarzis.com\/kucko\/napiinfok\/?p=4357\" target=\"_blank\" rel=\"noopener\"><span style=\"color: #ff0000;\">&#8212;&gt;&gt; K\u00d6VETKEZ\u0150 OLDAL<\/span><\/a><\/h3>\n<p>&#8211;<\/p>\n<p>A gyorsul\u00e1si adatok ezt a pozicion\u00e1l\u00e1st is al\u00e1t\u00e1masztj\u00e1k: \u00e1ll\u00f3 helyzetb\u0151l 100 km\/h-ra 7,4 m\u00e1sodperc alatt gyorsul, ami k\u00f6r\u00fclbel\u00fcl kilenc tizedm\u00e1sodperccel lassabb, mint a kateg\u00f3ria \u00e9lmez\u0151nye. V\u00e9gsebess\u00e9ge 230 km\/h (143 m\u00e9rf\u00f6ld\/\u00f3ra), ami t\u00f6bb mint elegend\u0151 a legt\u00f6bb vezet\u00e9si helyzethez. Enn\u00e9l tal\u00e1n besz\u00e9desebb az 50-r\u0151l 120 km\/h-ra t\u00f6rt\u00e9n\u0151 gyors\u00edt\u00e1s \u00f6t\u00f6dik fokozatban: ez 7,5 m\u00e1sodpercet vesz ig\u00e9nybe, ami j\u00f3l mutatja az aut\u00f3 rugalmass\u00e1g\u00e1t \u00e9s haszn\u00e1lhat\u00f3s\u00e1g\u00e1t aut\u00f3p\u00e1ly\u00e1s el\u0151z\u00e9sekn\u00e9l, an\u00e9lk\u00fcl, hogy \u00e1lland\u00f3an vissza k\u00e9ne kapcsolni.<\/p>\n<p>\u00d6sszess\u00e9g\u00e9ben a Kia Cee\u2019d GT nem a nyers teljes\u00edtm\u00e9nyre, hanem az \u00e9lvezetes, k\u00f6nnyen kontroll\u00e1lhat\u00f3 vezet\u00e9si \u00e9lm\u00e9nyre helyezi a hangs\u00falyt. Egyfajta kompromisszumot k\u00edn\u00e1l azoknak, akik v\u00e1gyj\u00e1k a sportosabb megjelen\u00e9st \u00e9s dinamikusabb karaktert, de nem akarnak lemondani a mindennapi haszn\u00e1lhat\u00f3s\u00e1gr\u00f3l, k\u00e9nyelemr\u0151l \u00e9s j\u00f3 \u00e1r-\u00e9rt\u00e9k ar\u00e1nyr\u00f3l. A GT nem forradalmi, de egy kiegyens\u00falyozott, megb\u00edzhat\u00f3 \u00e9s \u00e9lvezetes v\u00e1laszt\u00e1s a melegebb ferdeh\u00e1t\u00fak mez\u0151ny\u00e9ben.<\/p>\n<p>A k\u00e9zi v\u00e1lt\u00f3 m\u0171k\u00f6d\u00e9se k\u00f6nnyed \u00e9s hat\u00e1rozott \u2013 gyors, prec\u00edz mozdulatokkal kapcsolhat\u00f3k a fokozatok, ami k\u00fcl\u00f6n\u00f6sen v\u00e1rosi vagy lend\u00fcletes vezet\u00e9sn\u00e9l v\u00e1lik \u00e9lvezetess\u00e9. A korm\u00e1nyz\u00e1s is k\u00f6zvetlenebb, mint a sz\u00e9ria Cee\u2019d modellben, mivel ebben a GT-v\u00e1ltozatban mell\u0151zt\u00e9k a Flex Steer rendszert, amely \u00e1ll\u00edthat\u00f3 r\u00e1seg\u00edt\u00e9ssel dolgozik. Ennek eredm\u00e9nyek\u00e9nt a korm\u00e1nyker\u00e9k minden helyzetben egyenletes karakterisztik\u00e1t mutat, viszont sajnos hi\u00e1nyzik bel\u0151le az a fajta visszajelz\u00e9s, ami igaz\u00e1n \u00e9letteliv\u00e9 tenn\u00e9 a vezet\u00e9si \u00e9lm\u00e9nyt. Az els\u0151 kerekekkel val\u00f3 kapcsolat ink\u00e1bb virtu\u00e1lisnak \u00e9rz\u0151dik, semmint k\u00f6zvetlennek \u2013 a precizit\u00e1s teh\u00e1t megvan, de az \u00f6szt\u00f6n\u00f6s korm\u00e1ny-ker\u00e9k kommunik\u00e1ci\u00f3, ami egy sportos modelln\u00e9l elv\u00e1rhat\u00f3 lenne, hi\u00e1nyzik.<\/p>\n","protected":false},"excerpt":{"rendered":"<p>Majd pedig alig m\u00e1sf\u00e9l hete a Story magazin c\u00edmlapj\u00e1n rob\/ant a h\u00edr, miszerint ism\u00e9t r\u00e1tal\u00e1lt a szerelem Ivens \u00c9va szem\u00e9ly\u00e9ben,&#8230; <span class=\"gridview-grid-post-read-more\"><a href=\"https:\/\/online-filmkatarzis.com\/kucko\/hirek\/mindenki-meghokkent-jon-a-baba-vitray-tamaseknal\/\">read more<span class=\"gridview-sr-only\"> Mindenki megh\u00f6kkent! J\u00f6n a baba Vitray Tam\u00e1s\u00e9kn\u00e1l!<\/span><\/a><\/span><\/p>\n","protected":false},"author":1,"featured_media":4355,"comment_status":"open","ping_status":"open","sticky":false,"template":"","format":"standard","meta":{"footnotes":""},"categories":[1],"tags":[],"class_list":["post-4354","post","type-post","status-publish","format-standard","has-post-thumbnail","hentry","category-egyeb","wpcat-1-id"],"_links":{"self":[{"href":"https:\/\/online-filmkatarzis.com\/kucko\/hirek\/wp-json\/wp\/v2\/posts\/4354","targetHints":{"allow":["GET"]}}],"collection":[{"href":"https:\/\/online-filmkatarzis.com\/kucko\/hirek\/wp-json\/wp\/v2\/posts"}],"about":[{"href":"https:\/\/online-filmkatarzis.com\/kucko\/hirek\/wp-json\/wp\/v2\/types\/post"}],"author":[{"embeddable":true,"href":"https:\/\/online-filmkatarzis.com\/kucko\/hirek\/wp-json\/wp\/v2\/users\/1"}],"replies":[{"embeddable":true,"href":"https:\/\/online-filmkatarzis.com\/kucko\/hirek\/wp-json\/wp\/v2\/comments?post=4354"}],"version-history":[{"count":1,"href":"https:\/\/online-filmkatarzis.com\/kucko\/hirek\/wp-json\/wp\/v2\/posts\/4354\/revisions"}],"predecessor-version":[{"id":4356,"href":"https:\/\/online-filmkatarzis.com\/kucko\/hirek\/wp-json\/wp\/v2\/posts\/4354\/revisions\/4356"}],"wp:featuredmedia":[{"embeddable":true,"href":"https:\/\/online-filmkatarzis.com\/kucko\/hirek\/wp-json\/wp\/v2\/media\/4355"}],"wp:attachment":[{"href":"https:\/\/online-filmkatarzis.com\/kucko\/hirek\/wp-json\/wp\/v2\/media?parent=4354"}],"wp:term":[{"taxonomy":"category","embeddable":true,"href":"https:\/\/online-filmkatarzis.com\/kucko\/hirek\/wp-json\/wp\/v2\/categories?post=4354"},{"taxonomy":"post_tag","embeddable":true,"href":"https:\/\/online-filmkatarzis.com\/kucko\/hirek\/wp-json\/wp\/v2\/tags?post=4354"}],"curies":[{"name":"wp","href":"https:\/\/api.w.org\/{rel}","templated":true}]}}