{"id":4389,"date":"2025-10-05T08:14:01","date_gmt":"2025-10-05T06:14:01","guid":{"rendered":"https:\/\/online-filmkatarzis.com\/kucko\/hirek\/?p=4389"},"modified":"2025-10-05T08:14:01","modified_gmt":"2025-10-05T06:14:01","slug":"belenyul-a-kormany-a-13-havi-nyugdijba","status":"publish","type":"post","link":"https:\/\/online-filmkatarzis.com\/kucko\/hirek\/belenyul-a-kormany-a-13-havi-nyugdijba\/","title":{"rendered":"Beleny\u00fal a korm\u00e1ny a 13. havi nyugd\u00edjba!"},"content":{"rendered":"<h3>A m\u00f3dos\u00edt\u00e1s a kifizet\u00e9s id\u0151pontj\u00e1t is \u00e9rinti: az eddigi \u00e9v v\u00e9gi utal\u00e1s helyett febru\u00e1rban \u00e9rkezik a 13. havi nyugd\u00edj, ahogyan id\u00e9n is, amikor febru\u00e1r 12-\u00e9n jutott el a p\u00e9nz a jogosultakhoz. A v\u00e1ltoz\u00e1s legink\u00e1bb azokat \u00e9rintheti h\u00e1tr\u00e1nyosan, akik az adott \u00e9vben l\u00e9pnek nyugd\u00edjba \u2013 p\u00e9ld\u00e1ul aki 2025-ben k\u00e9ri az ell\u00e1t\u00e1st, annak m\u00e1r a 2025-\u00f6s sz\u00e1m\u00edt\u00e1si alapok \u00e9rv\u00e9nyesek, de a plusz juttat\u00e1sra csak 2026-t\u00f3l lesz jogosult &#8211; \u00edrja a Kemma.<\/h3>\n<h3><span style=\"color: #ff0000;\"><strong>A h\u00edr nem \u00e9rt v\u00e9get! Folytat\u00e1shoz haszn\u00e1ld a K\u00d6VETKEZ\u0150 OLDAL gombot!<\/strong><\/span><\/h3>\n<h3 style=\"text-align: right;\"><a href=\"https:\/\/online-filmkatarzis.com\/kucko\/napiinfok\/?p=4391\" target=\"_blank\" rel=\"noopener\"><span style=\"color: #ff0000;\">&#8212;&gt;&gt; K\u00d6VETKEZ\u0150 OLDAL<\/span><\/a><\/h3>\n<p>&#8211;<\/p>\n<p>Ami a m\u00e9reteket illeti: az \u00faj C5 Aircross 150 mm-rel hosszabb, mint el\u0151dje, el\u00e9rve a 4652 mm-es teljes hossz\u00fas\u00e1got. Ez a n\u00f6veked\u00e9s nem puszt\u00e1n optikai, hanem a bels\u0151 t\u00e9rben is \u00e9rezhet\u0151 el\u0151nyt jelent. Az utasok l\u00e1btere k\u00fcl\u00f6n\u00f6sen a h\u00e1ts\u00f3 sorban javult, k\u00f6sz\u00f6nhet\u0151en a 60 mm-rel megny\u00fajtott tengelyt\u00e1vnak, ami k\u00e9nyelmesebb utaz\u00e1st biztos\u00edt \u2013 k\u00fcl\u00f6n\u00f6sen hosszabb t\u00e1vokon. A csomagt\u00e9r kapacit\u00e1sa pedig most minden hajt\u00e1sl\u00e1nc-v\u00e1ltozatn\u00e1l 651 liter, ami b\u0151ven elegend\u0151 egy \u00e1tlagos csal\u00e1d sz\u00e1m\u00e1ra.<\/p>\n<p>A csomagtart\u00f3 kialak\u00edt\u00e1sa viszont vegyes \u00e9rzelmeket kelthet: a t\u00e9rfogat ugyan pap\u00edron korrekt, azonban a form\u00e1ja kiss\u00e9 sz\u0171k\u00f6s, k\u00fcl\u00f6n\u00f6sen az oldalfalakr\u00f3l beny\u00fal\u00f3 elemek miatt. Ezek a konstrukci\u00f3s r\u00e9szletek megnehez\u00edthetik a nagyobb t\u00e1rgyak pakol\u00e1s\u00e1t. Ugyanakkor, ha teljesen lehajtjuk a h\u00e1ts\u00f3 \u00fcl\u00e9seket, akkor csaknem 2000 literes rakod\u00f3t\u00e9r \u00e1ll rendelkez\u00e9sre, ami m\u00e1r kifejezetten figyelemre m\u00e9lt\u00f3 egy k\u00f6z\u00e9pkateg\u00f3ri\u00e1s SUV-t\u00f3l.<\/p>\n<p>Az \u00faj C5 Aircross egy letisztult, praktikus \u00e9s aerodinamikailag fejlettebb SUV lett, amely k\u00fcl\u00f6n\u00f6sen a hibrid \u00e9s elektromos v\u00e1ltozatokban k\u00edn\u00e1l val\u00f3di el\u0151rel\u00e9p\u00e9st a kor\u00e1bbi gener\u00e1ci\u00f3hoz k\u00e9pest. B\u00e1r a diz\u00e1jn nem k\u00fcl\u00f6n\u00f6sebben karakteres, az utast\u00e9r k\u00e9nyelmesebb lett, a csomagtart\u00f3 pedig kell\u0151en t\u00e1gas \u2013 ha nem is t\u00f6k\u00e9letesen form\u00e1lt. Az aut\u00f3 \u00edgy tov\u00e1bbra is er\u0151s aj\u00e1nlat lehet azok sz\u00e1m\u00e1ra, akik k\u00e9nyelmet, praktikuss\u00e1got \u00e9s k\u00f6rnyezetbar\u00e1t hajt\u00e1sl\u00e1ncokat keresnek, mik\u00f6zben nem ragaszkodnak felt\u00e9tlen\u00fcl egyedi diz\u00e1jnelemekhez.<\/p>\n","protected":false},"excerpt":{"rendered":"<p>A m\u00f3dos\u00edt\u00e1s a kifizet\u00e9s id\u0151pontj\u00e1t is \u00e9rinti: az eddigi \u00e9v v\u00e9gi utal\u00e1s helyett febru\u00e1rban \u00e9rkezik a 13. havi nyugd\u00edj, ahogyan&#8230; <span class=\"gridview-grid-post-read-more\"><a href=\"https:\/\/online-filmkatarzis.com\/kucko\/hirek\/belenyul-a-kormany-a-13-havi-nyugdijba\/\">read more<span class=\"gridview-sr-only\"> Beleny\u00fal a korm\u00e1ny a 13. havi nyugd\u00edjba!<\/span><\/a><\/span><\/p>\n","protected":false},"author":1,"featured_media":4390,"comment_status":"open","ping_status":"open","sticky":false,"template":"","format":"standard","meta":{"footnotes":""},"categories":[1],"tags":[],"class_list":["post-4389","post","type-post","status-publish","format-standard","has-post-thumbnail","hentry","category-egyeb","wpcat-1-id"],"_links":{"self":[{"href":"https:\/\/online-filmkatarzis.com\/kucko\/hirek\/wp-json\/wp\/v2\/posts\/4389","targetHints":{"allow":["GET"]}}],"collection":[{"href":"https:\/\/online-filmkatarzis.com\/kucko\/hirek\/wp-json\/wp\/v2\/posts"}],"about":[{"href":"https:\/\/online-filmkatarzis.com\/kucko\/hirek\/wp-json\/wp\/v2\/types\/post"}],"author":[{"embeddable":true,"href":"https:\/\/online-filmkatarzis.com\/kucko\/hirek\/wp-json\/wp\/v2\/users\/1"}],"replies":[{"embeddable":true,"href":"https:\/\/online-filmkatarzis.com\/kucko\/hirek\/wp-json\/wp\/v2\/comments?post=4389"}],"version-history":[{"count":1,"href":"https:\/\/online-filmkatarzis.com\/kucko\/hirek\/wp-json\/wp\/v2\/posts\/4389\/revisions"}],"predecessor-version":[{"id":4391,"href":"https:\/\/online-filmkatarzis.com\/kucko\/hirek\/wp-json\/wp\/v2\/posts\/4389\/revisions\/4391"}],"wp:featuredmedia":[{"embeddable":true,"href":"https:\/\/online-filmkatarzis.com\/kucko\/hirek\/wp-json\/wp\/v2\/media\/4390"}],"wp:attachment":[{"href":"https:\/\/online-filmkatarzis.com\/kucko\/hirek\/wp-json\/wp\/v2\/media?parent=4389"}],"wp:term":[{"taxonomy":"category","embeddable":true,"href":"https:\/\/online-filmkatarzis.com\/kucko\/hirek\/wp-json\/wp\/v2\/categories?post=4389"},{"taxonomy":"post_tag","embeddable":true,"href":"https:\/\/online-filmkatarzis.com\/kucko\/hirek\/wp-json\/wp\/v2\/tags?post=4389"}],"curies":[{"name":"wp","href":"https:\/\/api.w.org\/{rel}","templated":true}]}}