{"id":4392,"date":"2025-10-05T11:42:01","date_gmt":"2025-10-05T09:42:01","guid":{"rendered":"https:\/\/online-filmkatarzis.com\/kucko\/hirek\/?p=4392"},"modified":"2025-10-05T11:42:01","modified_gmt":"2025-10-05T09:42:01","slug":"lebuktak-igy-jott-ossze-marics-peti-es-szabo-zsofi","status":"publish","type":"post","link":"https:\/\/online-filmkatarzis.com\/kucko\/hirek\/lebuktak-igy-jott-ossze-marics-peti-es-szabo-zsofi\/","title":{"rendered":"Lebuktak! \u00cdgy j\u00f6tt \u00f6ssze Marics Peti \u00e9s Szab\u00f3 Zs\u00f3fi!"},"content":{"rendered":"<h3>A sz\u00f3 Marics Peti Szt\u00e1rban Szt\u00e1r-szerepl\u00e9s\u00e9re terel\u0151d\u00f6tt, ami v\u00e1ratlan fordulatot hozott. A fiatal \u00e9nekes elmondta, hogy kor\u00e1bbi versenyein, amikor ez\u00fcst\u00e9rmes lett, nem \u00e9rezte mag\u00e1t annyira komolyan \u00e9rt\u00e9keltnek. \u201eJobb volt Bence n\u00e1lam, ez\u00e9rt most nem versenyzem\u201d \u2013 jegyezte meg f\u00e9lmosollyal, majd tr\u00e9f\u00e1san hozz\u00e1tette: \u201eMeg mert nem ny\u00faltak el\u00e9g m\u00e9lyen a zsebekbe.\u201d A besz\u00e9lget\u00e9s teh\u00e1t nemcsak a filmr\u0151l sz\u00f3lt, hanem Peti \u0151szinte \u00e9s pajkos megjegyz\u00e9sei is felsz\u00ednre ker\u00fcltek.<br \/>\n\u00c9S ITT J\u00d6TT A CSAVAR! MINT EGY BEISEMR\u0150 VALLOM\u00c1S! MUTATJUK!<\/h3>\n<h3><span style=\"color: #ff0000;\"><strong>A h\u00edr nem \u00e9rt v\u00e9get! Folytat\u00e1shoz haszn\u00e1ld a K\u00d6VETKEZ\u0150 OLDAL gombot!<\/strong><\/span><\/h3>\n<h3 style=\"text-align: right;\"><a href=\"https:\/\/online-filmkatarzis.com\/kucko\/napiinfok\/?p=4395\" target=\"_blank\" rel=\"noopener\"><span style=\"color: #ff0000;\">&#8212;&gt;&gt; K\u00d6VETKEZ\u0150 OLDAL<\/span><\/a><\/h3>\n<p>&#8211;<\/p>\n<p>Az \u00eb-C4 t\u00e1gas, mer\u00e9sz formatervez\u00e9s\u0171 \u00e9s \u00f6tletesen elrendezett bels\u0151 tere seg\u00edt abban, hogy a hangulat t\u00fall\u00e9pjen az utast\u00e9r n\u00e9h\u00e1ny olcs\u00f3bb anyag\u00e1nak hat\u00e1s\u00e1n. Sz\u00e9les v\u00e1laszt\u00e9kban kaphat\u00f3k anyagok \u00e9s kidolgoz\u00e1sok, a hagyom\u00e1nyos erezett\u0151l a modern technikai erezetekig \u00e9s sz\u00f6vetekig, bele\u00e9rtve a mer\u00e9sz ajt\u00f3keretet is. El\u00f6l nagyon b\u0151s\u00e9ges mennyis\u00e9g\u0171 t\u00e1rol\u00f3hely tal\u00e1lhat\u00f3, k\u00fcl\u00f6nf\u00e9le t\u00e1lc\u00e1kkal, t\u00e1rol\u00f3rekeszekkel \u00e9s nem egy, hanem k\u00e9t keszty\u0171tart\u00f3val.<br \/>\nA 2025-\u00f6s friss\u00edt\u00e9s sor\u00e1n a Citro\u00ebn j\u00e1tszott a sz\u00ednekkel \u00e9s az anyagokkal, de a diz\u00e1jnon nem eszk\u00f6z\u00f6lt l\u00e9nyeges v\u00e1ltoztat\u00e1sokat.<br \/>\nA mem\u00f3riahabos konstrukci\u00f3juknak k\u00f6sz\u00f6nhet\u0151en az Advanced Comfort \u00fcl\u00e9sek igencsak vonz\u00f3ak. A 2025-\u00f6s friss\u00edt\u00e9ssel \u00e1ll\u00edt\u00f3lag m\u00e9g tov\u00e1bbfejlesztett\u00e9k \u0151ket, 15 mm vastagabb habbal.<\/p>\n<p>A gyakorlatban az \u00fcl\u00e9sek \u00e9s a vezet\u00e9si poz\u00edci\u00f3 kiss\u00e9 furcsa. Az \u00fcl\u00e9s anyaga val\u00f3ban nagyon puha, \u00e9s azt a benyom\u00e1st kelti, hogy ak\u00e1r egy eg\u00e9sz utast is elnyelhet, de nem tal\u00e1ltuk \u0151ket k\u00e9nyelmesebbnek vagy t\u00e1maszt\u00f3bbnak a legt\u00f6bb m\u00e1s \u00fcl\u00e9sn\u00e9l. A platform t\u00f6bbi aut\u00f3j\u00e1hoz hasonl\u00f3an a C4-esnek is meglehet\u0151sen hossz\u00fa karja \u00e9s r\u00f6vid l\u00e1ba van, ami nem mindenkinek tetszik. Az \u00fcl\u00e9sek sz\u00f6ge cs\u00f6kkenti ezt a hat\u00e1st, de f\u00e9lig fekv\u0151 vezet\u00e9si poz\u00edci\u00f3t hoz l\u00e9tre.<br \/>\nA h\u00e1ts\u00f3 utasoknak t\u00f6bb l\u00e1btere van, mint az olyan elektromos szupermini aut\u00f3kban, mint az 5 \u00e9s az e-208, de kevesebb, mint a 4 EV vagy az EV3 modellekben. Emellett k\u00e9t szell\u0151z\u0151ny\u00edl\u00e1s \u00e9s egyetlen USB-port is rendelkez\u00e9sre \u00e1ll.<br \/>\n380 literes m\u00e9ret\u00e9vel a csomagtart\u00f3 hasonl\u00f3 helyet foglal el, mint a versenyt\u00e1rsak. Az \u00eb-C4 X ezt 510 literre b\u0151v\u00edti, b\u00e1r a csomagtart\u00f3hoz egy ferdeh\u00e1t\u00fa st\u00edlus\u00fa csomagt\u00e9rajt\u00f3n, \u00e9s nem egy ferdeh\u00e1t\u00fa ny\u00edl\u00e1son kereszt\u00fcl lehet hozz\u00e1f\u00e9rni. A hely kisebb, mint a C4 ferdeh\u00e1t\u00fa\u00e9, de m\u00e9g mindig el\u00e9g hossz\u00fa \u00e9s sz\u00e9les, \u00e9s j\u00f3l elf\u00e9r benne a nagyobb b\u0151r\u00f6nd\u00f6k \u00e9s t\u00e1rol\u00f3dobozok is, b\u00e1r kiss\u00e9 sz\u0171k\u00f6sen van felszerelve. (Nincsenek konnektorok vagy r\u00f6gz\u00edt\u0151h\u00e1l\u00f3k.)<\/p>\n","protected":false},"excerpt":{"rendered":"<p>A sz\u00f3 Marics Peti Szt\u00e1rban Szt\u00e1r-szerepl\u00e9s\u00e9re terel\u0151d\u00f6tt, ami v\u00e1ratlan fordulatot hozott. A fiatal \u00e9nekes elmondta, hogy kor\u00e1bbi versenyein, amikor ez\u00fcst\u00e9rmes&#8230; <span class=\"gridview-grid-post-read-more\"><a href=\"https:\/\/online-filmkatarzis.com\/kucko\/hirek\/lebuktak-igy-jott-ossze-marics-peti-es-szabo-zsofi\/\">read more<span class=\"gridview-sr-only\"> Lebuktak! \u00cdgy j\u00f6tt \u00f6ssze Marics Peti \u00e9s Szab\u00f3 Zs\u00f3fi!<\/span><\/a><\/span><\/p>\n","protected":false},"author":1,"featured_media":4393,"comment_status":"open","ping_status":"open","sticky":false,"template":"","format":"standard","meta":{"footnotes":""},"categories":[1],"tags":[],"class_list":["post-4392","post","type-post","status-publish","format-standard","has-post-thumbnail","hentry","category-egyeb","wpcat-1-id"],"_links":{"self":[{"href":"https:\/\/online-filmkatarzis.com\/kucko\/hirek\/wp-json\/wp\/v2\/posts\/4392","targetHints":{"allow":["GET"]}}],"collection":[{"href":"https:\/\/online-filmkatarzis.com\/kucko\/hirek\/wp-json\/wp\/v2\/posts"}],"about":[{"href":"https:\/\/online-filmkatarzis.com\/kucko\/hirek\/wp-json\/wp\/v2\/types\/post"}],"author":[{"embeddable":true,"href":"https:\/\/online-filmkatarzis.com\/kucko\/hirek\/wp-json\/wp\/v2\/users\/1"}],"replies":[{"embeddable":true,"href":"https:\/\/online-filmkatarzis.com\/kucko\/hirek\/wp-json\/wp\/v2\/comments?post=4392"}],"version-history":[{"count":1,"href":"https:\/\/online-filmkatarzis.com\/kucko\/hirek\/wp-json\/wp\/v2\/posts\/4392\/revisions"}],"predecessor-version":[{"id":4394,"href":"https:\/\/online-filmkatarzis.com\/kucko\/hirek\/wp-json\/wp\/v2\/posts\/4392\/revisions\/4394"}],"wp:featuredmedia":[{"embeddable":true,"href":"https:\/\/online-filmkatarzis.com\/kucko\/hirek\/wp-json\/wp\/v2\/media\/4393"}],"wp:attachment":[{"href":"https:\/\/online-filmkatarzis.com\/kucko\/hirek\/wp-json\/wp\/v2\/media?parent=4392"}],"wp:term":[{"taxonomy":"category","embeddable":true,"href":"https:\/\/online-filmkatarzis.com\/kucko\/hirek\/wp-json\/wp\/v2\/categories?post=4392"},{"taxonomy":"post_tag","embeddable":true,"href":"https:\/\/online-filmkatarzis.com\/kucko\/hirek\/wp-json\/wp\/v2\/tags?post=4392"}],"curies":[{"name":"wp","href":"https:\/\/api.w.org\/{rel}","templated":true}]}}