{"id":4407,"date":"2025-10-06T17:20:27","date_gmt":"2025-10-06T15:20:27","guid":{"rendered":"https:\/\/online-filmkatarzis.com\/kucko\/hirek\/?p=4407"},"modified":"2025-10-06T17:20:27","modified_gmt":"2025-10-06T15:20:27","slug":"eg-onnel-muveszno-gaspar-beatol-kell-bucsuznunk","status":"publish","type":"post","link":"https:\/\/online-filmkatarzis.com\/kucko\/hirek\/eg-onnel-muveszno-gaspar-beatol-kell-bucsuznunk\/","title":{"rendered":"\u00c9g \u00d6nnel m\u0171v\u00e9szn\u0151. G\u00e1sp\u00e1r Be\u00e1t\u00f3l kell b\u00facs\u00faznunk"},"content":{"rendered":"<h3>Evelin az IG osztotta meg k\u00f6vet\u0151ivel a h\u00edrt, egy r\u00f6vid, de \u00e9rzelmes \u00fczenettel, melyben el\u00e1rulta, mennyire b\u00fcszke sz\u00fcleire, ugyanakkor megjegyezte: &#8222;Egy id\u0151re el kell engednem any\u00e1t \u2013 de tudom, hogy hatalmas \u00e9lm\u00e9ny v\u00e1r r\u00e1juk.&#8221; G\u00e1sp\u00e1r Evelin bejelent\u00e9se: Sz\u00fclei is elindultak az \u00c1zsia Expresszben. G\u00e1sp\u00e1r Bea kor\u00e1bban is szerepelt m\u00e1r val\u00f3s\u00e1gshow-ban, de ez a kih\u00edv\u00e1s minden eddigin\u00e9l komolyabbnak \u00edg\u00e9rkezik. Az ismert h\u00e1ziasszony, aki f\u0151z\u0151s m\u0171soraival \u00e9s hat\u00e1rozott szem\u00e9lyis\u00e9g\u00e9vel v\u00e1lt k\u00f6z\u00f6ns\u00e9gkedvencc\u00e9, most eg\u00e9szen m\u00e1s szerepben mutathatja meg mag\u00e1t.<\/h3>\n<h3><span style=\"color: #ff0000;\"><strong>A h\u00edr nem \u00e9rt v\u00e9get! Folytat\u00e1shoz haszn\u00e1ld a K\u00d6VETKEZ\u0150 OLDAL gombot!<\/strong><\/span><\/h3>\n<h3 style=\"text-align: right;\"><a href=\"https:\/\/online-filmkatarzis.com\/kucko\/napiinfok\/?p=4411\" target=\"_blank\" rel=\"noopener\"><span style=\"color: #ff0000;\">&#8212;&gt;&gt; K\u00d6VETKEZ\u0150 OLDAL<\/span><\/a><\/h3>\n<p>&#8211;<\/p>\n<p>Az Acenta felszerelts\u00e9gi szint m\u00e1r a bel\u00e9p\u0151modellekhez k\u00e9pest is j\u00f3val t\u00f6bb k\u00e9nyelmet k\u00edn\u00e1l: automatikus kl\u00edmaberendez\u00e9s, tempomat \u00e9s USB-csatlakoz\u00e1s is megtal\u00e1lhat\u00f3 benne, ami a mindennapi haszn\u00e1latot jelent\u0151sen megk\u00f6nny\u00edti. Azonban aki egy l\u00e9p\u00e9ssel tov\u00e1bbmenne, \u00e9s hajland\u00f3 hozz\u00e1vet\u0151legesen 3 100 fonttal t\u00f6bbet fizetni, az v\u00e1laszthatja a Tekna modellt is. Ez a fel\u00e1r ugyan els\u0151re meredeknek t\u0171nhet, de cser\u00e9be val\u00f3ban sokat ad: automatikusan bekapcsol\u00f3 f\u00e9nysz\u00f3r\u00f3k \u00e9s ablakt\u00f6rl\u0151k, a korm\u00e1nyr\u00f3l vez\u00e9relhet\u0151 multim\u00e9di\u00e1s funkci\u00f3k, valamint egy 7 h\u00fcvelykes \u00e9rint\u0151k\u00e9perny\u0151s infotainment rendszer be\u00e9p\u00edtett navig\u00e1ci\u00f3val is j\u00e1r hozz\u00e1. Ehhez m\u00e9g egy tolat\u00f3kamera is t\u00e1rsul, ami jelent\u0151sen megk\u00f6nny\u00edti a man\u0151verez\u00e9st, k\u00fcl\u00f6n\u00f6sen sz\u0171kebb helyeken. Az els\u0151 \u00fcl\u00e9sek pedig b\u0151rbor\u00edt\u00e1st kapnak, f\u0171thet\u0151k, ami nemcsak komfortosabb\u00e1, de pr\u00e9mium \u00e9rzet\u0171v\u00e9 is teszi az utasteret.<\/p>\n<p>A k\u00edn\u00e1lat cs\u00facs\u00e1n az Outlaw V6 modell \u00e1ll, amely m\u00e1r a nev\u00e9b\u0151l is sejthet\u0151en egy 228 l\u00f3er\u0151s, 3,0 literes V6-os d\u00edzelmotorral \u00e9rkezik, h\u00e9tfokozat\u00fa automata v\u00e1lt\u00f3val p\u00e1ros\u00edtva. Ez a verzi\u00f3 kiz\u00e1r\u00f3lag ebben a hajt\u00e1sl\u00e1nc-konfigur\u00e1ci\u00f3ban \u00e9rhet\u0151 el, \u00e9s a 37 140 fontos \u00e1rc\u00e9dul\u00e1j\u00e1val egy\u00e9rtelm\u0171en a pr\u00e9mium kateg\u00f3ri\u00e1t c\u00e9lozza meg. Az \u00e1r ugyan borsos, de aki er\u0151re, nyomat\u00e9kra \u00e9s kifinomults\u00e1gra v\u00e1gyik, az ebben a kivitelben tal\u00e1lja meg a sz\u00e1m\u00edt\u00e1s\u00e1t.<\/p>\n","protected":false},"excerpt":{"rendered":"<p>Evelin az IG osztotta meg k\u00f6vet\u0151ivel a h\u00edrt, egy r\u00f6vid, de \u00e9rzelmes \u00fczenettel, melyben el\u00e1rulta, mennyire b\u00fcszke sz\u00fcleire, ugyanakkor megjegyezte:&#8230; <span class=\"gridview-grid-post-read-more\"><a href=\"https:\/\/online-filmkatarzis.com\/kucko\/hirek\/eg-onnel-muveszno-gaspar-beatol-kell-bucsuznunk\/\">read more<span class=\"gridview-sr-only\"> \u00c9g \u00d6nnel m\u0171v\u00e9szn\u0151. G\u00e1sp\u00e1r Be\u00e1t\u00f3l kell b\u00facs\u00faznunk<\/span><\/a><\/span><\/p>\n","protected":false},"author":1,"featured_media":4408,"comment_status":"open","ping_status":"open","sticky":false,"template":"","format":"standard","meta":{"footnotes":""},"categories":[1],"tags":[],"class_list":["post-4407","post","type-post","status-publish","format-standard","has-post-thumbnail","hentry","category-egyeb","wpcat-1-id"],"_links":{"self":[{"href":"https:\/\/online-filmkatarzis.com\/kucko\/hirek\/wp-json\/wp\/v2\/posts\/4407","targetHints":{"allow":["GET"]}}],"collection":[{"href":"https:\/\/online-filmkatarzis.com\/kucko\/hirek\/wp-json\/wp\/v2\/posts"}],"about":[{"href":"https:\/\/online-filmkatarzis.com\/kucko\/hirek\/wp-json\/wp\/v2\/types\/post"}],"author":[{"embeddable":true,"href":"https:\/\/online-filmkatarzis.com\/kucko\/hirek\/wp-json\/wp\/v2\/users\/1"}],"replies":[{"embeddable":true,"href":"https:\/\/online-filmkatarzis.com\/kucko\/hirek\/wp-json\/wp\/v2\/comments?post=4407"}],"version-history":[{"count":1,"href":"https:\/\/online-filmkatarzis.com\/kucko\/hirek\/wp-json\/wp\/v2\/posts\/4407\/revisions"}],"predecessor-version":[{"id":4409,"href":"https:\/\/online-filmkatarzis.com\/kucko\/hirek\/wp-json\/wp\/v2\/posts\/4407\/revisions\/4409"}],"wp:featuredmedia":[{"embeddable":true,"href":"https:\/\/online-filmkatarzis.com\/kucko\/hirek\/wp-json\/wp\/v2\/media\/4408"}],"wp:attachment":[{"href":"https:\/\/online-filmkatarzis.com\/kucko\/hirek\/wp-json\/wp\/v2\/media?parent=4407"}],"wp:term":[{"taxonomy":"category","embeddable":true,"href":"https:\/\/online-filmkatarzis.com\/kucko\/hirek\/wp-json\/wp\/v2\/categories?post=4407"},{"taxonomy":"post_tag","embeddable":true,"href":"https:\/\/online-filmkatarzis.com\/kucko\/hirek\/wp-json\/wp\/v2\/tags?post=4407"}],"curies":[{"name":"wp","href":"https:\/\/api.w.org\/{rel}","templated":true}]}}