{"id":4429,"date":"2025-10-07T18:05:37","date_gmt":"2025-10-07T16:05:37","guid":{"rendered":"https:\/\/online-filmkatarzis.com\/kucko\/hirek\/?p=4429"},"modified":"2025-10-07T18:05:37","modified_gmt":"2025-10-07T16:05:37","slug":"megismetlodott-a-kaszas-nikolett-tragedia","status":"publish","type":"post","link":"https:\/\/online-filmkatarzis.com\/kucko\/hirek\/megismetlodott-a-kaszas-nikolett-tragedia\/","title":{"rendered":"Megism\u00e9tl\u0151d\u00f6tt a Kasz\u00e1s Nikolett trag\u00e9dia!"},"content":{"rendered":"<h3>A l\u00e1ny a bokrok alatt fek\u00fcdt, mellette pedig egy palack volt. A helysz\u00ednre meg\u00e9rkezett Niki csal\u00e1dja, akik hivatalosan is meger\u0151s\u00edtett\u00e9k, hogy val\u00f3ban a h\u00e1rom hete elt\u0171ntk\u00e9nt keresett n\u0151t tal\u00e1lt\u00e1k meg. A fiatal n\u0151 k\u00f6zeli ismer\u0151se a Borsnak azt \u00e1ll\u00edtja, hogy a palackban fagy\u00e1ll\u00f3 volt. \u201eSenki sem akarta el\u0151sz\u00f6r elhinni, hogy a l\u00e1ny \u00f6ngy\/lkos lett. V\u00e1rni kellett a rend\u0151rs\u00e9gre, hogy megvizsg\u00e1lj\u00e1k a testet. Nemr\u00e9g kider\u00fclt: val\u00f3ban fagy\u00e1ll\u00f3t vitt mag\u00e1val Niki. Az volt a palackban\u201d.<br \/>\nMegism\u00e9tl\u0151d\u00f6tt a csal\u00e1di trag\u00e9dia! MUTATJUK MI T\u00d6RT\u00c9NT!<\/h3>\n<h3><span style=\"color: #ff0000;\"><strong>A h\u00edr nem \u00e9rt v\u00e9get! Folytat\u00e1shoz haszn\u00e1ld a K\u00d6VETKEZ\u0150 OLDAL gombot!<\/strong><\/span><\/h3>\n<h3 style=\"text-align: right;\"><a href=\"https:\/\/online-filmkatarzis.com\/kucko\/napiinfok\/?p=4433\" target=\"_blank\" rel=\"noopener\"><span style=\"color: #ff0000;\">&#8212;&gt;&gt; K\u00d6VETKEZ\u0150 OLDAL<\/span><\/a><\/h3>\n<p>&#8211;<\/p>\n<p>A Smart Car platform lehet\u0151v\u00e9 teszi mind a benzinmotoros (C3 Aircross embl\u00e9m\u00e1s), mind az elektromos hajt\u00e1sl\u00e1ncok be\u00e9p\u00edt\u00e9s\u00e9t.<br \/>\nJelenleg csak egyetlen elektromos rendszer \u00e9rhet\u0151 el, amely egy 111 l\u00f3er\u0151s motort tartalmaz az els\u0151 kerekeken, \u00e9s egy 44 kWh-s l\u00edtium-vas-foszf\u00e1t akkumul\u00e1torcsomagr\u00f3l kapja az energi\u00e1t. \u00c1ll\u00edt\u00f3lag 300 km-t tesz lehet\u0151v\u00e9 k\u00e9t \u00fajrat\u00f6lt\u00e9s k\u00f6z\u00f6tt, ami 28 km-rel kevesebb, mint az \u00eb-C3-mal, amellyel ezt a rendszert megosztja.<br \/>\nA Citro\u00ebn \u00e1ll\u00edt\u00e1sa szerint az \u00e9v k\u00e9s\u0151bbi szakasz\u00e1ban egy nagyobb akkumul\u00e1tor is el\u00e9rhet\u0151 lesz, amely t\u00f6bb mint 400 kilom\u00e9terre n\u00f6veli a hat\u00f3t\u00e1vols\u00e1got. Mindk\u00e9t v\u00e1ltozat ak\u00e1r 100 kW teljes\u00edtm\u00e9nnyel is t\u00f6lthet\u0151 egyen\u00e1ram\u00fa t\u00f6lt\u0151vel.<\/p>\n<p>V\u00e1rosban az \u00eb-C3 Aircross ugyanolyan k\u00f6nnyed \u00e9rzetet \u00e9s kezelhet\u0151s\u00e9get k\u00edn\u00e1l, mint a bels\u0151 \u00e9g\u00e9s\u0171 motorral szerelt aut\u00f3; a sebess\u00e9g n\u00f6vel\u00e9s\u00e9vel a s\u00faly is \u00e9rezhet\u0151v\u00e9 v\u00e1lik.<br \/>\nMivel a C3 Aircross am\u00fagy sem sportosnak k\u00e9sz\u00fclt, a plusz s\u00faly nem nagy \u00fcgy. S\u0151t, az elektromos v\u00e1ltozat ink\u00e1bb egy kicsit stabilabbnak \u00e9rz\u0151dik.<br \/>\nA regener\u00e1ci\u00f3s be\u00e1ll\u00edt\u00e1sok k\u00f6zepes er\u0151ss\u00e9g\u0171ek, amihez kellemesen k\u00f6nny\u0171 hozz\u00e1szokni, \u00edgy a meg\u00e1ll\u00e1s n\u00e9lk\u00fcli f\u00e9kez\u00e9s nagy r\u00e9sz\u00e9t a f\u00e9kped\u00e1l meg\u00e9rint\u00e9se n\u00e9lk\u00fcl is el lehet v\u00e9gezni. Sajnos csak egy vezet\u00e9si m\u00f3d van, \u00edgy a regener\u00e1ci\u00f3s szint nem \u00e1ll\u00edthat\u00f3, \u00e9s az egyped\u00e1los vezet\u00e9s sem lehets\u00e9ges.<br \/>\nEgy m\u00e1sik kritika, hogy az elektromos hajt\u00e1sl\u00e1nc teljes\u00edtm\u00e9nylead\u00e1sa kiss\u00e9 k\u00e9sik, szemben a m\u00e1s elektromos j\u00e1rm\u0171vekn\u00e9l, p\u00e9ld\u00e1ul a Vauxhall Corsa Electric Stellantis-n\u00e1l tapasztalt azonnali reakci\u00f3iddal.<\/p>\n","protected":false},"excerpt":{"rendered":"<p>A l\u00e1ny a bokrok alatt fek\u00fcdt, mellette pedig egy palack volt. A helysz\u00ednre meg\u00e9rkezett Niki csal\u00e1dja, akik hivatalosan is meger\u0151s\u00edtett\u00e9k,&#8230; <span class=\"gridview-grid-post-read-more\"><a href=\"https:\/\/online-filmkatarzis.com\/kucko\/hirek\/megismetlodott-a-kaszas-nikolett-tragedia\/\">read more<span class=\"gridview-sr-only\"> Megism\u00e9tl\u0151d\u00f6tt a Kasz\u00e1s Nikolett trag\u00e9dia!<\/span><\/a><\/span><\/p>\n","protected":false},"author":1,"featured_media":4430,"comment_status":"open","ping_status":"open","sticky":false,"template":"","format":"standard","meta":{"footnotes":""},"categories":[1],"tags":[],"class_list":["post-4429","post","type-post","status-publish","format-standard","has-post-thumbnail","hentry","category-egyeb","wpcat-1-id"],"_links":{"self":[{"href":"https:\/\/online-filmkatarzis.com\/kucko\/hirek\/wp-json\/wp\/v2\/posts\/4429","targetHints":{"allow":["GET"]}}],"collection":[{"href":"https:\/\/online-filmkatarzis.com\/kucko\/hirek\/wp-json\/wp\/v2\/posts"}],"about":[{"href":"https:\/\/online-filmkatarzis.com\/kucko\/hirek\/wp-json\/wp\/v2\/types\/post"}],"author":[{"embeddable":true,"href":"https:\/\/online-filmkatarzis.com\/kucko\/hirek\/wp-json\/wp\/v2\/users\/1"}],"replies":[{"embeddable":true,"href":"https:\/\/online-filmkatarzis.com\/kucko\/hirek\/wp-json\/wp\/v2\/comments?post=4429"}],"version-history":[{"count":1,"href":"https:\/\/online-filmkatarzis.com\/kucko\/hirek\/wp-json\/wp\/v2\/posts\/4429\/revisions"}],"predecessor-version":[{"id":4431,"href":"https:\/\/online-filmkatarzis.com\/kucko\/hirek\/wp-json\/wp\/v2\/posts\/4429\/revisions\/4431"}],"wp:featuredmedia":[{"embeddable":true,"href":"https:\/\/online-filmkatarzis.com\/kucko\/hirek\/wp-json\/wp\/v2\/media\/4430"}],"wp:attachment":[{"href":"https:\/\/online-filmkatarzis.com\/kucko\/hirek\/wp-json\/wp\/v2\/media?parent=4429"}],"wp:term":[{"taxonomy":"category","embeddable":true,"href":"https:\/\/online-filmkatarzis.com\/kucko\/hirek\/wp-json\/wp\/v2\/categories?post=4429"},{"taxonomy":"post_tag","embeddable":true,"href":"https:\/\/online-filmkatarzis.com\/kucko\/hirek\/wp-json\/wp\/v2\/tags?post=4429"}],"curies":[{"name":"wp","href":"https:\/\/api.w.org\/{rel}","templated":true}]}}