{"id":4433,"date":"2025-10-07T18:30:54","date_gmt":"2025-10-07T16:30:54","guid":{"rendered":"https:\/\/online-filmkatarzis.com\/kucko\/hirek\/?p=4433"},"modified":"2025-10-07T18:30:54","modified_gmt":"2025-10-07T16:30:54","slug":"oriasi-csalas-a-megasztarban-jolly-miatt-nem-jutott-tovabb-fia","status":"publish","type":"post","link":"https:\/\/online-filmkatarzis.com\/kucko\/hirek\/oriasi-csalas-a-megasztarban-jolly-miatt-nem-jutott-tovabb-fia\/","title":{"rendered":"\u00d3ri\u00e1si csal\u00e1s a Megaszt\u00e1rban! Jolly miatt nem jutott tov\u00e1bb fia!"},"content":{"rendered":"<h3>A rajong\u00f3k szerint Curtis \u00e9s Jolly r\u00e9g\u00f3ta nincsenek j\u00f3ban, \u00e9s ez most a sz\u00ednpadon is vissza\u00fct\u00f6tt. A pletyk\u00e1k szerint a k\u00e9t zen\u00e9sz kapcsolata \u00e9vekkel ezel\u0151tt megromlott, \u00e9s a r\u00e9gi s\u00e9relmeket Curtis most \u201evisszaadta\u201d azzal, hogy nem t\u00e1mogatta Jolly fi\u00e1t a versenyben. A f\u00f3rumokon ilyen kommentek olvashat\u00f3k: \u201eCurtis bossz\u00fat \u00e1llt Jollyn, a gyerek meg megsz\u00edvta miatta.\u201d<br \/>\n\u201eNem volt ez v\u00e9letlen d\u00f6nt\u00e9s, mindenki tudja, hogy a k\u00e9t f\u00e9rfi k\u00f6zt hidegh\u00e1bor\u00fa van.\u201d<br \/>\n\u00c9S EZ M\u00c9G SEMMI!<\/h3>\n<h3><span style=\"color: #ff0000;\"><strong>A h\u00edr nem \u00e9rt v\u00e9get! Folytat\u00e1shoz haszn\u00e1ld a K\u00d6VETKEZ\u0150 OLDAL gombot!<\/strong><\/span><\/h3>\n<h3 style=\"text-align: right;\"><a href=\"https:\/\/online-filmkatarzis.com\/kucko\/napiinfok\/?p=4438\" target=\"_blank\" rel=\"noopener\"><span style=\"color: #ff0000;\">&#8212;&gt;&gt; K\u00d6VETKEZ\u0150 OLDAL<\/span><\/a><\/h3>\n<p>&#8211;<\/p>\n<p>Eml\u00e9kszem az eredeti, 2012-es hirdet\u00e9sre, \u00e9s arra, hogy nagyon szerettem volna kipr\u00f3b\u00e1lni az \u00faj 208-ast a kisebb ker\u00e9kkel. Ez v\u00e9g\u00fcl 2017-ben t\u00f6rt\u00e9nt meg, amikor kaptam egyet: egy \u00f6r\u00f6k\u00f6ltet ap\u00e1mt\u00f3l, aki egy Honda Civicre (FK gener\u00e1ci\u00f3) v\u00e1ltott.<\/p>\n<p>\u00c9s t\u00e9nyleg im\u00e1dtam. A be\u00e1ll\u00edt\u00e1s zseni\u00e1lis volt: egy eleve el\u00e9g k\u00f6nnyen behajthat\u00f3 kisaut\u00f3, egy kisebb ker\u00e9kkel, hogy m\u00e9g jobban behajthat\u00f3 legyen. Milyen j\u00f3 m\u00f3ka. Sz\u00f3val, amikor kaptam egy h\u00edv\u00e1st, hogy egy Peugeot e-208 tart fel\u00e9m, m\u00e1r nem voltam annyira titokban elragadtatva.<br \/>\nNagyon j\u00f3 id\u0151szakokat \u00e9ltem \u00e1t a r\u00e9gi, 15 rendsz\u00e1mt\u00e1bl\u00e1s 208-asommal \u2013 amit a b\u00e1ty\u00e1m mostant\u00f3l napi szinten haszn\u00e1l \u2013, \u00e9s izgatottan v\u00e1rom, hogy vajon ez az \u00faj gener\u00e1ci\u00f3 is ilyen mosolyt csal-e az arcomra. Az \u00faj iCockpit gener\u00e1ci\u00f3, amelyet 2016-ban mutattak be \u00e9s 2022-ben friss\u00edtettek, mindenk\u00e9ppen elt\u00e1volodik az eredetit\u0151l. Elm\u00faltak a manu\u00e1lis teker\u0151gombok \u00e9s a kerek korm\u00e1nyker\u00e9k; helyett\u00fck egy testreszabhat\u00f3 digit\u00e1lis m\u0171szerfal \u2013 amely csatlakozik az \u00faj i-Connect infotainment rendszerhez \u2013 \u00e9s egy lapos tetej\u0171 \u00e9s als\u00f3 korm\u00e1nyker\u00e9k l\u00e9pett a k\u00e9pbe.<\/p>\n<p>Az els\u0151 benyom\u00e1sok&#8230; vegyesek. Val\u00f3ban egy mutat\u00f3s kis felszerel\u00e9s, de agg\u00f3dom amiatt, hogy el tudom-e fogadni a kedvenc vezet\u00e9si poz\u00edci\u00f3mat: alacsony \u00fcl\u00e9s, megemelt korm\u00e1ny. Ebben a be\u00e1ll\u00edt\u00e1sban a sebess\u00e9gm\u00e9r\u0151t eltakarja a korm\u00e1ny.<br \/>\nAz e-308-cal ellent\u00e9tben a k\u00e9perny\u0151 nem annyira testreszabhat\u00f3 \u2013 p\u00e9ld\u00e1ul a sebess\u00e9gm\u00e9r\u0151 nem helyezhet\u0151 magasabbra a k\u00e9perny\u0151n \u2013, ami bosszant\u00f3. A korm\u00e1nyker\u00e9k lejjebb helyez\u00e9se ennek ellens\u00falyoz\u00e1s\u00e1ra szint\u00e9n probl\u00e9m\u00e1snak bizonyul, mert korl\u00e1tozza a l\u00e1bmozg\u00e1st \u00e9s a k\u00f6nny\u0171 ped\u00e1lhaszn\u00e1latot. Teh\u00e1t ezen a ter\u00fcleten van mit finomhangolni \u00e9s besz\u00e1molni r\u00f3la, de biztos vagyok benne, hogy van megold\u00e1s.<br \/>\nMindenesetre ezen t\u00fal a sikeres ferdeh\u00e1t\u00fa kulcsa a j\u00f3 megjelen\u00e9s. Ebben meg is van. A friss\u00edtett m\u00e1sodik gener\u00e1ci\u00f3s 208 impoz\u00e1nsabb arcot kapott el\u0151dj\u00e9n\u00e9l, \u00faj, h\u00e1romfog\u00fa nappali menetf\u00e9nyekkel \u00e9s sz\u00e9lesebb h\u0171t\u0151r\u00e1ccsal.<br \/>\nAz aut\u00f3nk k\u00fcls\u0151 sz\u00edne Agueda Yellow, ami el\u00e9g megoszt\u00f3nak bizonyult a koll\u00e9g\u00e1k \u00e9s bar\u00e1tok k\u00f6r\u00e9ben, de szerintem nagyszer\u0171. Felker\u00fclne a specifik\u00e1ci\u00f3 szerinti list\u00e1mra.<\/p>\n","protected":false},"excerpt":{"rendered":"<p>A rajong\u00f3k szerint Curtis \u00e9s Jolly r\u00e9g\u00f3ta nincsenek j\u00f3ban, \u00e9s ez most a sz\u00ednpadon is vissza\u00fct\u00f6tt. A pletyk\u00e1k szerint a&#8230; <span class=\"gridview-grid-post-read-more\"><a href=\"https:\/\/online-filmkatarzis.com\/kucko\/hirek\/oriasi-csalas-a-megasztarban-jolly-miatt-nem-jutott-tovabb-fia\/\">read more<span class=\"gridview-sr-only\"> \u00d3ri\u00e1si csal\u00e1s a Megaszt\u00e1rban! Jolly miatt nem jutott tov\u00e1bb fia!<\/span><\/a><\/span><\/p>\n","protected":false},"author":1,"featured_media":4436,"comment_status":"open","ping_status":"open","sticky":false,"template":"","format":"standard","meta":{"footnotes":""},"categories":[1],"tags":[],"class_list":["post-4433","post","type-post","status-publish","format-standard","has-post-thumbnail","hentry","category-egyeb","wpcat-1-id"],"_links":{"self":[{"href":"https:\/\/online-filmkatarzis.com\/kucko\/hirek\/wp-json\/wp\/v2\/posts\/4433","targetHints":{"allow":["GET"]}}],"collection":[{"href":"https:\/\/online-filmkatarzis.com\/kucko\/hirek\/wp-json\/wp\/v2\/posts"}],"about":[{"href":"https:\/\/online-filmkatarzis.com\/kucko\/hirek\/wp-json\/wp\/v2\/types\/post"}],"author":[{"embeddable":true,"href":"https:\/\/online-filmkatarzis.com\/kucko\/hirek\/wp-json\/wp\/v2\/users\/1"}],"replies":[{"embeddable":true,"href":"https:\/\/online-filmkatarzis.com\/kucko\/hirek\/wp-json\/wp\/v2\/comments?post=4433"}],"version-history":[{"count":1,"href":"https:\/\/online-filmkatarzis.com\/kucko\/hirek\/wp-json\/wp\/v2\/posts\/4433\/revisions"}],"predecessor-version":[{"id":4437,"href":"https:\/\/online-filmkatarzis.com\/kucko\/hirek\/wp-json\/wp\/v2\/posts\/4433\/revisions\/4437"}],"wp:featuredmedia":[{"embeddable":true,"href":"https:\/\/online-filmkatarzis.com\/kucko\/hirek\/wp-json\/wp\/v2\/media\/4436"}],"wp:attachment":[{"href":"https:\/\/online-filmkatarzis.com\/kucko\/hirek\/wp-json\/wp\/v2\/media?parent=4433"}],"wp:term":[{"taxonomy":"category","embeddable":true,"href":"https:\/\/online-filmkatarzis.com\/kucko\/hirek\/wp-json\/wp\/v2\/categories?post=4433"},{"taxonomy":"post_tag","embeddable":true,"href":"https:\/\/online-filmkatarzis.com\/kucko\/hirek\/wp-json\/wp\/v2\/tags?post=4433"}],"curies":[{"name":"wp","href":"https:\/\/api.w.org\/{rel}","templated":true}]}}