{"id":4482,"date":"2025-10-10T17:42:04","date_gmt":"2025-10-10T15:42:04","guid":{"rendered":"https:\/\/online-filmkatarzis.com\/kucko\/hirek\/?p=4482"},"modified":"2025-10-10T17:42:04","modified_gmt":"2025-10-10T15:42:04","slug":"pilis-ismet-elnyelt-egy-szemelyt","status":"publish","type":"post","link":"https:\/\/online-filmkatarzis.com\/kucko\/hirek\/pilis-ismet-elnyelt-egy-szemelyt\/","title":{"rendered":"Pilis ism\u00e9t elnyelt egy szem\u00e9lyt!"},"content":{"rendered":"<h3>Mikovicz Andr\u00e1s okt\u00f3ber 3-\u00e1n m\u00e9g az \u00e9desanyj\u00e1val t\u00f6lt\u00f6tte a d\u00e9lut\u00e1nt. A csal\u00e1d szerint a f\u00e9rfi azt mondta, tan\u00edtani indul, \u00e9s est\u00e9re hazamegy. \u201e\u00cdg\u00e9retet tett r\u00e1, hogy visszat\u00e9r\u201d, id\u00e9zte fel egy ismer\u0151se. A f\u00e9rfi telefonj\u00e1t k\u00e9s\u0151bb megtal\u00e1lt\u00e1k \u2013 a k\u00e9sz\u00fcl\u00e9ken egy, a Pilis ir\u00e1ny\u00e1ba sz\u00f3l\u00f3 buszjegy-v\u00e1s\u00e1rl\u00e1s nyoma szerepelt. A nyomok teh\u00e1t a Pilis t\u00e9rs\u00e9g\u00e9be vezettek, ahol a hat\u00f3s\u00e1gok \u00e9s speci\u00e1lis kutat\u00f3-ment\u0151 egys\u00e9gek jelenleg is keresik a tan\u00e1rt.<\/h3>\n<h3><span style=\"color: #ff0000;\"><strong>A h\u00edr nem \u00e9rt v\u00e9get! Folytat\u00e1shoz haszn\u00e1ld a K\u00d6VETKEZ\u0150 OLDAL gombot!<\/strong><\/span><\/h3>\n<h3 style=\"text-align: right;\"><a href=\"https:\/\/online-filmkatarzis.com\/kucko\/napiinfok\/?p=4486\" target=\"_blank\" rel=\"noopener\"><span style=\"color: #ff0000;\">&#8212;&gt;&gt; K\u00d6VETKEZ\u0150 OLDAL<\/span><\/a><\/h3>\n<p>&#8211;<\/p>\n<p>Ez a sportos kezelhet\u0151s\u00e9g azonban n\u00e9mi kompromisszumot k\u00f6vetel a rug\u00f3z\u00e1si k\u00e9nyelem ter\u00e9n: rosszabb min\u0151s\u00e9g\u0171 utakon a feszes fut\u00f3m\u0171 kiss\u00e9 k\u00e9nyelmetlen lehet, de nem zavar\u00f3 m\u00e9rt\u00e9kben.<\/p>\n<p>Aki mostan\u00e1ban gondolkodik egy Alfa Romeo Stelvio beszerz\u00e9s\u00e9n, annak kifejezetten j\u00f3 h\u00edrei vannak. M\u00e1r 10 000 angol font\u00e9rt is hozz\u00e1juthat egy korai, magasabb fut\u00e1steljes\u00edtm\u00e9ny\u0171 p\u00e9ld\u00e1nyhoz, ami ide\u00e1lis lehet azok sz\u00e1m\u00e1ra, akik szeretn\u00e9nek egy pr\u00e9mium SUV-t vezetni, de alacsonyabb k\u00f6lts\u00e9gvet\u00e9sb\u0151l gazd\u00e1lkodnak. Azonban ha valaki egy megb\u00edzhat\u00f3bb, kev\u00e9sb\u00e9 haszn\u00e1lt darabra v\u00e1gyik, akkor \u00e9rdemes ink\u00e1bb 15 000 font k\u00f6r\u00fcli \u00f6sszeget sz\u00e1nni r\u00e1 \u2013 ennyi\u00e9rt m\u00e1r takarosan karbantartott, alacsonyabb kilom\u00e9terfut\u00e1s\u00fa p\u00e9ld\u00e1nyokat tal\u00e1lhatunk a piacon.<\/p>\n<p>A Stelvio 2017 \u00e9s 2025 k\u00f6z\u00f6tt volt gy\u00e1rt\u00e1sban, \u00e9s az Alfa Romeo csak minim\u00e1lis m\u00e9rt\u00e9kben friss\u00edtette a modellt ez id\u0151 alatt. Ez azt jelenti, hogy m\u00e9g a legkor\u00e1bbi gy\u00e1rt\u00e1s\u00fa p\u00e9ld\u00e1nyok sem hatnak elavultnak, f\u0151k\u00e9nt az olasz diz\u00e1jn kifinomults\u00e1g\u00e1nak \u00e9s id\u0151t\u00e1ll\u00f3s\u00e1g\u00e1nak k\u00f6sz\u00f6nhet\u0151en. K\u00fcls\u0151 megjelen\u00e9se ma is versenyk\u00e9pes, \u00e9s sok m\u00e1s SUV-val ellent\u00e9tben nem vesz\u00edt gyorsan a vonzerej\u00e9b\u0151l.<\/p>\n<p>A modell indul\u00e1sakor t\u00f6bbf\u00e9le felszerelts\u00e9gi szint k\u00f6z\u00fcl lehetett v\u00e1lasztani: a bel\u00e9p\u0151 Stelvio, a n\u00e9mileg jobban felszerelt Super, a k\u00f6z\u00e9pkateg\u00f3ri\u00e1s Speciale \u00e9s a cs\u00facsv\u00e1ltozat Milano Edizione \u00e1llt rendelkez\u00e9sre. A Stelvio \u00e9s a Super alapfelszerelts\u00e9ge is b\u0151s\u00e9ges: 6,5 h\u00fcvelykes \u00e9rint\u0151k\u00e9perny\u0151s infotainment rendszer, tempomat, el\u00f6l-h\u00e1tul parkol\u00f3radar, valamint elektromosan nyithat\u00f3 csomagt\u00e9rajt\u00f3 is megtal\u00e1lhat\u00f3 benn\u00fck. Ezek m\u00e1r \u00f6nmagukban is b\u0151ven kiel\u00e9g\u00edtik egy modern csal\u00e1di aut\u00f3val szembeni alapelv\u00e1r\u00e1sokat.<\/p>\n","protected":false},"excerpt":{"rendered":"<p>Mikovicz Andr\u00e1s okt\u00f3ber 3-\u00e1n m\u00e9g az \u00e9desanyj\u00e1val t\u00f6lt\u00f6tte a d\u00e9lut\u00e1nt. A csal\u00e1d szerint a f\u00e9rfi azt mondta, tan\u00edtani indul, \u00e9s&#8230; <span class=\"gridview-grid-post-read-more\"><a href=\"https:\/\/online-filmkatarzis.com\/kucko\/hirek\/pilis-ismet-elnyelt-egy-szemelyt\/\">read more<span class=\"gridview-sr-only\"> Pilis ism\u00e9t elnyelt egy szem\u00e9lyt!<\/span><\/a><\/span><\/p>\n","protected":false},"author":1,"featured_media":4483,"comment_status":"open","ping_status":"open","sticky":false,"template":"","format":"standard","meta":{"footnotes":""},"categories":[1],"tags":[],"class_list":["post-4482","post","type-post","status-publish","format-standard","has-post-thumbnail","hentry","category-egyeb","wpcat-1-id"],"_links":{"self":[{"href":"https:\/\/online-filmkatarzis.com\/kucko\/hirek\/wp-json\/wp\/v2\/posts\/4482","targetHints":{"allow":["GET"]}}],"collection":[{"href":"https:\/\/online-filmkatarzis.com\/kucko\/hirek\/wp-json\/wp\/v2\/posts"}],"about":[{"href":"https:\/\/online-filmkatarzis.com\/kucko\/hirek\/wp-json\/wp\/v2\/types\/post"}],"author":[{"embeddable":true,"href":"https:\/\/online-filmkatarzis.com\/kucko\/hirek\/wp-json\/wp\/v2\/users\/1"}],"replies":[{"embeddable":true,"href":"https:\/\/online-filmkatarzis.com\/kucko\/hirek\/wp-json\/wp\/v2\/comments?post=4482"}],"version-history":[{"count":1,"href":"https:\/\/online-filmkatarzis.com\/kucko\/hirek\/wp-json\/wp\/v2\/posts\/4482\/revisions"}],"predecessor-version":[{"id":4484,"href":"https:\/\/online-filmkatarzis.com\/kucko\/hirek\/wp-json\/wp\/v2\/posts\/4482\/revisions\/4484"}],"wp:featuredmedia":[{"embeddable":true,"href":"https:\/\/online-filmkatarzis.com\/kucko\/hirek\/wp-json\/wp\/v2\/media\/4483"}],"wp:attachment":[{"href":"https:\/\/online-filmkatarzis.com\/kucko\/hirek\/wp-json\/wp\/v2\/media?parent=4482"}],"wp:term":[{"taxonomy":"category","embeddable":true,"href":"https:\/\/online-filmkatarzis.com\/kucko\/hirek\/wp-json\/wp\/v2\/categories?post=4482"},{"taxonomy":"post_tag","embeddable":true,"href":"https:\/\/online-filmkatarzis.com\/kucko\/hirek\/wp-json\/wp\/v2\/tags?post=4482"}],"curies":[{"name":"wp","href":"https:\/\/api.w.org\/{rel}","templated":true}]}}