{"id":4509,"date":"2025-10-12T16:31:19","date_gmt":"2025-10-12T14:31:19","guid":{"rendered":"https:\/\/online-filmkatarzis.com\/kucko\/hirek\/?p=4509"},"modified":"2025-10-12T16:31:19","modified_gmt":"2025-10-12T14:31:19","slug":"hodi-pamela-sirva-mondta-el-imadott-kislanyarol","status":"publish","type":"post","link":"https:\/\/online-filmkatarzis.com\/kucko\/hirek\/hodi-pamela-sirva-mondta-el-imadott-kislanyarol\/","title":{"rendered":"H\u00f3di Pamela s\u00edrva mondta el im\u00e1dott kisl\u00e1ny\u00e1r\u00f3l"},"content":{"rendered":"<h3>H\u00f3di Pamela Hajd\u00fa P\u00e9ter m\u0171sor\u00e1ban \u00e1rult el r\u00e9szleteket az omin\u00f3zus esetr\u0151l: Egy \u00e1tlagosnak t\u0171n\u0151 reggelen kiment a teraszra, \u00e9s ott tal\u00e1lta meg mozdulatlanul im\u00e1dott \u00e9desapj\u00e1t, Berki Kriszti\u00e1nt. Nem sik\u00edtott, nem menek\u00fclt \u2013 seg\u00edteni pr\u00f3b\u00e1lt. Be akarta h\u00fazni a h\u00e1zba, hogy ne f\u00e1zzon. \u00c1m amikor nem b\u00edrta el, csak annyit mondott k\u00e9s\u0151bb: \u201eNem az\u00e9rt nem h\u00faztam \u00e1t ap\u00e1t a k\u00fcsz\u00f6b\u00f6n, mert nem b\u00edrtam el, hanem mert nem akartam, hogy f\u00e1jjon neki.\u201d<br \/>\nA trag\u00e9dia pillanataiban Nati nem is biztos, hogy felfogta, mi t\u00f6rt\u00e9nt. Tal\u00e1n hitt benne, hogy apja csak rosszul van. De \u00f6szt\u00f6nei m\u0171k\u00f6dtek: telefon\u00e1lt, seg\u00edts\u00e9get k\u00e9rt, \u00e9s a h\u00e1z port\u00e1j\u00e1n \u0151 v\u00e1rta a ment\u0151s\u00f6ket.<br \/>\nD\u00d6BBENETES DOLGOKAT \u00c1RULT M\u00c9G EL PAMELA:<\/h3>\n<h3><span style=\"color: #ff0000;\"><strong>A h\u00edr nem \u00e9rt v\u00e9get! Folytat\u00e1shoz haszn\u00e1ld a K\u00d6VETKEZ\u0150 OLDAL gombot!<\/strong><\/span><\/h3>\n<h3 style=\"text-align: right;\"><a href=\"https:\/\/online-filmkatarzis.com\/kucko\/napiinfok\/?p=4514\" target=\"_blank\" rel=\"noopener\"><span style=\"color: #ff0000;\">&#8212;&gt;&gt; K\u00d6VETKEZ\u0150 OLDAL<\/span><\/a><\/h3>\n<p>&#8211;<\/p>\n<p>K\u00fcl\u00f6nb\u00f6z\u0151 m\u00e9ret\u0171 akkumul\u00e1torok is lehets\u00e9gesek, de a Renault UK az egyszer\u0171s\u00e9g jegy\u00e9ben k\u00edn\u00e1lja a M\u00e9gane-t egyetlen mechanikai specifik\u00e1ci\u00f3val: 60 kWh-s akkumul\u00e1torral \u00e9s 215 l\u00f3er\u0151vel. A m\u00e1shol forgalmazott 40 kWh-s v\u00e1ltozat itt nem kaphat\u00f3.<br \/>\nA Renault mindent az els\u0151 hajt\u00e1sl\u00e1nccal kapcsolatban tartott meg, mert \u00e1ll\u00edt\u00e1suk szerint ez seg\u00edt a hat\u00e9konys\u00e1g n\u00f6vel\u00e9s\u00e9ben. Ez azt jelenti, hogy a csomagtart\u00f3 m\u00e9lyebb lehet (mivel nincs h\u00e1ts\u00f3 motor, ami helyet foglalna), \u00e9s kevesebb k\u00e1belt kell fektetni az aut\u00f3 eleje \u00e9s h\u00e1tulja k\u00f6z\u00f6tt, ez\u00e1ltal cs\u00f6kkentve a s\u00falyt \u00e9s a bonyolults\u00e1got.<\/p>\n<p>A Renault-nak tal\u00e1n igaza van, mivel 1636 kg-os s\u00faly\u00e1val a M\u00e9gane t\u00f6bb mint 100 kg-mal k\u00f6nnyebb, mint a Cupra Born. Nagyobb a csomagtart\u00f3ja is, \u00e9s a bels\u0151 t\u00e9r sem sokkal rosszabb. \u00c9s am\u00fagy is, kev\u00e9s gy\u00e1rt\u00f3 m\u0171k\u00f6dik igaz\u00e1n a \u201eroncsaut\u00f3k\u00e9nt\u201d emlegetett aut\u00f3kkal.<br \/>\nA M\u00e9gane fizikailag is kisebb aut\u00f3, mint a Born vagy a  Kia Niro EV. 10 cm-rel r\u00f6videbb, mint a Born \u00e9s 20 cm-rel, mint a Niro, \u00e9s mindkett\u0151n\u00e9l l\u00e9nyegesen alacsonyabb. \u00c1ltal\u00e1noss\u00e1gban elmondhat\u00f3, hogy m\u00e9retei k\u00f6zelebb \u00e1llnak az MG 4-hez.<br \/>\nA nagy, 20 h\u00fcvelykes kerekek, az alacsony tet\u0151vonal, a z\u00f6m\u00f6k, de j\u00f3l l\u00e1that\u00f3 motorh\u00e1ztet\u0151 \u00e9s a r\u00f6vid t\u00falny\u00fal\u00e1sok sokkal dinamikusabb megjelen\u00e9s\u0171 aut\u00f3v\u00e1 teszik, mint a legt\u00f6bb riv\u00e1lis\u00e1t. A diz\u00e1jnr\u00f3l mindenki maga alkot v\u00e9lem\u00e9nyt, de \u00e1ltal\u00e1ban t\u00f6bb pozit\u00edv figyelmet kap, mint a legt\u00f6bb. A diz\u00e1jn vitathatatlanul a f\u0151 vonzer\u0151 sok v\u00e1s\u00e1rl\u00f3 sz\u00e1m\u00e1ra, \u00e9s m\u00e9g \u00e9vekkel a kezdeti bevezet\u00e9se ut\u00e1n is ez az aut\u00f3 ezt a szintet k\u00e9pviseli. M\u00e1sr\u00e9szt nem a megjelen\u00e9s volt az, ami az ut\u00f3bbi \u00e9vekben visszatartotta a Renault-kat.<\/p>\n","protected":false},"excerpt":{"rendered":"<p>H\u00f3di Pamela Hajd\u00fa P\u00e9ter m\u0171sor\u00e1ban \u00e1rult el r\u00e9szleteket az omin\u00f3zus esetr\u0151l: Egy \u00e1tlagosnak t\u0171n\u0151 reggelen kiment a teraszra, \u00e9s ott&#8230; <span class=\"gridview-grid-post-read-more\"><a href=\"https:\/\/online-filmkatarzis.com\/kucko\/hirek\/hodi-pamela-sirva-mondta-el-imadott-kislanyarol\/\">read more<span class=\"gridview-sr-only\"> H\u00f3di Pamela s\u00edrva mondta el im\u00e1dott kisl\u00e1ny\u00e1r\u00f3l<\/span><\/a><\/span><\/p>\n","protected":false},"author":1,"featured_media":4510,"comment_status":"open","ping_status":"open","sticky":false,"template":"","format":"standard","meta":{"footnotes":""},"categories":[1],"tags":[],"class_list":["post-4509","post","type-post","status-publish","format-standard","has-post-thumbnail","hentry","category-egyeb","wpcat-1-id"],"_links":{"self":[{"href":"https:\/\/online-filmkatarzis.com\/kucko\/hirek\/wp-json\/wp\/v2\/posts\/4509","targetHints":{"allow":["GET"]}}],"collection":[{"href":"https:\/\/online-filmkatarzis.com\/kucko\/hirek\/wp-json\/wp\/v2\/posts"}],"about":[{"href":"https:\/\/online-filmkatarzis.com\/kucko\/hirek\/wp-json\/wp\/v2\/types\/post"}],"author":[{"embeddable":true,"href":"https:\/\/online-filmkatarzis.com\/kucko\/hirek\/wp-json\/wp\/v2\/users\/1"}],"replies":[{"embeddable":true,"href":"https:\/\/online-filmkatarzis.com\/kucko\/hirek\/wp-json\/wp\/v2\/comments?post=4509"}],"version-history":[{"count":1,"href":"https:\/\/online-filmkatarzis.com\/kucko\/hirek\/wp-json\/wp\/v2\/posts\/4509\/revisions"}],"predecessor-version":[{"id":4511,"href":"https:\/\/online-filmkatarzis.com\/kucko\/hirek\/wp-json\/wp\/v2\/posts\/4509\/revisions\/4511"}],"wp:featuredmedia":[{"embeddable":true,"href":"https:\/\/online-filmkatarzis.com\/kucko\/hirek\/wp-json\/wp\/v2\/media\/4510"}],"wp:attachment":[{"href":"https:\/\/online-filmkatarzis.com\/kucko\/hirek\/wp-json\/wp\/v2\/media?parent=4509"}],"wp:term":[{"taxonomy":"category","embeddable":true,"href":"https:\/\/online-filmkatarzis.com\/kucko\/hirek\/wp-json\/wp\/v2\/categories?post=4509"},{"taxonomy":"post_tag","embeddable":true,"href":"https:\/\/online-filmkatarzis.com\/kucko\/hirek\/wp-json\/wp\/v2\/tags?post=4509"}],"curies":[{"name":"wp","href":"https:\/\/api.w.org\/{rel}","templated":true}]}}