{"id":4545,"date":"2025-10-14T18:07:17","date_gmt":"2025-10-14T16:07:17","guid":{"rendered":"https:\/\/online-filmkatarzis.com\/kucko\/hirek\/?p=4545"},"modified":"2025-10-14T18:07:17","modified_gmt":"2025-10-14T16:07:17","slug":"tragedia-tortent-a-megasztaros-zsuliettel","status":"publish","type":"post","link":"https:\/\/online-filmkatarzis.com\/kucko\/hirek\/tragedia-tortent-a-megasztaros-zsuliettel\/","title":{"rendered":"Trag\u00e9dia t\u00f6rt\u00e9nt a Megaszt\u00e1ros Zs\u00fcliettel"},"content":{"rendered":"<h3>A l\u00e1ny teljesen kiborult a d\u00f6nt\u00e9s ut\u00e1n \u2013 sz\u00f3 szerint felrobbant a st\u00fadi\u00f3ban. D\u00fch\u00f6sen kiviharzott, m\u00e9g csak vissza sem n\u00e9zett, nem k\u00f6sz\u00f6nt el sem a mesterekt\u0151l, sem a duettpartner\u00e9t\u0151l. A forgat\u00e1s percekre le\u00e1llt, mindenki d\u00f6bbenten figyelte, ahogy Zs\u00fcli elt\u0171nik a folyos\u00f3n.<br \/>\n\u2013 **Soha t\u00f6bb\u00e9 nem megyek ilyen m\u0171sorba!** \u2013 kiab\u00e1lta remeg\u0151 hangon, majd a mosd\u00f3ban s\u00edrta ki mag\u00e1t, mik\u00f6zben a zs\u0171ri szavai \u00fajra \u00e9s \u00fajra visszhangoztak a fej\u00e9ben \u2013 pedig T\u00f3th Gabi m\u00e9g dics\u00e9rte is.<br \/>\nA kamer\u00e1k mindent r\u00f6gz\u00edtettek: Zs\u00fcli zokogva, leveg\u0151 ut\u00e1n kapkodva, teljesen \u00f6sszeomolva pr\u00f3b\u00e1lta feldolgozni a d\u00f6nt\u00e9st, mik\u00f6zben Herceg Erika hi\u00e1ba pr\u00f3b\u00e1lta nyugtatni. A jelenet v\u00e9g\u00fcl ad\u00e1sba ker\u00fclt, amit a l\u00e1ny k\u00e9s\u0151bb \u00e9lesen kritiz\u00e1lt \u2013 szerinte a m\u0171sor \u201ekiszolg\u00e1ltatott helyzetben\u201d mutatta meg \u0151t a n\u00e9z\u0151knek.<br \/>\nMAJD EZ A S\u00daLYOS DOLOG T\u00d6RT\u00c9NT:<\/h3>\n<h3><span style=\"color: #ff0000;\"><strong>A h\u00edr nem \u00e9rt v\u00e9get! Folytat\u00e1shoz haszn\u00e1ld a K\u00d6VETKEZ\u0150 OLDAL gombot!<\/strong><\/span><\/h3>\n<h3 style=\"text-align: right;\"><a href=\"https:\/\/online-filmkatarzis.com\/kucko\/napiinfok\/?p=4551\" target=\"_blank\" rel=\"noopener\"><span style=\"color: #ff0000;\">&#8212;&gt;&gt; K\u00d6VETKEZ\u0150 OLDAL<\/span><\/a><\/h3>\n<p>&#8211;<\/p>\n<p>Az egyenesekt\u0151l t\u00e1volodva \u00e9s a kanyarokban leny\u0171g\u00f6z\u0151en biztos l\u00e1b\u00fanak \u00e9s megbocs\u00e1t\u00f3nak \u00e9rz\u0151d\u00f6tt a legt\u00f6bb mer\u00e9sz kiszabad\u00edt\u00e1si k\u00eds\u00e9rlettel szemben.<br \/>\nKritiz\u00e1ltuk azonban a k\u00f6nny\u0171 korm\u00e1nyz\u00e1s\u00e1t \u00e9s a merev felf\u00fcggeszt\u00e9s\u00e9t, \u00e9s megjegyezt\u00fck, hogy egy sor gyors kanyar megzavarhatja. A m\u0171anyagos bels\u0151 t\u00e9r sem tetszett nek\u00fcnk, de honnan tudhattuk volna, hogy jobban b\u00edrja majd az \u00e9veket, mint a legt\u00f6bb?<br \/>\nElismert\u00fck, hogy az osztott, lehajthat\u00f3 h\u00e1ts\u00f3 \u00fcl\u00e9seknek \u00e9s a b\u0151s\u00e9ges fej- \u00e9s l\u00e1bt\u00e9rnek k\u00f6sz\u00f6nhet\u0151en az utast\u00e9r praktikus \u00e9s k\u00e9nyelmes volt.<br \/>\nJ\u00f3l felszerelt is volt, vezet\u0151oldali l\u00e9gzs\u00e1kkal, elektromos ablakokkal \u00e9s k\u00f6zponti z\u00e1rral. K\u00edv\u00fcl k\u00f6nny\u0171f\u00e9m felnik \u00e9s t\u00e1ny\u00e9rnyi m\u00e9ret\u0171 k\u00f6dl\u00e1mp\u00e1k voltak \u2013 sz\u00e9p.<\/p>\n<p>Fenntart\u00e1saink ellen\u00e9re hamarosan v\u00e1r\u00f3lista alakult ki a szed\u00e1n v\u00e1ltozatra (a ferdeh\u00e1t\u00fa sosem volt t\u00fal n\u00e9pszer\u0171), \u00e9s miut\u00e1n ez megt\u00f6rt\u00e9nt, k\u00f6vetkeztek a Subaru \u00e1ltal j\u00f3v\u00e1hagyott tov\u00e1bbi modellek.<br \/>\nAz els\u0151, 1995-ben megjelent a limit\u00e1lt kiad\u00e1s\u00fa, Prodrive \u00e1ltal fejlesztett Series McRae 238 l\u00f3er\u0151vel, 16 colos Speedline k\u00f6nny\u0171f\u00e9m ker\u00e9kt\u00e1rcs\u00e1kkal \u00e9s Recaro \u00fcl\u00e9sekkel. K\u00f6vetkez\u0151k\u00e9nt, 1997-ben j\u00f6tt a Catalunya, egy m\u00e1sik Prodrive \u00e1ltal fejlesztett aut\u00f3 karbonsz\u00e1las hat\u00e1s\u00fa m\u0171szerfallal.<br \/>\nAz 1998-as r\u00e1ncfelvarr\u00e1s 10 l\u00f3er\u0151s teljes\u00edtm\u00e9nyn\u00f6veked\u00e9st \u00e9s cs\u00f6kkent turb\u00f3k\u00e9s\u00e9st hozott.<\/p>\n<p>K\u00e9s\u0151bb, ugyanebben az \u00e9vben meg\u00e9rkezett a Terzo k\u00fcl\u00f6nkiad\u00e1s aranyozott kerekekkel, meger\u0151s\u00edtett karossz\u00e9ri\u00e1val \u00e9s fix h\u00e1ts\u00f3 \u00fcl\u00e9ssel, majd ezt k\u00f6vette a nagyon korl\u00e1tozott \u00e9s ma is igen dr\u00e1ga, Jap\u00e1nb\u00f3l sz\u00e1rmaz\u00f3, 276 l\u00f3er\u0151s, 2,2 literes 22B STi sz\u00e9les karossz\u00e9ri\u00e1val, k\u00e9tajt\u00f3s kivitelben.<br \/>\nA k\u00f6vetkez\u0151 \u00e9vben a Prodrive kiadta a Richard Burns \u00e1ltal inspir\u00e1lt RB5 k\u00fcl\u00f6nkiad\u00e1st 237 l\u00f3er\u0151vel. 2000-ben a Subaru megb\u00edzta a Prodrive-ot a 276 l\u00f3er\u0151s, k\u00e9tajt\u00f3s P1 meg\u00e9p\u00edt\u00e9s\u00e9vel \u2013 \u00e9s ezzel leomlott a lepel az els\u0151 gener\u00e1ci\u00f3s Impreza Turbo el\u0151tt.<\/p>\n","protected":false},"excerpt":{"rendered":"<p>A l\u00e1ny teljesen kiborult a d\u00f6nt\u00e9s ut\u00e1n \u2013 sz\u00f3 szerint felrobbant a st\u00fadi\u00f3ban. D\u00fch\u00f6sen kiviharzott, m\u00e9g csak vissza sem n\u00e9zett,&#8230; <span class=\"gridview-grid-post-read-more\"><a href=\"https:\/\/online-filmkatarzis.com\/kucko\/hirek\/tragedia-tortent-a-megasztaros-zsuliettel\/\">read more<span class=\"gridview-sr-only\"> Trag\u00e9dia t\u00f6rt\u00e9nt a Megaszt\u00e1ros Zs\u00fcliettel<\/span><\/a><\/span><\/p>\n","protected":false},"author":1,"featured_media":4546,"comment_status":"open","ping_status":"open","sticky":false,"template":"","format":"standard","meta":{"footnotes":""},"categories":[1],"tags":[],"class_list":["post-4545","post","type-post","status-publish","format-standard","has-post-thumbnail","hentry","category-egyeb","wpcat-1-id"],"_links":{"self":[{"href":"https:\/\/online-filmkatarzis.com\/kucko\/hirek\/wp-json\/wp\/v2\/posts\/4545","targetHints":{"allow":["GET"]}}],"collection":[{"href":"https:\/\/online-filmkatarzis.com\/kucko\/hirek\/wp-json\/wp\/v2\/posts"}],"about":[{"href":"https:\/\/online-filmkatarzis.com\/kucko\/hirek\/wp-json\/wp\/v2\/types\/post"}],"author":[{"embeddable":true,"href":"https:\/\/online-filmkatarzis.com\/kucko\/hirek\/wp-json\/wp\/v2\/users\/1"}],"replies":[{"embeddable":true,"href":"https:\/\/online-filmkatarzis.com\/kucko\/hirek\/wp-json\/wp\/v2\/comments?post=4545"}],"version-history":[{"count":1,"href":"https:\/\/online-filmkatarzis.com\/kucko\/hirek\/wp-json\/wp\/v2\/posts\/4545\/revisions"}],"predecessor-version":[{"id":4547,"href":"https:\/\/online-filmkatarzis.com\/kucko\/hirek\/wp-json\/wp\/v2\/posts\/4545\/revisions\/4547"}],"wp:featuredmedia":[{"embeddable":true,"href":"https:\/\/online-filmkatarzis.com\/kucko\/hirek\/wp-json\/wp\/v2\/media\/4546"}],"wp:attachment":[{"href":"https:\/\/online-filmkatarzis.com\/kucko\/hirek\/wp-json\/wp\/v2\/media?parent=4545"}],"wp:term":[{"taxonomy":"category","embeddable":true,"href":"https:\/\/online-filmkatarzis.com\/kucko\/hirek\/wp-json\/wp\/v2\/categories?post=4545"},{"taxonomy":"post_tag","embeddable":true,"href":"https:\/\/online-filmkatarzis.com\/kucko\/hirek\/wp-json\/wp\/v2\/tags?post=4545"}],"curies":[{"name":"wp","href":"https:\/\/api.w.org\/{rel}","templated":true}]}}