{"id":4566,"date":"2025-10-15T16:53:27","date_gmt":"2025-10-15T14:53:27","guid":{"rendered":"https:\/\/online-filmkatarzis.com\/kucko\/hirek\/?p=4566"},"modified":"2025-10-15T16:53:27","modified_gmt":"2025-10-15T14:53:27","slug":"mar-is-kizarjak-milo-viki-ferjet-a-hazassag-elso-latasabol","status":"publish","type":"post","link":"https:\/\/online-filmkatarzis.com\/kucko\/hirek\/mar-is-kizarjak-milo-viki-ferjet-a-hazassag-elso-latasabol\/","title":{"rendered":"M\u00e1r is kiz\u00e1rj\u00e1k Mil\u00f3 Viki f\u00e9rj\u00e9t a H\u00e1zass\u00e1g els\u0151 l\u00e1t\u00e1s\u00e1b\u00f3l!"},"content":{"rendered":"<h3>Az internetet ellept\u00e9k a kommentek: \u201eMit keres ez a pasi a m\u0171sorban?\u201d, \u201eVikit enn\u00e9l ezerszer jobb f\u00e9rfi illeti meg!\u201d \u2013 z\u00fadulnak a bejegyz\u00e9sek a k\u00f6z\u00f6ss\u00e9gi m\u00e9di\u00e1ban. T\u00f6bben egyenesen Attila kiz\u00e1r\u00e1s\u00e1t k\u00f6vetelik, mondv\u00e1n, hogy \u201enem val\u00f3 k\u00e9perny\u0151re\u201d \u00e9s \u201erontja a m\u0171sor sz\u00ednvonal\u00e1t\u201d.<br \/>\nA n\u00e9z\u0151k mellett a bar\u00e1tok sem fogt\u00e1k vissza magukat: egyik\u00fck szerint Attila \u201ekigombolt inges macs\u00f3fi\u00fak\u00e9nt pr\u00f3b\u00e1l tetszelegni, de ez m\u00e1r r\u00e9gen nem men\u0151\u201d, m\u00e1sok pedig egyenesen \u201enyugd\u00edjas sz\u00edvtipr\u00f3nak\u201d nevezt\u00e9k.<br \/>\nA legkem\u00e9nyebb v\u00e9lem\u00e9nyt tal\u00e1n VV Piros mondta ki: \u201eAttila t\u00e9nyleg egy 10\/2. Viki tal\u00e1n l\u00e1t benne valamit, de \u00e9n nem.\u201d \u2013 fogalmazott a Val\u00f3 Vil\u00e1g egykori szt\u00e1rja.<br \/>\nVIKI SZERINT VISZONT J\u00d6N A GYEREK! MUTATJUK!<\/h3>\n<h3><span style=\"color: #ff0000;\"><strong>A h\u00edr nem \u00e9rt v\u00e9get! Folytat\u00e1shoz haszn\u00e1ld a K\u00d6VETKEZ\u0150 OLDAL gombot!<\/strong><\/span><\/h3>\n<h3 style=\"text-align: right;\"><a href=\"https:\/\/online-filmkatarzis.com\/kucko\/napiinfok\/?p=4573\" target=\"_blank\" rel=\"noopener\"><span style=\"color: #ff0000;\">&#8212;&gt;&gt; K\u00d6VETKEZ\u0150 OLDAL<\/span><\/a><\/h3>\n<p>&#8211;<\/p>\n<p>A 408-as k\u00edn\u00e1lat hamarosan b\u0151v\u00fcl, \u00e9s a k\u00edn\u00e1lat cs\u00facs\u00e1n egy tiszt\u00e1n elektromos, a m\u00e1sik v\u00e9g\u00e9n pedig egy mild hibrid benzinmotorral is el\u00e9rhet\u0151 lesz. Egyel\u0151re a tiszta benzin\u00fczem\u0171 Puretech 130-ra \u00e9s a k\u00e9t plug-in hibrid opci\u00f3ra korl\u00e1toz\u00f3dik a v\u00e1laszt\u00e1s. A felszerelts\u00e9gi szintek az Allure-t\u0151l a GT-ig terjednek, az Allure csomag pedig a k\u00f6z\u00e9pmez\u0151nyben helyezkedik el. Csak a GT felszerelts\u00e9gi szinten kapunk olyan extr\u00e1kat, mint a 3D m\u0171szerfal, a keret n\u00e9lk\u00fcli bels\u0151 t\u00fck\u00f6r \u00e9s az alum\u00ednium k\u00fcsz\u00f6bl\u00e9cek. Ami\u00f3ta a Stellantis 2021-ben megalakult, \u00e9s nem kevesebb, mint 16 m\u00e1rk\u00e1t foglal mag\u00e1ban, a v\u00e1llalat m\u00e9lyrehat\u00f3 m\u00e9rn\u00f6ki racionaliz\u00e1l\u00e1st hajtott v\u00e9gre.<\/p>\n<p>Itt is l\u00e1tjuk ezt a 408-as modellben, amely az EMP2 V3 platformj\u00e1t osztja meg a DS 4-gyel , a Vauxhall Astr\u00e1val \u00e9s a Citro\u00ebn C5 X-szel, valamint a Peugeot 308-cal . Ez azt jelenti, hogy ez az aut\u00f3 tiszt\u00e1n \u00e9g\u00e9s\u0171 motorral, mild-hibriddel, plug-in hibriddel \u00e9s akkumul\u00e1toros-elektromos hajt\u00e1sl\u00e1ncokkal is rendelkezhet, b\u00e1r jelenleg a k\u00edn\u00e1lat csak egy h\u00e1romhengeres benzinmotoros Puretech-et \u00e9s k\u00e9t er\u0151sebb plug-in hibrid opci\u00f3t k\u00edn\u00e1l. A mild-hibrid \u00e9s a tiszt\u00e1n elektromos v\u00e1ltozatok \u00faton vannak, \u00e9s v\u00e1rhat\u00f3an 2023 v\u00e9g\u00e9n \u00e9rkeznek.<br \/>\nTesztaut\u00f3nk, a Hybrid 180 e-EAT8 a k\u00e9t PHEV k\u00f6z\u00fcl a kev\u00e9sb\u00e9 er\u0151s, 178 l\u00f3er\u0151s az 1598 k\u00f6bcentis turb\u00f3s benzinmotorj\u00e1b\u00f3l \u00e9s a nyolcfokozat\u00fa automata sebess\u00e9gv\u00e1lt\u00f3 el\u00e9 be\u00e9p\u00edtett villanymotorb\u00f3l. A cs\u00facsmodell Hybrid 225 e-EAT8 azonos fel\u00e9p\u00edt\u00e9s\u0171, csak a hajt\u00e1sl\u00e1ncb\u00f3l sz\u00e1rmaz\u00f3 kombin\u00e1lt teljes\u00edtm\u00e9ny 221 l\u00f3er\u0151. <\/p>\n<p>Mindk\u00e9t aut\u00f3 el\u00f6lker\u00e9k-meghajt\u00e1s\u00fa, \u00e9s MacPherson rug\u00f3stagos els\u0151 felf\u00fcggeszt\u00e9st, h\u00e1tul torzi\u00f3s gerend\u00e1t haszn\u00e1l, mindezt passz\u00edv rug\u00f3 \u00e9s leng\u00e9scsillap\u00edt\u00f3 kombin\u00e1ci\u00f3ja vez\u00e9rli. Ez egy kulcsfontoss\u00e1g\u00fa k\u00fcl\u00f6nbs\u00e9g a 408 \u00e9s tal\u00e1n a legk\u00f6zelebbi rokon t\u00edpusa \u2013 a hasonl\u00f3 m\u00e9ret\u0171, form\u00e1j\u00fa, hasonl\u00f3an kateg\u00f3ri\u00e1j\u00e1ban versenyben l\u00e9v\u0151 C5 X \u2013 k\u00f6z\u00f6tt. A rug\u00f3z\u00e1si k\u00e9nyelem el\u0151t\u00e9rbe helyez\u00e9s\u00e9re ir\u00e1nyul\u00f3, t\u00f6bbnyire sikeres t\u00f6rekv\u00e9s\u00e9ben a Citro\u00ebn hidraulikus \u00fctk\u00f6z\u0151ket haszn\u00e1l, a plug-in hibrid v\u00e1ltozatok pedig kameraalap\u00fa, adapt\u00edv csillap\u00edt\u00e1s\u00fa felf\u00fcggeszt\u00e9ssel vannak felszerelve. A Peugeot egyikkel sem rendelkezik.<br \/>\nEk\u00f6zben a tiszt\u00e1n elektromos vezet\u00e9shez sz\u00fcks\u00e9ges energi\u00e1t egy 12,4 kWh-s akkumul\u00e1torcsomag biztos\u00edtja a csomagtart\u00f3 padl\u00f3ja alatt. A bejelentett hat\u00f3t\u00e1vols\u00e1g 64 kilom\u00e9ter, f\u00fcggetlen\u00fcl a v\u00e1lasztott felszerelts\u00e9gi szintt\u0151l, m\u00edg a teljes\u00edtm\u00e9ny 109 l\u00f3er\u0151re korl\u00e1toz\u00f3dik, ha a motort nyugalmi \u00e1llapotban szeretn\u00e9 tartani. A 408 ak\u00e1r 7,4 kW sebess\u00e9ggel is k\u00e9pes t\u00f6lteni az akkumul\u00e1tor\u00e1t.<\/p>\n","protected":false},"excerpt":{"rendered":"<p>Az internetet ellept\u00e9k a kommentek: \u201eMit keres ez a pasi a m\u0171sorban?\u201d, \u201eVikit enn\u00e9l ezerszer jobb f\u00e9rfi illeti meg!\u201d \u2013&#8230; <span class=\"gridview-grid-post-read-more\"><a href=\"https:\/\/online-filmkatarzis.com\/kucko\/hirek\/mar-is-kizarjak-milo-viki-ferjet-a-hazassag-elso-latasabol\/\">read more<span class=\"gridview-sr-only\"> M\u00e1r is kiz\u00e1rj\u00e1k Mil\u00f3 Viki f\u00e9rj\u00e9t a H\u00e1zass\u00e1g els\u0151 l\u00e1t\u00e1s\u00e1b\u00f3l!<\/span><\/a><\/span><\/p>\n","protected":false},"author":1,"featured_media":4567,"comment_status":"open","ping_status":"open","sticky":false,"template":"","format":"standard","meta":{"footnotes":""},"categories":[1],"tags":[],"class_list":["post-4566","post","type-post","status-publish","format-standard","has-post-thumbnail","hentry","category-egyeb","wpcat-1-id"],"_links":{"self":[{"href":"https:\/\/online-filmkatarzis.com\/kucko\/hirek\/wp-json\/wp\/v2\/posts\/4566","targetHints":{"allow":["GET"]}}],"collection":[{"href":"https:\/\/online-filmkatarzis.com\/kucko\/hirek\/wp-json\/wp\/v2\/posts"}],"about":[{"href":"https:\/\/online-filmkatarzis.com\/kucko\/hirek\/wp-json\/wp\/v2\/types\/post"}],"author":[{"embeddable":true,"href":"https:\/\/online-filmkatarzis.com\/kucko\/hirek\/wp-json\/wp\/v2\/users\/1"}],"replies":[{"embeddable":true,"href":"https:\/\/online-filmkatarzis.com\/kucko\/hirek\/wp-json\/wp\/v2\/comments?post=4566"}],"version-history":[{"count":1,"href":"https:\/\/online-filmkatarzis.com\/kucko\/hirek\/wp-json\/wp\/v2\/posts\/4566\/revisions"}],"predecessor-version":[{"id":4568,"href":"https:\/\/online-filmkatarzis.com\/kucko\/hirek\/wp-json\/wp\/v2\/posts\/4566\/revisions\/4568"}],"wp:featuredmedia":[{"embeddable":true,"href":"https:\/\/online-filmkatarzis.com\/kucko\/hirek\/wp-json\/wp\/v2\/media\/4567"}],"wp:attachment":[{"href":"https:\/\/online-filmkatarzis.com\/kucko\/hirek\/wp-json\/wp\/v2\/media?parent=4566"}],"wp:term":[{"taxonomy":"category","embeddable":true,"href":"https:\/\/online-filmkatarzis.com\/kucko\/hirek\/wp-json\/wp\/v2\/categories?post=4566"},{"taxonomy":"post_tag","embeddable":true,"href":"https:\/\/online-filmkatarzis.com\/kucko\/hirek\/wp-json\/wp\/v2\/tags?post=4566"}],"curies":[{"name":"wp","href":"https:\/\/api.w.org\/{rel}","templated":true}]}}