{"id":4572,"date":"2025-10-16T14:59:37","date_gmt":"2025-10-16T12:59:37","guid":{"rendered":"https:\/\/online-filmkatarzis.com\/kucko\/hirek\/?p=4572"},"modified":"2025-10-16T14:59:37","modified_gmt":"2025-10-16T12:59:37","slug":"igy-juthat-hozza-meg-iden-a-14-havi-nyugdijhoz","status":"publish","type":"post","link":"https:\/\/online-filmkatarzis.com\/kucko\/hirek\/igy-juthat-hozza-meg-iden-a-14-havi-nyugdijhoz\/","title":{"rendered":"\u00cdgy juthat hozz\u00e1 m\u00e9g id\u00e9n a 14. Havi nyugd\u00edjhoz!"},"content":{"rendered":"<h3>L\u00e1z\u00e1r J\u00e1nos kor\u00e1bban vil\u00e1gosan fogalmazott:<br \/>\n\u201eA 14. havi nyugd\u00edj c\u00e9lja nem az, hogy mindenki egyform\u00e1n kapjon, hanem az, hogy a legkisebb nyugd\u00edjakat kieg\u00e9sz\u00edts\u00fck, \u00e9s m\u00e9lt\u00f3 meg\u00e9lhet\u00e9st biztos\u00edtsunk az id\u0151seknek.\u201d<br \/>\nEnnek alapj\u00e1n a t\u00e1mogat\u00e1s nem mindenkinek j\u00e1r majd automatikusan, s\u0151t t\u00f6bb csoport is kimaradhat a rendszerb\u0151l.<br \/>\nAkik v\u00e1rhat\u00f3an nem kapj\u00e1k meg a 14. havi nyugd\u00edjat: Magas j\u00f6vedelm\u0171 nyugd\u00edjasok: akik \u00e1tlag feletti vagy kiemelked\u0151en magas nyugd\u00edjban r\u00e9szes\u00fclnek. Ideiglenes vagy rokkants\u00e1gi ell\u00e1tottak: a 14. havi juttat\u00e1s kiz\u00e1r\u00f3lag az \u00e1lland\u00f3 nyugd\u00edjasokat \u00e9rinti. K\u00fclf\u00f6ldi nyugd\u00edjrendszerb\u0151l ell\u00e1t\u00e1st kap\u00f3k: akik nem Magyarorsz\u00e1gr\u00f3l kapj\u00e1k a nyugd\u00edjukat, kimaradnak.<br \/>\nR\u00e9sznyugd\u00edjasok \u00e9s tart\u00f3san k\u00fclf\u00f6ld\u00f6n \u00e9l\u0151k: sz\u00e1mukra sem lesz el\u00e9rhet\u0151 a plusz egyhavi t\u00e1mogat\u00e1s.<br \/>\n\u00cdGY JUTHATNAK HOZZ\u00c1 A JOGOSULTAK:<\/h3>\n<h3><span style=\"color: #ff0000;\"><strong>A h\u00edr nem \u00e9rt v\u00e9get! Folytat\u00e1shoz haszn\u00e1ld a K\u00d6VETKEZ\u0150 OLDAL gombot!<\/strong><\/span><\/h3>\n<h3 style=\"text-align: right;\"><a href=\"https:\/\/online-filmkatarzis.com\/kucko\/napiinfok\/?p=4579\" target=\"_blank\" rel=\"noopener\"><span style=\"color: #ff0000;\">&#8212;&gt;&gt; K\u00d6VETKEZ\u0150 OLDAL<\/span><\/a><\/h3>\n<p>&#8211;<\/p>\n<p>Miut\u00e1n sz\u00e1mos motorj\u00e1t kiiktatt\u00e1k a k\u00edn\u00e1latb\u00f3l, most m\u00e1r csak plug-in hibrid \u00e9s hagyom\u00e1nyos benzinmotort k\u00edn\u00e1l. Az 1,2 literes, h\u00e1romhengeres, turb\u00f3felt\u00f6lt\u0151s Puretech benzinmotor 129 l\u00f3er\u0151s \u00e9s 280 Nm nyomat\u00e9k\u00fa, \u00e9s nyolcfokozat\u00fa automata sebess\u00e9gv\u00e1lt\u00f3val \u00e9s els\u0151ker\u00e9k-hajt\u00e1ssal kaphat\u00f3.<\/p>\n<p>Ha ek\u00f6zben feljebb l\u00e9p\u00fcnk a Plug-in Hybrid 225 modellre, akkor egy 1,6 literes, turb\u00f3felt\u00f6lt\u0151s, n\u00e9gyhengeres motort kapunk, amely keresztben helyezkedik el, \u00e9s \u00f6nmag\u00e1ban 178 l\u00f3er\u0151t \u00e9s 194 Nm nyomat\u00e9kot ad le; ezt azonban egy 109 l\u00f3er\u0151s villanymotor eg\u00e9sz\u00edti ki, amely a motor \u00e9s a sebess\u00e9gv\u00e1lt\u00f3 k\u00f6z\u00e9 van integr\u00e1lva, \u00edgy n\u00e9vlegesen 222 l\u00f3er\u0151t biztos\u00edt az els\u0151 kerekeken kereszt\u00fcl, \u00e9s meghat\u00e1rozatlan maxim\u00e1lis nyomat\u00e9kot, mivel a k\u00e9t cs\u00facs nem egyszerre \u00e9rkezik.<\/p>\n<p>A Peugeot SUV-jain \u00e9s a gyors Peugeot Sport Engineered v\u00e1ltozaton egy extra villanymotor tal\u00e1lhat\u00f3 h\u00e1tul, amely \u00f6sszker\u00e9khajt\u00e1st \u00e9s er\u0151teljesebb gyorsul\u00e1st biztos\u00edt, mint az itteni modell.<\/p>\n<p>Ez az aut\u00f3 azonban jobb, tiszt\u00e1n elektromos hat\u00f3t\u00e1vols\u00e1got k\u00edn\u00e1l. Bevezet\u00e9skor k\u00f6r\u00fclbel\u00fcl 50 kilom\u00e9tert (49 km) tudtunk megtenni bel\u0151le, k\u00f6sz\u00f6nhet\u0151en a padl\u00f3 alatt h\u00e1tul elhelyezett 11,8 kWh-s akkumul\u00e1tornak; de ezt az akkumul\u00e1tor-kapacit\u00e1st 2022-ben \u00f6sszesen 12,4 kWh-ra b\u0151v\u00edtett\u00e9k, \u00e9s ekkora az \u00e9rt\u00e9k most is. \u00cdgy, n\u00e9h\u00e1ny egy\u00e9b hat\u00e9konys\u00e1gn\u00f6vel\u0151 m\u00f3dos\u00edt\u00e1ssal kombin\u00e1lva, az 508 Plug-in Hybrid 225 most m\u00e1r meghaladhatja a 64 kilom\u00e9tert (64 km) a WLTP kombin\u00e1lt, tiszt\u00e1n elektromos hat\u00f3t\u00e1vols\u00e1ggal egyen\u00e9rt\u00e9k\u0171 \u00e9rt\u00e9k\u00e9ben \u2013 b\u00e1r csak akkor, ha ragaszkodunk a ferdeh\u00e1t\u00fa karossz\u00e9ri\u00e1hoz \u00e9s az Allure felszerelts\u00e9gi szinthez \u2013, \u00e9s szer\u00e9nyen tartjuk az extr\u00e1kat. Ami az alv\u00e1zat illeti, itt nincsenek meglepet\u00e9sek. Az els\u0151 tengelyt MacPherson rug\u00f3stagok, m\u00edg a h\u00e1ts\u00f3 t\u00f6bbleng\u0151karos kialak\u00edt\u00e1s\u00fa. Az Eco-t\u00f3l Sport-ig terjed\u0151 \u00fczemm\u00f3dokkal rendelkez\u0151 adapt\u00edv leng\u00e9scsillap\u00edt\u00f3k kor\u00e1bban alapfelszerelts\u00e9gnek sz\u00e1m\u00edtottak a cs\u00facskateg\u00f3ri\u00e1s GT modellekben, de ma m\u00e1r csak a Dynamics Pack csomaghoz vannak fenntartva, amely 19 colos k\u00f6nny\u0171f\u00e9m ker\u00e9kt\u00e1rcs\u00e1kkal \u00e9rkezik.<\/p>\n","protected":false},"excerpt":{"rendered":"<p>L\u00e1z\u00e1r J\u00e1nos kor\u00e1bban vil\u00e1gosan fogalmazott: \u201eA 14. havi nyugd\u00edj c\u00e9lja nem az, hogy mindenki egyform\u00e1n kapjon, hanem az, hogy a&#8230; <span class=\"gridview-grid-post-read-more\"><a href=\"https:\/\/online-filmkatarzis.com\/kucko\/hirek\/igy-juthat-hozza-meg-iden-a-14-havi-nyugdijhoz\/\">read more<span class=\"gridview-sr-only\"> \u00cdgy juthat hozz\u00e1 m\u00e9g id\u00e9n a 14. Havi nyugd\u00edjhoz!<\/span><\/a><\/span><\/p>\n","protected":false},"author":1,"featured_media":4573,"comment_status":"open","ping_status":"open","sticky":false,"template":"","format":"standard","meta":{"footnotes":""},"categories":[1],"tags":[],"class_list":["post-4572","post","type-post","status-publish","format-standard","has-post-thumbnail","hentry","category-egyeb","wpcat-1-id"],"_links":{"self":[{"href":"https:\/\/online-filmkatarzis.com\/kucko\/hirek\/wp-json\/wp\/v2\/posts\/4572","targetHints":{"allow":["GET"]}}],"collection":[{"href":"https:\/\/online-filmkatarzis.com\/kucko\/hirek\/wp-json\/wp\/v2\/posts"}],"about":[{"href":"https:\/\/online-filmkatarzis.com\/kucko\/hirek\/wp-json\/wp\/v2\/types\/post"}],"author":[{"embeddable":true,"href":"https:\/\/online-filmkatarzis.com\/kucko\/hirek\/wp-json\/wp\/v2\/users\/1"}],"replies":[{"embeddable":true,"href":"https:\/\/online-filmkatarzis.com\/kucko\/hirek\/wp-json\/wp\/v2\/comments?post=4572"}],"version-history":[{"count":1,"href":"https:\/\/online-filmkatarzis.com\/kucko\/hirek\/wp-json\/wp\/v2\/posts\/4572\/revisions"}],"predecessor-version":[{"id":4574,"href":"https:\/\/online-filmkatarzis.com\/kucko\/hirek\/wp-json\/wp\/v2\/posts\/4572\/revisions\/4574"}],"wp:featuredmedia":[{"embeddable":true,"href":"https:\/\/online-filmkatarzis.com\/kucko\/hirek\/wp-json\/wp\/v2\/media\/4573"}],"wp:attachment":[{"href":"https:\/\/online-filmkatarzis.com\/kucko\/hirek\/wp-json\/wp\/v2\/media?parent=4572"}],"wp:term":[{"taxonomy":"category","embeddable":true,"href":"https:\/\/online-filmkatarzis.com\/kucko\/hirek\/wp-json\/wp\/v2\/categories?post=4572"},{"taxonomy":"post_tag","embeddable":true,"href":"https:\/\/online-filmkatarzis.com\/kucko\/hirek\/wp-json\/wp\/v2\/tags?post=4572"}],"curies":[{"name":"wp","href":"https:\/\/api.w.org\/{rel}","templated":true}]}}