{"id":4629,"date":"2025-10-20T15:27:06","date_gmt":"2025-10-20T13:27:06","guid":{"rendered":"https:\/\/online-filmkatarzis.com\/kucko\/hirek\/?p=4629"},"modified":"2025-10-20T15:27:06","modified_gmt":"2025-10-20T13:27:06","slug":"svaby-andras-megszolalt-a-valasrol-hanyok","status":"publish","type":"post","link":"https:\/\/online-filmkatarzis.com\/kucko\/hirek\/svaby-andras-megszolalt-a-valasrol-hanyok\/","title":{"rendered":"Sv\u00e1by Andr\u00e1s megsz\u00f3lalt a v\u00e1l\u00e1sr\u00f3l! &#8222;H\u00e1nyok&#8221;"},"content":{"rendered":"<h3>Err\u0151l a t\u00f6rt\u00e9netr\u0151l maga Sv\u00e1by Andr\u00e1s mes\u00e9lt az \u00datk\u00f6zben kider\u00edtem c\u00edm\u0171 m\u0171sor felv\u00e9tele sor\u00e1n, amikor V\u00e1lyi Istv\u00e1n megk\u00e9rdezte t\u0151le, mi volt a legvadabb pletyka, amit valaha r\u00f3la hallott. \u201eEz egy igaz\u00e1n \u00e9rdekes sztori, amit tulajdonk\u00e9ppen Oroszl\u00e1n Szonj\u00e1t\u00f3l hallottam vissza magamr\u00f3l\u201d \u2013 kezdte nevetve a m\u0171sorvezet\u0151. Elmond\u00e1sa szerint a sz\u00edn\u00e9szn\u0151 f\u00e9rje annak idej\u00e9n azzal v\u00e1dolta meg Szonj\u00e1t, hogy viszonyt folytat vele, ami v\u00e9g\u00fcl komoly fesz\u00fclts\u00e9get \u00e9s vit\u00e1kat sz\u00fclt a h\u00e1zass\u00e1gukban.<br \/>\nEZ T\u00d6RT\u00c9NT VAL\u00d3J\u00c1BAN:<\/h3>\n<h3><span style=\"color: #ff0000;\"><strong>A h\u00edr nem \u00e9rt v\u00e9get! Folytat\u00e1shoz haszn\u00e1ld a K\u00d6VETKEZ\u0150 OLDAL gombot!<\/strong><\/span><\/h3>\n<h3 style=\"text-align: right;\"><a href=\"https:\/\/online-filmkatarzis.com\/kucko\/napiinfok\/?p=4636\" target=\"_blank\" rel=\"noopener\"><span style=\"color: #ff0000;\">&#8212;&gt;&gt; K\u00d6VETKEZ\u0150 OLDAL<\/span><\/a><\/h3>\n<p>&#8211;<\/p>\n<p>A Volvo Group m\u00e1rka tagjak\u00e9nt a Polestar a Volvo teljes eg\u00e9sz\u00e9ben ac\u00e9l CMA platformj\u00e1t v\u00e1lasztotta ehhez az aut\u00f3hoz, amely a  Volvo XC40  \u00e9s a  Volvo C40 Recharge alapj\u00e1t is k\u00e9pezi . A 2-es modellt a k\u00ednai Taizhouban gy\u00e1rtj\u00e1k a glob\u00e1lis piacok sz\u00e1m\u00e1ra, az XC40 \u00e1zsiai piacra sz\u00e1nt p\u00e9ld\u00e1nyai mellett.<\/p>\n<p>Eredetileg nem Polestarnak, hanem Volv\u00f3nak tervezt\u00e9k, a Volvo tervez\u0151j\u00e9b\u0151l lett Polestar-vez\u00e9rigazgat\u00f3, Thomas Ingenlath Volvo Concept 40.2-es tanulm\u00e1nyaut\u00f3j\u00e1n  alapulva . A t\u00f6rt\u00e9net szerint a Polestar k\u00e9s\u0151bbi kulcsfontoss\u00e1g\u00fa vezet\u0151i csak akkor d\u00f6bbentek r\u00e1, hogy v\u00e9letlen\u00fcl egy teljesen \u00faj aut\u00f3gy\u00e1rt\u00f3 c\u00e9g alapjait tal\u00e1lt\u00e1k ki \u2013 egy olyan c\u00e9g\u00e9t, amely kiz\u00e1r\u00f3lag fenntarthat\u00f3 m\u00f3don hajtott \u00e9s gy\u00e1rtott, nulla kibocs\u00e1t\u00e1s\u00fa aut\u00f3kat k\u00edn\u00e1lna alternat\u00edv, skandin\u00e1v diz\u00e1jnnal. Ezt k\u00f6vet\u0151en a Volvo t\u00f6bbs\u00e9gi tulajdonos\u00e1hoz \u00e9s p\u00e9nz\u00fcgyi t\u00e1mogat\u00f3j\u00e1hoz, a k\u00ednai Zhejiang Geely Holding Grouphoz fordultak a leghom\u00e1lyosabb bevezet\u00e9si tervekkel \u2013 \u00e9s be is v\u00e1ltott\u00e1k a bl\u00f6ffj\u00fcket. Alig t\u00f6bb mint 4,6 m\u00e9ter hossz\u00fa \u00e9s alig 1,5 m\u00e9ter magas 2-es modell m\u00e9ret\u00e9t tekintve valahol a ferdeh\u00e1t\u00fa \u00e9s a kompakt szed\u00e1n kateg\u00f3ri\u00e1j\u00e1nak norm\u00e1ja k\u00f6z\u00f6tt helyezkedik el. Enyh\u00e9n megemelt hasmagass\u00e1got, \u00fcl\u00e9spoz\u00edci\u00f3t \u00e9s kil\u00e1t\u00f3pontot k\u00edn\u00e1l \u2013 de hi\u00e1nyoznak bel\u0151le a kompakt SUV-okra jellemz\u0151 orm\u00f3tlan ar\u00e1nyok vagy megny\u00fajtott tet\u0151vonal.<br \/>\nAz \u00e1tdolgozott v\u00e1ltozatban az aut\u00f3 61 kWh (norm\u00e1l hat\u00f3t\u00e1vols\u00e1g) vagy 75 kWh (hossz\u00fa hat\u00f3t\u00e1vols\u00e1g) haszn\u00e1lhat\u00f3 akkumul\u00e1tor-kapacit\u00e1st k\u00edn\u00e1lt egy nikkel-mang\u00e1n-kobalt akkumul\u00e1torcsomagnak k\u00f6sz\u00f6nhet\u0151en, amelyet H alakban helyeztek el mindk\u00e9t \u00fcl\u00e9ssor alatt, illetve az egy\u00e9bk\u00e9nt a kard\u00e1nalag\u00fatk\u00e9nt szolg\u00e1l\u00f3 helyen. Ezeket az adatokat most 67 kWh-ra, illetve 79 kWh-ra b\u0151v\u00edtett\u00e9k.<br \/>\nAmi a meghajt\u00e1st illeti, az aut\u00f3 motorspecifik\u00e1ci\u00f3j\u00e1t teljesen \u00fajragondolt\u00e1k. Az eredeti aut\u00f3 mindk\u00e9t tengely\u00e9n tal\u00e1lhat\u00f3 azonos \u00e1lland\u00f3 m\u00e1gneses szinkronmotorokat elvetett\u00e9k. Egy \u00faj, ugyanolyan t\u00edpus\u00fa, de nagyobb teljes\u00edtm\u00e9ny\u0171 \u00e9s l\u00e9nyegesen nagyobb nyomat\u00e9k\u00fa motor ker\u00fclt a 2-es modell h\u00e1ts\u00f3 tengely\u00e9re els\u0151dleges er\u0151forr\u00e1sk\u00e9nt. A Standard Range modell eset\u00e9ben 268 l\u00f3er\u0151t ad le, m\u00edg a Long Range Single Motor eset\u00e9ben 295 l\u00f3er\u0151t, mindk\u00e9t esetben pedig ak\u00e1r 400 Nm nyomat\u00e9kot is lead, ami j\u00f3val magasabb a 100 Nm-hez k\u00e9pest.<\/p>\n","protected":false},"excerpt":{"rendered":"<p>Err\u0151l a t\u00f6rt\u00e9netr\u0151l maga Sv\u00e1by Andr\u00e1s mes\u00e9lt az \u00datk\u00f6zben kider\u00edtem c\u00edm\u0171 m\u0171sor felv\u00e9tele sor\u00e1n, amikor V\u00e1lyi Istv\u00e1n megk\u00e9rdezte t\u0151le, mi&#8230; <span class=\"gridview-grid-post-read-more\"><a href=\"https:\/\/online-filmkatarzis.com\/kucko\/hirek\/svaby-andras-megszolalt-a-valasrol-hanyok\/\">read more<span class=\"gridview-sr-only\"> Sv\u00e1by Andr\u00e1s megsz\u00f3lalt a v\u00e1l\u00e1sr\u00f3l! &#8222;H\u00e1nyok&#8221;<\/span><\/a><\/span><\/p>\n","protected":false},"author":1,"featured_media":4630,"comment_status":"open","ping_status":"open","sticky":false,"template":"","format":"standard","meta":{"footnotes":""},"categories":[1],"tags":[],"class_list":["post-4629","post","type-post","status-publish","format-standard","has-post-thumbnail","hentry","category-egyeb","wpcat-1-id"],"_links":{"self":[{"href":"https:\/\/online-filmkatarzis.com\/kucko\/hirek\/wp-json\/wp\/v2\/posts\/4629","targetHints":{"allow":["GET"]}}],"collection":[{"href":"https:\/\/online-filmkatarzis.com\/kucko\/hirek\/wp-json\/wp\/v2\/posts"}],"about":[{"href":"https:\/\/online-filmkatarzis.com\/kucko\/hirek\/wp-json\/wp\/v2\/types\/post"}],"author":[{"embeddable":true,"href":"https:\/\/online-filmkatarzis.com\/kucko\/hirek\/wp-json\/wp\/v2\/users\/1"}],"replies":[{"embeddable":true,"href":"https:\/\/online-filmkatarzis.com\/kucko\/hirek\/wp-json\/wp\/v2\/comments?post=4629"}],"version-history":[{"count":1,"href":"https:\/\/online-filmkatarzis.com\/kucko\/hirek\/wp-json\/wp\/v2\/posts\/4629\/revisions"}],"predecessor-version":[{"id":4631,"href":"https:\/\/online-filmkatarzis.com\/kucko\/hirek\/wp-json\/wp\/v2\/posts\/4629\/revisions\/4631"}],"wp:featuredmedia":[{"embeddable":true,"href":"https:\/\/online-filmkatarzis.com\/kucko\/hirek\/wp-json\/wp\/v2\/media\/4630"}],"wp:attachment":[{"href":"https:\/\/online-filmkatarzis.com\/kucko\/hirek\/wp-json\/wp\/v2\/media?parent=4629"}],"wp:term":[{"taxonomy":"category","embeddable":true,"href":"https:\/\/online-filmkatarzis.com\/kucko\/hirek\/wp-json\/wp\/v2\/categories?post=4629"},{"taxonomy":"post_tag","embeddable":true,"href":"https:\/\/online-filmkatarzis.com\/kucko\/hirek\/wp-json\/wp\/v2\/tags?post=4629"}],"curies":[{"name":"wp","href":"https:\/\/api.w.org\/{rel}","templated":true}]}}