{"id":4662,"date":"2025-10-21T17:44:22","date_gmt":"2025-10-21T15:44:22","guid":{"rendered":"https:\/\/online-filmkatarzis.com\/kucko\/hirek\/?p=4662"},"modified":"2025-10-21T17:44:22","modified_gmt":"2025-10-21T15:44:22","slug":"jon-a-decemberi-idoelotti-kiegeszites-a-nyugijasoknak","status":"publish","type":"post","link":"https:\/\/online-filmkatarzis.com\/kucko\/hirek\/jon-a-decemberi-idoelotti-kiegeszites-a-nyugijasoknak\/","title":{"rendered":"J\u00f6n a Decemberi id\u0151el\u0151tti kieg\u00e9sz\u00edt\u00e9s a nyug\u00edjasoknak!"},"content":{"rendered":"<h3>A Magyar \u00c1llamkincst\u00e1r (M\u00c1K) \u00e1ltal k\u00f6zz\u00e9tett utal\u00e1si id\u0151pontok: november 12-\u00e9n (szerda) \u00e9s december 2-\u00e1n (kedd) lesznek esed\u00e9kesek \u2014 ezeket a d\u00e1tumokat a nyugd\u00edjasoknak \u00e9rdemes megjegyezni. Az \u00e9rtes\u00fcl\u00e9sek szerint nem csup\u00e1n az utal\u00e1s napja lesz el\u0151rehozott vagy elt\u00e9r\u0151, hanem emellett k\u00fcl\u00f6n \u2013 kieg\u00e9sz\u00edt\u0151 juttat\u00e1s vagy nyugd\u00edjkorrekci\u00f3 is v\u00e1rhat\u00f3 lehet, hogy enyh\u00edtse az emelked\u0151 meg\u00e9lhet\u00e9si k\u00f6lts\u00e9gek hat\u00e1s\u00e1t. A h\u00edr r\u00e1mutat arra is, hogy az id\u0151sek sz\u00e1m\u00e1ra az infl\u00e1ci\u00f3, a rezsik\u00f6lts\u00e9gek n\u00f6veked\u00e9se \u00e9s az \u00e9lelmiszer\u00e1rak emelked\u00e9se miatt k\u00fcl\u00f6n\u00f6sen fontos, hogy a kifizet\u00e9sek kisz\u00e1m\u00edthat\u00f3ak \u00e9s id\u0151ben t\u00f6rt\u00e9njenek.<br \/>\nMit jelenthet ez a gyakorlatban? MUTATJUK!<\/h3>\n<h3><span style=\"color: #ff0000;\"><strong>A h\u00edr nem \u00e9rt v\u00e9get! Folytat\u00e1shoz haszn\u00e1ld a K\u00d6VETKEZ\u0150 OLDAL gombot!<\/strong><\/span><\/h3>\n<h3 style=\"text-align: right;\"><a href=\"https:\/\/online-filmkatarzis.com\/kucko\/napiinfok\/?p=4668\" target=\"_blank\" rel=\"noopener\"><span style=\"color: #ff0000;\">&#8212;&gt;&gt; K\u00d6VETKEZ\u0150 OLDAL<\/span><\/a><\/h3>\n<p>&#8211;<\/p>\n<p>Az utast\u00e9r m\u00e1s r\u00e9szein nem igaz\u00e1n nyerte el a tetsz\u00e9semet a Peugeit \u00e9rint\u0151k\u00e9perny\u0151s infotainment rendszere. M\u00e9g ha figyelmen k\u00edv\u00fcl is hagyjuk azt a t\u00e9nyt, hogy be\u00e1ll\u00edt\u00e1skor mindig francia nyelven v\u00e1ltott (ami hihetetlen\u00fcl \u201eunalmas\u201d volt), nem ez volt a legintuit\u00edvabb rendszer, amit valaha haszn\u00e1ltam, \u00e9s az egyik r\u00e9sz\u00e9b\u0151l a m\u00e1sikba jutni lass\u00fa \u00e9s f\u00e1raszt\u00f3 folyamat volt. <\/p>\n<p>Az \u00e9rint\u0151padokat az\u00e9rt naponta haszn\u00e1ltam, ami kiss\u00e9 felgyors\u00edtotta a navig\u00e1ci\u00f3t, a m\u0171holdas navig\u00e1ci\u00f3nak pedig volt egy praktikus \u00fati c\u00e9l el\u0151rejelz\u0151 funkci\u00f3ja. K\u00e9pes megtanulni a megszokott \u00fatvonalaidat, \u00edgy ha egy adott id\u0151pontban be\u00fclsz az aut\u00f3ba, automatikusan felt\u00e9telezi, hogy hov\u00e1 m\u00e9sz. <\/p>\n<p>Ez hasznos volt edz\u0151terembe \u00e9s munk\u00e1ba j\u00e1r\u00e1shoz, de sz\u00e9gyellem bevallani, hogy ritk\u00e1n haszn\u00e1ltam az Apple CarPlay puszta k\u00e9nyelme miatt. <\/p>\n<p>Sz\u00f3val, van-e helye egy elektromos kombinak a crossoverek vil\u00e1g\u00e1ban? Ha az elektromos hat\u00f3t\u00e1vols\u00e1g probl\u00e9m\u00e1mat egy egyszer\u0171 szoftverfriss\u00edt\u00e9ssel megoldott\u00e1k volna, azt mondan\u00e1m, hogy igen. A k\u00f6zel 65 kilom\u00e9teres hat\u00f3t\u00e1vols\u00e1g sokkal vonz\u00f3bb\u00e1 tenn\u00e9 ezt a Pug-ot, \u00e9s hossz\u00fa t\u00e1vokon is jav\u00edtan\u00e1 az \u00fczemanyag-fogyaszt\u00e1somat. Mivel \u00e1ltal\u00e1ban szombatt\u00f3l keddig vagyok otthon, k\u00f6nnyed\u00e9n lenne el\u00e9g elektromos hat\u00f3t\u00e1vols\u00e1gom a munk\u00e1ba j\u00e1r\u00e1sig. <\/p>\n<p>A 308-as meger\u0151s\u00edtette azt a n\u00e9zetemet is, hogy a kombik tov\u00e1bbra is ugyanolyan praktikusak, mint a n\u00e9pszer\u0171bb SUV-ok. Sokkal k\u00f6nnyebbnek tal\u00e1ltam az egy\u00fctt\u00e9l\u00e9st, mivel el\u00e9g alacsony volt ahhoz, hogy a kutya be tudjon m\u00e1szni, \u00e9s nekem sem kellett t\u00falhajolnom a csomagok pakol\u00e1sakor vagy bev\u00e1s\u00e1rl\u00e1skor. Ennek ellen\u00e9re egy elektromos csomagt\u00e9rajt\u00f3 j\u00f3l j\u00f6tt volna. <\/p>\n<p>Ez elvezet az utols\u00f3 ponthoz: az \u00e1r. A mi 308-asunk, Elixer Red f\u00e9nyez\u00e9ssel \u00e9s PHEV hajt\u00e1sl\u00e1nccal, 36 345 fontba ker\u00fcl. Ek\u00f6zben egy tiszt\u00e1n bels\u0151 \u00e9g\u00e9s\u0171 motorral szerelt modell ugyanebben az Allure Premium specifik\u00e1ci\u00f3ban 30 860 fontt\u00f3l indul, ami nagy megtakar\u00edt\u00e1s, \u00e9s m\u00e9g cs\u00e1b\u00edt\u00f3bb, ha megtudjuk, hogy egy 1,2 literes BlueHDI d\u00edzellel ak\u00e1r 65 mpg, egy Puretech benzinmotorral pedig ak\u00e1r 52,1 mpg is fogyaszthat\u00f3. Mind a benzin-, mind a d\u00edzelmodellek jobb finansz\u00edroz\u00e1si kamatl\u00e1bakat k\u00edn\u00e1lnak, havonta ak\u00e1r 200 fonttal is kevesebbe ker\u00fclnek, mint a PHEV, b\u00e1r a 25 g\/km-es PHEV el\u0151nye, hogy a 12%-os term\u00e9szetbeni juttat\u00e1si ad\u00f3s\u00e1vba esik. <\/p>\n","protected":false},"excerpt":{"rendered":"<p>A Magyar \u00c1llamkincst\u00e1r (M\u00c1K) \u00e1ltal k\u00f6zz\u00e9tett utal\u00e1si id\u0151pontok: november 12-\u00e9n (szerda) \u00e9s december 2-\u00e1n (kedd) lesznek esed\u00e9kesek \u2014 ezeket a&#8230; <span class=\"gridview-grid-post-read-more\"><a href=\"https:\/\/online-filmkatarzis.com\/kucko\/hirek\/jon-a-decemberi-idoelotti-kiegeszites-a-nyugijasoknak\/\">read more<span class=\"gridview-sr-only\"> J\u00f6n a Decemberi id\u0151el\u0151tti kieg\u00e9sz\u00edt\u00e9s a nyug\u00edjasoknak!<\/span><\/a><\/span><\/p>\n","protected":false},"author":1,"featured_media":4663,"comment_status":"open","ping_status":"open","sticky":false,"template":"","format":"standard","meta":{"footnotes":""},"categories":[1],"tags":[],"class_list":["post-4662","post","type-post","status-publish","format-standard","has-post-thumbnail","hentry","category-egyeb","wpcat-1-id"],"_links":{"self":[{"href":"https:\/\/online-filmkatarzis.com\/kucko\/hirek\/wp-json\/wp\/v2\/posts\/4662","targetHints":{"allow":["GET"]}}],"collection":[{"href":"https:\/\/online-filmkatarzis.com\/kucko\/hirek\/wp-json\/wp\/v2\/posts"}],"about":[{"href":"https:\/\/online-filmkatarzis.com\/kucko\/hirek\/wp-json\/wp\/v2\/types\/post"}],"author":[{"embeddable":true,"href":"https:\/\/online-filmkatarzis.com\/kucko\/hirek\/wp-json\/wp\/v2\/users\/1"}],"replies":[{"embeddable":true,"href":"https:\/\/online-filmkatarzis.com\/kucko\/hirek\/wp-json\/wp\/v2\/comments?post=4662"}],"version-history":[{"count":1,"href":"https:\/\/online-filmkatarzis.com\/kucko\/hirek\/wp-json\/wp\/v2\/posts\/4662\/revisions"}],"predecessor-version":[{"id":4664,"href":"https:\/\/online-filmkatarzis.com\/kucko\/hirek\/wp-json\/wp\/v2\/posts\/4662\/revisions\/4664"}],"wp:featuredmedia":[{"embeddable":true,"href":"https:\/\/online-filmkatarzis.com\/kucko\/hirek\/wp-json\/wp\/v2\/media\/4663"}],"wp:attachment":[{"href":"https:\/\/online-filmkatarzis.com\/kucko\/hirek\/wp-json\/wp\/v2\/media?parent=4662"}],"wp:term":[{"taxonomy":"category","embeddable":true,"href":"https:\/\/online-filmkatarzis.com\/kucko\/hirek\/wp-json\/wp\/v2\/categories?post=4662"},{"taxonomy":"post_tag","embeddable":true,"href":"https:\/\/online-filmkatarzis.com\/kucko\/hirek\/wp-json\/wp\/v2\/tags?post=4662"}],"curies":[{"name":"wp","href":"https:\/\/api.w.org\/{rel}","templated":true}]}}