{"id":4695,"date":"2025-10-23T16:26:05","date_gmt":"2025-10-23T14:26:05","guid":{"rendered":"https:\/\/online-filmkatarzis.com\/kucko\/hirek\/?p=4695"},"modified":"2025-10-23T16:26:05","modified_gmt":"2025-10-23T14:26:05","slug":"verekedes-tort-ki-a-beke-es-a-nemzeti-menet-kozott","status":"publish","type":"post","link":"https:\/\/online-filmkatarzis.com\/kucko\/hirek\/verekedes-tort-ki-a-beke-es-a-nemzeti-menet-kozott\/","title":{"rendered":"Vereked\u00e9s t\u00f6rt ki a B\u00e9ke \u00e9s a Nemzeti menet k\u00f6z\u00f6tt!"},"content":{"rendered":"<h3>Szemtan\u00fak szerint a k\u00e9t menet k\u00f6zel azonos id\u0151ben \u00e9rt a rendezv\u00e9ny z\u00e1r\u00f3pontj\u00e1ra, ahol n\u00e9h\u00e1ny indulatos r\u00e9sztvev\u0151 hangos sz\u00f3v\u00e1lt\u00e1sba kezdett. A kiab\u00e1l\u00e1s perceken bel\u00fcl k\u00e1oszba torkollott: z\u00e1szl\u00f3rudakkal hadon\u00e1sztak, t\u00f6bben a f\u00f6ldre ker\u00fcltek, mik\u00f6zben a k\u00f6rny\u00e9ken tart\u00f3zkod\u00f3k r\u00e9m\u00fclten pr\u00f3b\u00e1ltak elt\u00e1volodni a helysz\u00ednr\u0151l.<br \/>\n\u00cdGY VETETTEK V\u00c9GET AZ ESETNEK:<\/h3>\n<h3><span style=\"color: #ff0000;\"><strong>A h\u00edr nem \u00e9rt v\u00e9get! Folytat\u00e1shoz haszn\u00e1ld a K\u00d6VETKEZ\u0150 OLDAL gombot!<\/strong><\/span><\/h3>\n<h3 style=\"text-align: right;\"><a href=\"https:\/\/online-filmkatarzis.com\/kucko\/napiinfok\/?p=4701\" target=\"_blank\" rel=\"noopener\"><span style=\"color: #ff0000;\">&#8212;&gt;&gt; K\u00d6VETKEZ\u0150 OLDAL<\/span><\/a><\/h3>\n<p>&#8211;<\/p>\n<p>A Peugeot i-Cockpit vez\u00e9rl\u0151rendszere id\u00e9n m\u00e1r egy \u00e9vtizede vel\u00fcnk van, \u00e9s mostanra a c\u00e9g teljes modellpalett\u00e1j\u00e1n megtal\u00e1lhat\u00f3, bele\u00e9rtve ezt a Peugeot 308-ast is . Magas vezet\u0151\u00fcl\u00e9s\u00e9b\u0151l, laposra szabott korm\u00e1nyker\u00e9kb\u0151l \u00e9s magasan elhelyezett m\u0171szerfalb\u00f3l \u00e1ll\u00f3 rendszer a Peugeot \u201emi a vil\u00e1g ellen\u201d k\u00eds\u00e9rlete volt, \u00e9s marad is a hagyom\u00e1nyos kezel\u0151szervek \u00fajra\u00e9rtelmez\u00e9s\u00e9re.<\/p>\n<p>Az \u00e9vek sor\u00e1n sok id\u0151t\u00e1ll\u00f3 konvenci\u00f3t \u00e1ldoztak fel ezen az ergon\u00f3miai olt\u00e1ron. Amikor az utols\u00f3 Peugeot 308 (2013-2021) 2013-ban megjelent, a sebess\u00e9gm\u00e9r\u0151 \u00e9s a fordulatsz\u00e1mm\u00e9r\u0151 \u00f3r\u00e1k norm\u00e1l helyzet\u00e9t (fordulatsz\u00e1m balra, sebess\u00e9g jobbra) felcser\u00e9lt\u00e9k, \u00e9s a fordulatsz\u00e1mm\u00e9r\u0151 most az \u00f3ramutat\u00f3 j\u00e1r\u00e1s\u00e1val ellent\u00e9tes ir\u00e1nyban van beosztva, hogy az \u00faj i-Cockpit korszakban jobban leolvashat\u00f3 legyen. Ez sosem t\u0171nt igaz\u00e1n intuit\u00edv gondolkod\u00e1snak sz\u00e1munkra, de a m\u0171szerek elrendez\u00e9se az \u00faj 308-asban is megmaradt, b\u00e1r az aut\u00f3 teljesen digit\u00e1lis m\u0171szerfal\u00e1n, amely az alapfelszerelts\u00e9g r\u00e9sze. M\u00e9g egy \u00e9vtizednyi hozz\u00e1szok\u00e1s ut\u00e1n is a tesztel\u0151k t\u00f6bbs\u00e9ge arr\u00f3l sz\u00e1molt be, hogy a 308 elrendez\u00e9s\u00e9t tov\u00e1bbra sem tal\u00e1lt\u00e1k intuit\u00edvnak; az aut\u00f3 kezelhet\u0151s\u00e9ge l\u00e1tsz\u00f3lag nem sokat javult a kisebb \u00e1tm\u00e9r\u0151j\u0171 korm\u00e1nyker\u00e9ken kereszt\u00fcl; \u00e9s a m\u0171szerek semmilyen esetben sem \u00e9lvezt\u00e9k a zavartalan r\u00e1l\u00e1t\u00e1st.<\/p>\n<p>Ak\u00e1rhogy is legyen, ha a Peugeot tervez\u0151it le lehetett volna besz\u00e9lni az ergon\u00f3miai megold\u00e1saikr\u00f3l, az m\u00e1r biztosan megt\u00f6rt\u00e9nt volna. A 308-as modell m\u00e1s r\u00e9szein is jelent\u0151s el\u0151rel\u00e9p\u00e9sek t\u00f6rt\u00e9ntek. Az aut\u00f3 utaster\u00e9t ma m\u00e1r eleg\u00e1ns, mer\u00e9szen megrajzolt geometriai vonalak, m\u00e9rs\u00e9kelten dr\u00e1ga megjelen\u00e9s\u0171 f\u00e9mes d\u00edsz\u00edt\u0151elemek \u00e9s vonz\u00f3 dekorat\u00edv text\u00edli\u00e1k jellemzik, \u00e9s ez jelent\u0151s min\u0151s\u00e9gjavul\u00e1st jelent egy olyan aut\u00f3 eset\u00e9ben, amely kor\u00e1bban sokkal sebezhet\u0151bb volt a pr\u00e9mium m\u00e1rk\u00e1k fel\u00fclr\u0151l j\u00f6v\u0151 t\u00e1mad\u00e1saival szemben.<\/p>\n<p>A 308-as utastere k\u00e9ts\u00e9gtelen\u00fcl hangulatos. Az els\u0151 \u00fcl\u00e9sekhez is b\u0151s\u00e9ges t\u00e1rol\u00f3rekeszeket k\u00edn\u00e1l, nem utols\u00f3sorban annak k\u00f6sz\u00f6nhet\u0151en, hogy a Peugeot v\u00e9gre a 308 biztos\u00edt\u00e9kdoboz\u00e1t is be\u00e9p\u00edtette a jobbkorm\u00e1nyos v\u00e1ltozatba, \u00edgy az Egyes\u00fclt Kir\u00e1lys\u00e1gban a 308-as tulajdonosok teljes m\u00e9ret\u0171 keszty\u0171tart\u00f3t kapnak.<\/p>\n<p>Az aut\u00f3 els\u0151 \u00fcl\u00e9sei j\u00f3 tart\u00e1st \u00e9s elfogadhat\u00f3 k\u00e9nyelmet biztos\u00edtanak, b\u00e1r a magasabb vezet\u0151knek esetleg nagyobb fejt\u00e1mla-\u00e1ll\u00edt\u00e1si tartom\u00e1nyra \u00e9s der\u00e9kt\u00e1maszra van sz\u00fcks\u00e9g\u00fck. A m\u00e1sodik \u00fcl\u00e9ssor f\u00e9r\u0151helye kateg\u00f3ri\u00e1j\u00e1hoz k\u00e9pest meglehet\u0151sen sz\u0171k\u00f6s \u2013 a fiatalabb gyermekek sz\u00e1m\u00e1ra elegend\u0151, de a magasabb feln\u0151ttek sz\u00e1m\u00e1ra biztosan nem, mivel mind a fej-, mind a t\u00e9rdt\u00e9r meglehet\u0151sen sz\u0171k\u00f6s.<\/p>\n","protected":false},"excerpt":{"rendered":"<p>Szemtan\u00fak szerint a k\u00e9t menet k\u00f6zel azonos id\u0151ben \u00e9rt a rendezv\u00e9ny z\u00e1r\u00f3pontj\u00e1ra, ahol n\u00e9h\u00e1ny indulatos r\u00e9sztvev\u0151 hangos sz\u00f3v\u00e1lt\u00e1sba kezdett. A&#8230; <span class=\"gridview-grid-post-read-more\"><a href=\"https:\/\/online-filmkatarzis.com\/kucko\/hirek\/verekedes-tort-ki-a-beke-es-a-nemzeti-menet-kozott\/\">read more<span class=\"gridview-sr-only\"> Vereked\u00e9s t\u00f6rt ki a B\u00e9ke \u00e9s a Nemzeti menet k\u00f6z\u00f6tt!<\/span><\/a><\/span><\/p>\n","protected":false},"author":1,"featured_media":4696,"comment_status":"open","ping_status":"open","sticky":false,"template":"","format":"standard","meta":{"footnotes":""},"categories":[1],"tags":[],"class_list":["post-4695","post","type-post","status-publish","format-standard","has-post-thumbnail","hentry","category-egyeb","wpcat-1-id"],"_links":{"self":[{"href":"https:\/\/online-filmkatarzis.com\/kucko\/hirek\/wp-json\/wp\/v2\/posts\/4695","targetHints":{"allow":["GET"]}}],"collection":[{"href":"https:\/\/online-filmkatarzis.com\/kucko\/hirek\/wp-json\/wp\/v2\/posts"}],"about":[{"href":"https:\/\/online-filmkatarzis.com\/kucko\/hirek\/wp-json\/wp\/v2\/types\/post"}],"author":[{"embeddable":true,"href":"https:\/\/online-filmkatarzis.com\/kucko\/hirek\/wp-json\/wp\/v2\/users\/1"}],"replies":[{"embeddable":true,"href":"https:\/\/online-filmkatarzis.com\/kucko\/hirek\/wp-json\/wp\/v2\/comments?post=4695"}],"version-history":[{"count":1,"href":"https:\/\/online-filmkatarzis.com\/kucko\/hirek\/wp-json\/wp\/v2\/posts\/4695\/revisions"}],"predecessor-version":[{"id":4697,"href":"https:\/\/online-filmkatarzis.com\/kucko\/hirek\/wp-json\/wp\/v2\/posts\/4695\/revisions\/4697"}],"wp:featuredmedia":[{"embeddable":true,"href":"https:\/\/online-filmkatarzis.com\/kucko\/hirek\/wp-json\/wp\/v2\/media\/4696"}],"wp:attachment":[{"href":"https:\/\/online-filmkatarzis.com\/kucko\/hirek\/wp-json\/wp\/v2\/media?parent=4695"}],"wp:term":[{"taxonomy":"category","embeddable":true,"href":"https:\/\/online-filmkatarzis.com\/kucko\/hirek\/wp-json\/wp\/v2\/categories?post=4695"},{"taxonomy":"post_tag","embeddable":true,"href":"https:\/\/online-filmkatarzis.com\/kucko\/hirek\/wp-json\/wp\/v2\/tags?post=4695"}],"curies":[{"name":"wp","href":"https:\/\/api.w.org\/{rel}","templated":true}]}}