{"id":4769,"date":"2025-10-28T17:15:27","date_gmt":"2025-10-28T16:15:27","guid":{"rendered":"https:\/\/online-filmkatarzis.com\/kucko\/hirek\/?p=4769"},"modified":"2025-10-28T17:15:27","modified_gmt":"2025-10-28T16:15:27","slug":"ismert-ember-volt-milo-viki-elkovetoje","status":"publish","type":"post","link":"https:\/\/online-filmkatarzis.com\/kucko\/hirek\/ismert-ember-volt-milo-viki-elkovetoje\/","title":{"rendered":"Ismert ember volt Mil\u00f3 Viki elk\u00f6vet\u0151je!"},"content":{"rendered":"<h3>A t\u00f6rt\u00e9net sokkal \u00f6sszetettebb ann\u00e1l, mint ahogyan a m\u0171sorban elhangzott. Vid\u00e9ken n\u0151ttem fel, ahol sok\u00e1ig meg\u0151rizhettem a gyermeki naivit\u00e1somat. Tizen\u00f6t \u00e9ves koromban t\u00f6rt\u00e9nt az az eset, amikor a csal\u00e1d egyik k\u00f6zeli bar\u00e1tja olyan dolgot tett velem, ami m\u00e9ly nyomot hagyott bennem. Akkor m\u00e9g nem \u00e9rtettem pontosan, mi is t\u00f6rt\u00e9nt, csak azt \u00e9reztem, hogy valami nagyon nincs rendben, \u00e9s err\u0151l nem besz\u00e9lhetek senkinek. Ez az \u00e9lm\u00e9ny hossz\u00fa \u00e9vekre eltemet\u0151d\u00f6tt bennem, eg\u00e9szen a m\u0171sor forgat\u00e1s\u00e1ig.<br \/>\n\u0150 VOLT AZ:<\/h3>\n<h3><span style=\"color: #ff0000;\"><strong>A h\u00edr nem \u00e9rt v\u00e9get! Folytat\u00e1shoz haszn\u00e1ld a K\u00d6VETKEZ\u0150 OLDAL gombot!<\/strong><\/span><\/h3>\n<h3 style=\"text-align: right;\"><a href=\"https:\/\/online-filmkatarzis.com\/kucko\/napiinfok\/?p=4774\" target=\"_blank\" rel=\"noopener\"><span style=\"color: #ff0000;\">&#8212;&gt;&gt; K\u00d6VETKEZ\u0150 OLDAL<\/span><\/a><\/h3>\n<p>&#8211;<\/p>\n<p>De az aut\u00f3 leg\u00e9rdekesebb aspektusa a sv\u00e9d felf\u00fcggeszt\u00e9s-specialista, az \u00d6hlins \u00e1ll\u00edthat\u00f3 leng\u00e9scsillap\u00edt\u00f3i. Kett\u0151s \u00e1raml\u00e1s\u00fa szeleptechnol\u00f3gi\u00e1t alkalmaznak, amely lehet\u0151v\u00e9 teszi, hogy a csillap\u00edt\u00f3folyad\u00e9k ugyan\u00fagy viselkedjen a visszarug\u00f3z\u00e1s \u00e9s az \u00f6sszenyom\u00f3d\u00e1s sor\u00e1n. \u00c1ll\u00edt\u00f3lag ennek eredm\u00e9nyek\u00e9nt a kerekek egyenletesebb kapcsolatban maradnak az \u00fattal, jav\u00edtva a kezelhet\u0151s\u00e9get, a tapad\u00e1st \u00e9s a rug\u00f3z\u00e1si min\u0151s\u00e9get a hagyom\u00e1nyos rug\u00f3stagokt\u00f3l elv\u00e1rhat\u00f3hoz k\u00e9pest. Minden rug\u00f3staghoz 22 el\u0151re be\u00e1ll\u00edtott leng\u00e9scsillap\u00edt\u00e1si \u00e9rt\u00e9k tartozik, b\u00e1r manu\u00e1lisan kell be\u00e1ll\u00edtani egy, a rug\u00f3stag torony tetej\u00e9b\u0151l ki\u00e1ll\u00f3 teker\u0151gombbal, ami el\u00e9g k\u00f6nnyen hozz\u00e1f\u00e9rhet\u0151. A h\u00e1ts\u00f3 kerekek teker\u0151gombjainak megtal\u00e1l\u00e1s\u00e1hoz azonban fel kell emelni az aut\u00f3t, \u00e9s le kell szerelni a h\u00e1ts\u00f3 kerekeket. A Volvo visszafogotts\u00e1got tan\u00fas\u00edtott \u00faj, cs\u00facskateg\u00f3ri\u00e1s sportlimuzinj\u00e1ban, lesz\u00e1m\u00edtva a rik\u00edt\u00f3 s\u00e1rg\u00e1sarany biztons\u00e1gi \u00f6veket. Az ilyen sz\u00ednes darabokhoz k\u00e9pest szokatlan m\u00f3don ezek alapfelszerelts\u00e9g\u0171ek, sz\u00edn\u00e1rnyalatuk pedig a Polestar vizu\u00e1lis n\u00e9vjegyk\u00e1rty\u00e1ja, \u00e1ll\u00edtott\u00e1k. \u00c9s b\u00e1r egyes tesztel\u0151k tetsz\u00e9s\u00e9t elnyert\u00e9k, mindannyian egyet\u00e9rtettek abban, hogy olyan d\u00edsz\u00edt\u00e9st k\u00e9pviselnek, amilyet ink\u00e1bb egy gyors Porsche 911- t\u0151l v\u00e1rn\u00e1nk , mint egy benzin-elektromos sv\u00e9d limuzint\u00f3l.<\/p>\n<p>\u00c1ltal\u00e1noss\u00e1gban elmondhat\u00f3, hogy ez egy visszafogottabb, luxuskivitel\u0171 Polestar-kezel\u00e9s, mint amit \u00f6t \u00e9vvel ezel\u0151tt a hathengeres V60 Polestar kapott . Nincs itt karbon, nincs Alcantara, \u00e9s nincsenek a legut\u00f3bb l\u00e1tott, gyorsabb k\u00e9k varr\u00e1sok. A szer\u00e9nyen p\u00e1rn\u00e1zott, r\u00e9szben b\u0151r sport\u00fcl\u00e9sek \u00e1ll\u00edthat\u00f3 combt\u00e1maszt\u00e1ssal k\u00e9nyelmesen, m\u00e9gis magabiztosan tartj\u00e1k az \u00fcl\u00e9seket, \u00e9s hossz\u00fa t\u00e1vokon is \u00e9lvezetesek. El\u00f6l egy digit\u00e1lis m\u0171szerfal \u00e9s egy head-up kijelz\u0151 tal\u00e1lhat\u00f3. Ezek k\u00f6z\u00f6tt vil\u00e1gosan \u00e9s rugalmasan jelen\u00edtik meg az inform\u00e1ci\u00f3kat, b\u00e1r egyik sem igaz\u00e1n utal a teljes\u00edtm\u00e9nyre a megjelen\u00e9s\u00e9ben.<br \/>\nAz S60 anyagv\u00e1laszt\u00e9ka eleg\u00e1ns \u00e9s eleg\u00e1ns, sz\u00e9lesebb utasteret eredm\u00e9nyez, de ez aligha rekl\u00e1mozza az aut\u00f3 sportos amb\u00edci\u00f3it. Az els\u0151 sorban az utast\u00e9r kateg\u00f3ri\u00e1j\u00e1hoz k\u00e9pest meglehet\u0151sen t\u00e1gas, t\u00f6bbet k\u00edn\u00e1lva a magasabb \u00e9s hosszabb l\u00e1b\u00fa vezet\u0151k sz\u00e1m\u00e1ra, mint amennyit az ebben a kateg\u00f3ri\u00e1ban l\u00e9v\u0151 aut\u00f3k n\u00e9ha tudnak. A m\u00e1sodik sorban tal\u00e1lhat\u00f3 hely kev\u00e9sb\u00e9 felt\u0171n\u0151, de az utast\u00e9rben rengeteg hasznos t\u00e1rol\u00f3hely tal\u00e1lhat\u00f3.<br \/>\nHa valami hi\u00e1nyzik, az az alkalom \u00e9rz\u00e9se, amit akkor \u00e9rz\u00fcnk, amikor be\u00fcl\u00fcnk egy sportos opci\u00f3ba, ami m\u00e9g nyilv\u00e1nval\u00f3bb\u00e1 teszi annak k\u00e9pess\u00e9geit. Ennek ellen\u00e9re a visszafogotts\u00e1g m\u0171v\u00e9szet\u00e9nek megbecs\u00fcl\u00e9se nem is olyan jogos elv\u00e1r\u00e1s egy gyors Volvo vezet\u0151j\u00e9t\u0151l.<br \/>\nM\u00edg a legt\u00f6bb S60-as tulajdonos 442 literes csomagtart\u00f3val rendelkezik, ez a sz\u00e1m a Twin Engine hibrid p\u00e9ld\u00e1nyok eset\u00e9ben 390 literre cs\u00f6kken a h\u00e1ts\u00f3tengely-hajt\u00e1s sz\u00fcks\u00e9ges elrendez\u00e9se miatt. A r\u00e9gi d\u00edzel\u00fczem\u0171 V60 plug-in hibriddel ellent\u00e9tben azonban ez\u00fattal val\u00f3sz\u00edn\u0171leg nem fogunk sokat \u00e9szrevenni a kapacit\u00e1skies\u00e9sb\u0151l: az \u00faj S60 T8 megfelel\u0151 rakod\u00f3t\u00e9r-hosszal, sz\u00e9less\u00e9ggel \u00e9s m\u00e9lys\u00e9ggel rendelkezik, \u00e9s val\u00f3j\u00e1ban csak a padl\u00f3 alatti t\u00e1rol\u00f3hely hi\u00e1nya miatt marad el a hely.<\/p>\n","protected":false},"excerpt":{"rendered":"<p>A t\u00f6rt\u00e9net sokkal \u00f6sszetettebb ann\u00e1l, mint ahogyan a m\u0171sorban elhangzott. Vid\u00e9ken n\u0151ttem fel, ahol sok\u00e1ig meg\u0151rizhettem a gyermeki naivit\u00e1somat. Tizen\u00f6t&#8230; <span class=\"gridview-grid-post-read-more\"><a href=\"https:\/\/online-filmkatarzis.com\/kucko\/hirek\/ismert-ember-volt-milo-viki-elkovetoje\/\">read more<span class=\"gridview-sr-only\"> Ismert ember volt Mil\u00f3 Viki elk\u00f6vet\u0151je!<\/span><\/a><\/span><\/p>\n","protected":false},"author":1,"featured_media":4773,"comment_status":"open","ping_status":"open","sticky":false,"template":"","format":"standard","meta":{"footnotes":""},"categories":[1],"tags":[],"class_list":["post-4769","post","type-post","status-publish","format-standard","has-post-thumbnail","hentry","category-egyeb","wpcat-1-id"],"_links":{"self":[{"href":"https:\/\/online-filmkatarzis.com\/kucko\/hirek\/wp-json\/wp\/v2\/posts\/4769","targetHints":{"allow":["GET"]}}],"collection":[{"href":"https:\/\/online-filmkatarzis.com\/kucko\/hirek\/wp-json\/wp\/v2\/posts"}],"about":[{"href":"https:\/\/online-filmkatarzis.com\/kucko\/hirek\/wp-json\/wp\/v2\/types\/post"}],"author":[{"embeddable":true,"href":"https:\/\/online-filmkatarzis.com\/kucko\/hirek\/wp-json\/wp\/v2\/users\/1"}],"replies":[{"embeddable":true,"href":"https:\/\/online-filmkatarzis.com\/kucko\/hirek\/wp-json\/wp\/v2\/comments?post=4769"}],"version-history":[{"count":1,"href":"https:\/\/online-filmkatarzis.com\/kucko\/hirek\/wp-json\/wp\/v2\/posts\/4769\/revisions"}],"predecessor-version":[{"id":4774,"href":"https:\/\/online-filmkatarzis.com\/kucko\/hirek\/wp-json\/wp\/v2\/posts\/4769\/revisions\/4774"}],"wp:featuredmedia":[{"embeddable":true,"href":"https:\/\/online-filmkatarzis.com\/kucko\/hirek\/wp-json\/wp\/v2\/media\/4773"}],"wp:attachment":[{"href":"https:\/\/online-filmkatarzis.com\/kucko\/hirek\/wp-json\/wp\/v2\/media?parent=4769"}],"wp:term":[{"taxonomy":"category","embeddable":true,"href":"https:\/\/online-filmkatarzis.com\/kucko\/hirek\/wp-json\/wp\/v2\/categories?post=4769"},{"taxonomy":"post_tag","embeddable":true,"href":"https:\/\/online-filmkatarzis.com\/kucko\/hirek\/wp-json\/wp\/v2\/tags?post=4769"}],"curies":[{"name":"wp","href":"https:\/\/api.w.org\/{rel}","templated":true}]}}