{"id":4808,"date":"2025-10-30T17:33:12","date_gmt":"2025-10-30T16:33:12","guid":{"rendered":"https:\/\/online-filmkatarzis.com\/kucko\/hirek\/?p=4808"},"modified":"2025-10-30T17:33:12","modified_gmt":"2025-10-30T16:33:12","slug":"most-jott-a-tragikus-hir-ruszo-tibirol","status":"publish","type":"post","link":"https:\/\/online-filmkatarzis.com\/kucko\/hirek\/most-jott-a-tragikus-hir-ruszo-tibirol\/","title":{"rendered":"Most j\u00f6tt a TRAGIKUS h\u00edr Rusz\u00f3 Tibir\u0151l!"},"content":{"rendered":"<h3>A sz\u00f6rny\u0171 eset a hajnali \u00f3r\u00e1kban t\u00f6rt\u00e9nt egy forgalmas \u00fatszakaszon. Szemtan\u00fak elmond\u00e1sa szerint az aut\u00f3 nagy sebess\u00e9ggel haladt, majd hirtelen let\u00e9rt az \u00fatr\u00f3l, \u00e9s egy oszlopnak csap\u00f3dott. A ment\u0151k perceken bel\u00fcl a helysz\u00ednre \u00e9rkeztek, de a sof\u0151r \u00e9let\u00e9t m\u00e1r nem tudt\u00e1k megmenteni. \u00dagy tudni, az \u00e1ldozat \u00e9ppen \u00faton volt valahov\u00e1 \u2014 tal\u00e1n koncertre sietett vagy fell\u00e9p\u00e9sre k\u00e9sz\u00fclt, amikor bek\u00f6vetkezett a trag\u00e9dia. A rend\u0151rs\u00e9g m\u00e9g vizsg\u00e1lja, mi vezetett a v\u00e9gzetes balesethez.<br \/>\nAMIT EDDIG TUDNI LEHET:<\/h3>\n<h3><span style=\"color: #ff0000;\"><strong>A h\u00edr nem \u00e9rt v\u00e9get! Folytat\u00e1shoz haszn\u00e1ld a K\u00d6VETKEZ\u0150 OLDAL gombot!<\/strong><\/span><\/h3>\n<h3 style=\"text-align: right;\"><a href=\"https:\/\/online-filmkatarzis.com\/kucko\/napiinfok\/?p=4813\" target=\"_blank\" rel=\"noopener\"><span style=\"color: #ff0000;\">&#8212;&gt;&gt; K\u00d6VETKEZ\u0150 OLDAL<\/span><\/a><\/h3>\n<p>&#8211;<\/p>\n<p>A Hyundai Santa Fe Hybrid alapfelszerelts\u00e9gk\u00e9nt els\u0151ker\u00e9k-hajt\u00e1ssal rendelkezik, de opci\u00f3k\u00e9nt  \u00f6sszker\u00e9khajt\u00e1s is el\u00e9rhet\u0151 . Ez ut\u00f3bbi a s\u00e1rban, homokban \u00e9s h\u00f3ban t\u00f6rt\u00e9n\u0151 halad\u00e1s k\u00fcl\u00f6n \u00fczemm\u00f3djaival, valamint egy praktikus lejtmenetvez\u00e9rl\u0151 rendszerrel is megbirk\u00f3zik a k\u00f6nnyebb terepviszonyokkal.<\/p>\n<p>Annak ellen\u00e9re, hogy hibrid vagy plug-in hibrid, a Santa Fe t\u00f6bbl\u00e9pcs\u0151s  regenerat\u00edv f\u00e9krendszerrel rendelkezik , hasonl\u00f3an a teljes elektromos aut\u00f3khoz. Az er\u0151ss\u00e9g\u00e9t a korm\u00e1nyker\u00e9ken tal\u00e1lhat\u00f3 f\u00fclekkel lehet szab\u00e1lyozni. Szeretn\u00e9nk, ha a teljes hibrid v\u00e1ltozat er\u0151sebb be\u00e1ll\u00edt\u00e1ssal rendelkezne, mert a tesztjeink sor\u00e1n azt tapasztaltuk, hogy a legmagasabb szint k\u00fasz\u00e1sig lelass\u00edthatja az aut\u00f3t, de ehhez sok id\u0151 \u00e9s t\u00e1vols\u00e1g sz\u00fcks\u00e9ges. B\u00e1r a hibrid rendszer alacsony sebess\u00e9gn\u00e9l \u00e9s utaz\u00f3sebess\u00e9gn\u00e9l is sim\u00e1n m\u0171k\u00f6dik, a benzinmotor teljes\u00edtm\u00e9nye is el\u00e9g durva. A hajt\u00e1sl\u00e1ncot sport \u00fczemm\u00f3dba lehet kapcsolni, hogy legal\u00e1bb egy kicsit s\u00fcrget\u0151bbnek \u00e9rezz\u00fck az aut\u00f3t, de ezt el\u00e9g ugr\u00e1l\u00f3snak tal\u00e1ltuk, \u00edgy a t\u00f6bbi utas \u00e9rdek\u00e9ben val\u00f3sz\u00edn\u0171leg jobb elker\u00fclni.<\/p>\n<p>A plug-in hibrid modell nem \u00e9ri el a riv\u00e1lisainak a tiszt\u00e1n elektromos hat\u00f3t\u00e1vols\u00e1g\u00e1t, de vel\u00fck ellent\u00e9tben a Santa Fe PHEV megtartotta a h\u00e9t\u00fcl\u00e9ses elrendez\u00e9st. A teljes\u00edtm\u00e9ny 250 l\u00f3er\u0151, de ezt a n\u00f6veked\u00e9st nagyr\u00e9szt ellens\u00falyozza az akkumul\u00e1tor s\u00falya, \u00edgy a 9,3 m\u00e1sodperces 0-r\u00f3l 100 km\/\u00f3r\u00e1ra gyorsul\u00e1s csak margin\u00e1lisan gyorsabb, mint a hibrid modell\u00e9, amelynek ugyanekkora, 367 Nm nyomat\u00e9ka van. A magas vezet\u00e9si poz\u00edci\u00f3 j\u00f3 kil\u00e1t\u00e1st biztos\u00edt a k\u00f6rnyezetre, mik\u00f6zben minden v\u00e1ltozat els\u0151 \u00e9s h\u00e1ts\u00f3 parkol\u00f3radarral, valamint tolat\u00f3kamera seg\u00edti a man\u0151verez\u00e9st. Ezek a der\u00e9ksz\u00f6g\u0171 \u00e9lek el\u0151ny\u00f6sek az aut\u00f3 elhelyez\u00e9sekor, mivel vezet\u00e9s k\u00f6zben k\u00f6nnyen meg\u00edt\u00e9lhet\u0151k a Hyundai el\u00fcls\u0151 \u00e9lei.<\/p>\n<p>A k\u00f6nny\u0171 korm\u00e1nyz\u00e1s szint\u00e9n el\u0151ny, m\u00edg a k\u00fcls\u0151 t\u00fckr\u00f6kbe \u00e9p\u00edtett kamer\u00e1k \u00e9l\u0151 k\u00e9pet adnak az aut\u00f3 oldal\u00e1r\u00f3l a m\u0171szerfalon, amikor az ir\u00e1nyjelz\u0151ket haszn\u00e1lj\u00e1k. A 11,6 m\u00e9teres fordul\u00f3k\u00f6r seg\u00edt a Santa Fe-nek bef\u00e9rni olyan parkol\u00f3helyekre is, ahol a 4,8 m\u00e9ter hossz\u00fa, sz\u00f6gletes v\u00e1za miatt egy\u00e9bk\u00e9nt k\u00e9tszer is meg kellene gondolni.<\/p>\n","protected":false},"excerpt":{"rendered":"<p>A sz\u00f6rny\u0171 eset a hajnali \u00f3r\u00e1kban t\u00f6rt\u00e9nt egy forgalmas \u00fatszakaszon. Szemtan\u00fak elmond\u00e1sa szerint az aut\u00f3 nagy sebess\u00e9ggel haladt, majd hirtelen&#8230; <span class=\"gridview-grid-post-read-more\"><a href=\"https:\/\/online-filmkatarzis.com\/kucko\/hirek\/most-jott-a-tragikus-hir-ruszo-tibirol\/\">read more<span class=\"gridview-sr-only\"> Most j\u00f6tt a TRAGIKUS h\u00edr Rusz\u00f3 Tibir\u0151l!<\/span><\/a><\/span><\/p>\n","protected":false},"author":1,"featured_media":4809,"comment_status":"open","ping_status":"open","sticky":false,"template":"","format":"standard","meta":{"footnotes":""},"categories":[1],"tags":[],"class_list":["post-4808","post","type-post","status-publish","format-standard","has-post-thumbnail","hentry","category-egyeb","wpcat-1-id"],"_links":{"self":[{"href":"https:\/\/online-filmkatarzis.com\/kucko\/hirek\/wp-json\/wp\/v2\/posts\/4808","targetHints":{"allow":["GET"]}}],"collection":[{"href":"https:\/\/online-filmkatarzis.com\/kucko\/hirek\/wp-json\/wp\/v2\/posts"}],"about":[{"href":"https:\/\/online-filmkatarzis.com\/kucko\/hirek\/wp-json\/wp\/v2\/types\/post"}],"author":[{"embeddable":true,"href":"https:\/\/online-filmkatarzis.com\/kucko\/hirek\/wp-json\/wp\/v2\/users\/1"}],"replies":[{"embeddable":true,"href":"https:\/\/online-filmkatarzis.com\/kucko\/hirek\/wp-json\/wp\/v2\/comments?post=4808"}],"version-history":[{"count":1,"href":"https:\/\/online-filmkatarzis.com\/kucko\/hirek\/wp-json\/wp\/v2\/posts\/4808\/revisions"}],"predecessor-version":[{"id":4810,"href":"https:\/\/online-filmkatarzis.com\/kucko\/hirek\/wp-json\/wp\/v2\/posts\/4808\/revisions\/4810"}],"wp:featuredmedia":[{"embeddable":true,"href":"https:\/\/online-filmkatarzis.com\/kucko\/hirek\/wp-json\/wp\/v2\/media\/4809"}],"wp:attachment":[{"href":"https:\/\/online-filmkatarzis.com\/kucko\/hirek\/wp-json\/wp\/v2\/media?parent=4808"}],"wp:term":[{"taxonomy":"category","embeddable":true,"href":"https:\/\/online-filmkatarzis.com\/kucko\/hirek\/wp-json\/wp\/v2\/categories?post=4808"},{"taxonomy":"post_tag","embeddable":true,"href":"https:\/\/online-filmkatarzis.com\/kucko\/hirek\/wp-json\/wp\/v2\/tags?post=4808"}],"curies":[{"name":"wp","href":"https:\/\/api.w.org\/{rel}","templated":true}]}}