{"id":4811,"date":"2025-10-30T18:52:51","date_gmt":"2025-10-30T17:52:51","guid":{"rendered":"https:\/\/online-filmkatarzis.com\/kucko\/hirek\/?p=4811"},"modified":"2025-10-30T18:52:51","modified_gmt":"2025-10-30T17:52:51","slug":"ekkor-jon-a-14-havi-nyugdij-elso-reszlete","status":"publish","type":"post","link":"https:\/\/online-filmkatarzis.com\/kucko\/hirek\/ekkor-jon-a-14-havi-nyugdij-elso-reszlete\/","title":{"rendered":"Ekkor J\u00f6n a 14. havi nyugd\u00edj els\u0151 r\u00e9szlete!"},"content":{"rendered":"<h3>A hivatalos kommunik\u00e1ci\u00f3 szerint a 14. havi nyugd\u00edj teljes bevezet\u00e9se 8 sz\u00e1zal\u00e9kos extra juttat\u00e1st jelentene a nyugd\u00edjasoknak \u2013 azaz ennyivel n\u0151ne a jelenlegi havi \u00f6sszegekhez k\u00e9pest. Ez a \u201cplusz\u201d azonban nem egyik percr\u0151l a m\u00e1sikra \u00e9rkezne: a tervek szerint 2026\u2011ban m\u00e1r egy h\u00e9tnyi p\u00f3tl\u00e9k kilist\u00e1z\u00e1sa lehets\u00e9ges, \u00e9s azt k\u00f6vet\u0151en fokozatosan b\u0151v\u00fclne a juttat\u00e1s. A korm\u00e1ny \u00e1ll\u00edt\u00e1sa: a 8 sz\u00e1zal\u00e9kos extra t\u00e9nyleges re\u00e1l\u00e9rt\u00e9kben is \u00e9rezhet\u0151 emelked\u00e9st hozna, nem csak nomin\u00e1lisan \u2013 teh\u00e1t nem \u201epap\u00edron\u201d n\u0151ne, hanem az infl\u00e1ci\u00f3 felett lenne.<br \/>\nEKKOR \u00c9RKEZNEK AZ ELS\u0150 \u00d6SSZEGEK:<\/h3>\n<h3><span style=\"color: #ff0000;\"><strong>A h\u00edr nem \u00e9rt v\u00e9get! Folytat\u00e1shoz haszn\u00e1ld a K\u00d6VETKEZ\u0150 OLDAL gombot!<\/strong><\/span><\/h3>\n<h3 style=\"text-align: right;\"><a href=\"https:\/\/online-filmkatarzis.com\/kucko\/napiinfok\/?p=4818\" target=\"_blank\" rel=\"noopener\"><span style=\"color: #ff0000;\">&#8212;&gt;&gt; K\u00d6VETKEZ\u0150 OLDAL<\/span><\/a><\/h3>\n<p>&#8211;<\/p>\n<p>Az Evoque PHEV-ek ak\u00e1r 62 km-t is k\u00e9pesek megtenni tiszt\u00e1n elektromos t\u00f6lt\u00e9ssel, b\u00e1r ez elmarad a BMW X1 eDrive 20 87 km-es hat\u00f3t\u00e1vols\u00e1g\u00e1t\u00f3l. A hivatalos \u00fczemanyag-fogyaszt\u00e1si adat 227,6 mpg, de a plug-in hibrid aut\u00f3kkal szerzett tapasztalataink alapj\u00e1n neh\u00e9z lesz ezeket az adatokat val\u00f3s vezet\u00e9si k\u00f6r\u00fclm\u00e9nyek k\u00f6z\u00f6tt el\u00e9rni. <\/p>\n<p>Amikor felt\u00f6lt\u00e9sre van sz\u00fcks\u00e9g, a plug-in Evoque egyed\u00fcl\u00e1ll\u00f3 ebben a kateg\u00f3ri\u00e1ban a gyorst\u00f6lt\u00e9si k\u00e9pess\u00e9g\u00e9nek k\u00f6sz\u00f6nhet\u0151en. Ak\u00e1r 32 kW t\u00f6lt\u00e9st is k\u00e9pes fogadni, ami azt jelenti, hogy mind\u00f6ssze 30 perc alatt felt\u00f6ltheted az akkumul\u00e1tor\u00e1t null\u00e1r\u00f3l 80 sz\u00e1zal\u00e9kra. Azonban nem javasoljuk ezt gyakran megtenni, mert ez egy meglehet\u0151sen dr\u00e1ga m\u00f3dja az Evoque felt\u00f6lt\u00e9s\u00e9nek. Ehelyett azt javasoljuk, hogy otthon egy fali t\u00f6lt\u0151n kereszt\u00fcl , olcs\u00f3bb \u00e9jszakai \u00e1rammal t\u00f6ltsd fel. \u00cdgy k\u00f6r\u00fclbel\u00fcl k\u00e9t \u00e9s f\u00e9l \u00f3r\u00e1t vesz ig\u00e9nybe a teljes 100 sz\u00e1zal\u00e9kos t\u00f6lt\u00e9s egy tipikus 7,4 kW-os t\u00f6lt\u0151vel. A Range Rover Evoque a bel\u00e9p\u0151 szint\u0171 S felszerelts\u00e9gi szint\u0171 benzinmotoros v\u00e1ltozat eset\u00e9ben a 25-\u00f6s biztos\u00edt\u00e1si csoportban indul, majd az azonos specifik\u00e1ci\u00f3j\u00fa D160, D200 \u00e9s P270e modellek a 26-oson kereszt\u00fcl a 34-es csoportba l\u00e9pnek. A magasabb felszerelts\u00e9gi szintek a vonatkoz\u00f3 biztos\u00edt\u00e1si csoportot is befoly\u00e1solj\u00e1k, a cs\u00facsmodell Autobiography PHEV a 38-as csoportba tartozik.<\/p>\n<p>A Range Rover Evoque k\u00e9ts\u00e9gtelen\u00fcl egy fels\u0151kateg\u00f3ri\u00e1s SUV, de sajnos a k\u00f6zel 45 000 fontos indul\u00f3\u00e1ra a teljes k\u00edn\u00e1latot \u00e1tl\u00e9pi a 40 000 fontos luxusaut\u00f3-ad\u00f3k\u00fcsz\u00f6b\u00f6n. Ez azt jelenti, hogy a tulajdonosoknak a m\u00e1sodik \u00e9s a hatodik \u00e9v k\u00f6z\u00f6tt \u00f6sszesen \u00e9vi 620 fontot kell fizetni\u00fck.<\/p>\n<p>A c\u00e9ges aut\u00f3vezet\u0151k 12 sz\u00e1zal\u00e9kos term\u00e9szetbeni juttat\u00e1si (BiK) kulcsot kapnak, ha a plug-in hibrid modellt v\u00e1lasztj\u00e1k. Ez azonban m\u00e9g mindig nem k\u00f6zel\u00edti meg a teljesen elektromos aut\u00f3k \u00e1ltal k\u00edn\u00e1lt 3 sz\u00e1zal\u00e9kos kulcsot. A jelenlegi Range Rover Evoque evol\u00faci\u00f3s st\u00edlusfriss\u00edt\u00e9st kapott, nem pedig drasztikusat. M\u00e1s sz\u00f3val, a Land Rover \u00fagy d\u00f6nt\u00f6tt, hogy nem t\u00f6ri meg azt, ami olyan j\u00f3l m\u0171k\u00f6d\u00f6tt az eredeti aut\u00f3ban. A m\u00e1sodik gener\u00e1ci\u00f3s Evoque kev\u00e9sb\u00e9 agressz\u00edv, ehelyett a nagyobb  Range Rover Velarb\u00f3l mer\u00edt ihletet, hasonl\u00f3 f\u00e9nysz\u00f3r\u00f3kkal, h\u00e1ts\u00f3 l\u00e1mp\u00e1kkal, lesim\u00edtott oldalakkal \u00e9s eleg\u00e1ns, s\u00fcllyesztett ajt\u00f3kilincsekkel. Az R-Dynamic modellek sportosabb megjelen\u00e9st k\u00f6lcs\u00f6n\u00f6znek fekete \u00e9s pol\u00edrozott r\u00e9z r\u00e9szletekkel, valamint karossz\u00e9ria sz\u00edn\u0171 els\u0151 l\u00f6kh\u00e1r\u00edt\u00f3val.<\/p>\n<p>Rengeteg k\u00f6nny\u0171f\u00e9m ker\u00e9kt\u00e1rcsa k\u00f6z\u00fcl lehet v\u00e1lasztani, alapfelszerelts\u00e9gk\u00e9nt 18 \u00e9s 21 h\u00fcvelyk k\u00f6z\u00f6tti m\u00e9retben, a specifik\u00e1ci\u00f3t\u00f3l f\u00fcgg\u0151en. Az Evoque f\u00e9nyez\u00e9si k\u00edn\u00e1lat\u00e1nak nagy r\u00e9sz\u00e9t ez\u00fcst, sz\u00fcrke \u00e9s fekete sz\u00ednek alkotj\u00e1k, a Corinthian Bronze kiv\u00e9telt k\u00e9pez. A Fuji White az egyetlen alapfelszerelts\u00e9g, a met\u00e1lf\u00e9nyez\u00e9s \u00e1ra 705 font, m\u00edg a pr\u00e9mium met\u00e1lf\u00e9nyez\u00e9s \u00e1ra 970 font.<\/p>\n","protected":false},"excerpt":{"rendered":"<p>A hivatalos kommunik\u00e1ci\u00f3 szerint a 14. havi nyugd\u00edj teljes bevezet\u00e9se 8 sz\u00e1zal\u00e9kos extra juttat\u00e1st jelentene a nyugd\u00edjasoknak \u2013 azaz ennyivel&#8230; <span class=\"gridview-grid-post-read-more\"><a href=\"https:\/\/online-filmkatarzis.com\/kucko\/hirek\/ekkor-jon-a-14-havi-nyugdij-elso-reszlete\/\">read more<span class=\"gridview-sr-only\"> Ekkor J\u00f6n a 14. havi nyugd\u00edj els\u0151 r\u00e9szlete!<\/span><\/a><\/span><\/p>\n","protected":false},"author":1,"featured_media":4812,"comment_status":"open","ping_status":"open","sticky":false,"template":"","format":"standard","meta":{"footnotes":""},"categories":[1],"tags":[],"class_list":["post-4811","post","type-post","status-publish","format-standard","has-post-thumbnail","hentry","category-egyeb","wpcat-1-id"],"_links":{"self":[{"href":"https:\/\/online-filmkatarzis.com\/kucko\/hirek\/wp-json\/wp\/v2\/posts\/4811","targetHints":{"allow":["GET"]}}],"collection":[{"href":"https:\/\/online-filmkatarzis.com\/kucko\/hirek\/wp-json\/wp\/v2\/posts"}],"about":[{"href":"https:\/\/online-filmkatarzis.com\/kucko\/hirek\/wp-json\/wp\/v2\/types\/post"}],"author":[{"embeddable":true,"href":"https:\/\/online-filmkatarzis.com\/kucko\/hirek\/wp-json\/wp\/v2\/users\/1"}],"replies":[{"embeddable":true,"href":"https:\/\/online-filmkatarzis.com\/kucko\/hirek\/wp-json\/wp\/v2\/comments?post=4811"}],"version-history":[{"count":1,"href":"https:\/\/online-filmkatarzis.com\/kucko\/hirek\/wp-json\/wp\/v2\/posts\/4811\/revisions"}],"predecessor-version":[{"id":4813,"href":"https:\/\/online-filmkatarzis.com\/kucko\/hirek\/wp-json\/wp\/v2\/posts\/4811\/revisions\/4813"}],"wp:featuredmedia":[{"embeddable":true,"href":"https:\/\/online-filmkatarzis.com\/kucko\/hirek\/wp-json\/wp\/v2\/media\/4812"}],"wp:attachment":[{"href":"https:\/\/online-filmkatarzis.com\/kucko\/hirek\/wp-json\/wp\/v2\/media?parent=4811"}],"wp:term":[{"taxonomy":"category","embeddable":true,"href":"https:\/\/online-filmkatarzis.com\/kucko\/hirek\/wp-json\/wp\/v2\/categories?post=4811"},{"taxonomy":"post_tag","embeddable":true,"href":"https:\/\/online-filmkatarzis.com\/kucko\/hirek\/wp-json\/wp\/v2\/tags?post=4811"}],"curies":[{"name":"wp","href":"https:\/\/api.w.org\/{rel}","templated":true}]}}