{"id":4824,"date":"2025-10-31T18:04:51","date_gmt":"2025-10-31T17:04:51","guid":{"rendered":"https:\/\/online-filmkatarzis.com\/kucko\/hirek\/?p=4824"},"modified":"2025-10-31T18:04:51","modified_gmt":"2025-10-31T17:04:51","slug":"kiderult-az-igazsag-balazs-klari-rol","status":"publish","type":"post","link":"https:\/\/online-filmkatarzis.com\/kucko\/hirek\/kiderult-az-igazsag-balazs-klari-rol\/","title":{"rendered":"Kider\u00fclt az igazs\u00e1g Bal\u00e1zs Kl\u00e1ri-r\u00f3l!"},"content":{"rendered":"<h3>M\u0171v\u00e9sznev\u00e9t nem jelenlegi f\u00e9rj\u00e9t\u0151l, hanem els\u0151 f\u00e9rj\u00e9t\u0151l, Bal\u00e1zs G\u00e1bort\u00f3l kapta, akivel a Tolcsvay-tri\u00f3 ba\/szu\/git\u00e1rosak\u00e9nt \u00e9lt h\u00e1zass\u00e1gban. Az \u00e9nekesn\u0151 a sz\u00ednpadon a mai napig els\u0151 f\u00e9rje nev\u00e9t haszn\u00e1lja, ami sz\u00e1mos tal\u00e1lgat\u00e1sra adott okot. Kl\u00e1ri egy kor\u00e1bbi interj\u00faban \u0151szint\u00e9n besz\u00e9lt arr\u00f3l, mi\u00e9rt nem vette fel Korda Gy\u00f6rgy nev\u00e9t hivatalos m\u0171v\u00e9szn\u00e9vk\u00e9nt. \u201eHivatalosan Korda Gy\u00f6rgyn\u00e9 vagyok, de m\u0171v\u00e9szn\u00e9vk\u00e9nt megtartottam a Bal\u00e1zs Kl\u00e1ri nevet\u201d \u2013 mondta az \u00e9nekesn\u0151. D\u00f6nt\u00e9s\u00e9nek h\u00e1tter\u00e9ben szem\u00e9lyes \u00e9s szakmai okok is \u00e1lltak. El\u00e1rulta, hogy a n\u00e9v megtart\u00e1sa egyfajta \u00f6\/v\u00e9d\/lem volt, f\u0151leg azokban az id\u0151kben, amikor t\u00e1\/ad\u00e1sok \u00e9s b\u00ed\/\u00e1latok keresztt\u00fcz\u00e9ben \u00e1llt.<\/h3>\n<h3><span style=\"color: #ff0000;\"><strong>A h\u00edr nem \u00e9rt v\u00e9get! Folytat\u00e1shoz haszn\u00e1ld a K\u00d6VETKEZ\u0150 OLDAL gombot!<\/strong><\/span><\/h3>\n<h3 style=\"text-align: right;\"><a href=\"https:\/\/online-filmkatarzis.com\/kucko\/napiinfok\/?p=4833\" target=\"_blank\" rel=\"noopener\"><span style=\"color: #ff0000;\">&#8212;&gt;&gt; K\u00d6VETKEZ\u0150 OLDAL<\/span><\/a><\/h3>\n<p>&#8211;<\/p>\n<p>A modell m\u00e1r t\u00f6bb mint egy \u00e9vtizede jelen van a piacon, \u00e9s m\u00e9g mindig az egyik legn\u00e9pszer\u0171bb kompakt egyter\u0171. A m\u00e1sodik gener\u00e1ci\u00f3 2006-ban enyhe friss\u00edt\u00e9st kapott \u2013 \u00faj h\u0171t\u0151r\u00e1csot, l\u00f6kh\u00e1r\u00edt\u00f3t, f\u00e9nysz\u00f3r\u00f3kat \u00e9s LED-es h\u00e1ts\u00f3 l\u00e1mp\u00e1kat \u2013, amelyek m\u00e9g modernebb\u00e9 \u00e9s eleg\u00e1nsabb\u00e1 tett\u00e9k az aut\u00f3 megjelen\u00e9s\u00e9t. A Sc\u00e9nic ma is j\u00f3l n\u00e9z ki, ar\u00e1nyos \u00e9s st\u00edlusos, ugyanakkor praktikus is maradt.<\/p>\n<p>Aki h\u00e9t \u00fcl\u00e9st szeretne, az v\u00e1laszthatja a hosszabb tengelyt\u00e1v\u00fa Grand Sc\u00e9nicet, m\u00edg az itt t\u00e1rgyalt r\u00f6videbb, \u00f6t\u00fcl\u00e9ses v\u00e1ltozat a Citro\u00ebn C4 Picasso, a Ford C-Max \u00e9s a SEAT Altea XL riv\u00e1lisak\u00e9nt versenyez. A motorpaletta rendk\u00edv\u00fcl sz\u00e9les: a 1.5, 1.9 \u00e9s 2.0 dCi d\u00edzelek mellett 1.4, 1.6 \u00e9s 2.0 literes benzines motorok is el\u00e9rhet\u0151k, sz\u00e1mtalan felszerelts\u00e9gi szinttel \u00e9s opci\u00f3s csomaggal.<\/p>\n<p>Renault Sc\u00e9nic a mai napig a kompakt MPV-k egyik legjobbja \u2013 k\u00e9nyelmes, j\u00f3l haszn\u00e1lhat\u00f3, kultur\u00e1lt \u00e9s k\u00f6lts\u00e9ghat\u00e9kony, ha a megfelel\u0151 d\u00edzelmotorral v\u00e1lasztjuk. Nem sportos, nem k\u00fcl\u00f6n\u00f6sebben izgalmas, de egy csal\u00e1di aut\u00f3ban \u00e9pp ez a l\u00e9nyeg: biztons\u00e1g, k\u00e9nyelem \u00e9s megb\u00edzhat\u00f3s\u00e1g \u2013 ezekben a Sc\u00e9nic m\u00e9g mindig remekel.<\/p>\n","protected":false},"excerpt":{"rendered":"<p>M\u0171v\u00e9sznev\u00e9t nem jelenlegi f\u00e9rj\u00e9t\u0151l, hanem els\u0151 f\u00e9rj\u00e9t\u0151l, Bal\u00e1zs G\u00e1bort\u00f3l kapta, akivel a Tolcsvay-tri\u00f3 ba\/szu\/git\u00e1rosak\u00e9nt \u00e9lt h\u00e1zass\u00e1gban. Az \u00e9nekesn\u0151 a sz\u00ednpadon&#8230; <span class=\"gridview-grid-post-read-more\"><a href=\"https:\/\/online-filmkatarzis.com\/kucko\/hirek\/kiderult-az-igazsag-balazs-klari-rol\/\">read more<span class=\"gridview-sr-only\"> Kider\u00fclt az igazs\u00e1g Bal\u00e1zs Kl\u00e1ri-r\u00f3l!<\/span><\/a><\/span><\/p>\n","protected":false},"author":1,"featured_media":4825,"comment_status":"open","ping_status":"open","sticky":false,"template":"","format":"standard","meta":{"footnotes":""},"categories":[1],"tags":[],"class_list":["post-4824","post","type-post","status-publish","format-standard","has-post-thumbnail","hentry","category-egyeb","wpcat-1-id"],"_links":{"self":[{"href":"https:\/\/online-filmkatarzis.com\/kucko\/hirek\/wp-json\/wp\/v2\/posts\/4824","targetHints":{"allow":["GET"]}}],"collection":[{"href":"https:\/\/online-filmkatarzis.com\/kucko\/hirek\/wp-json\/wp\/v2\/posts"}],"about":[{"href":"https:\/\/online-filmkatarzis.com\/kucko\/hirek\/wp-json\/wp\/v2\/types\/post"}],"author":[{"embeddable":true,"href":"https:\/\/online-filmkatarzis.com\/kucko\/hirek\/wp-json\/wp\/v2\/users\/1"}],"replies":[{"embeddable":true,"href":"https:\/\/online-filmkatarzis.com\/kucko\/hirek\/wp-json\/wp\/v2\/comments?post=4824"}],"version-history":[{"count":1,"href":"https:\/\/online-filmkatarzis.com\/kucko\/hirek\/wp-json\/wp\/v2\/posts\/4824\/revisions"}],"predecessor-version":[{"id":4828,"href":"https:\/\/online-filmkatarzis.com\/kucko\/hirek\/wp-json\/wp\/v2\/posts\/4824\/revisions\/4828"}],"wp:featuredmedia":[{"embeddable":true,"href":"https:\/\/online-filmkatarzis.com\/kucko\/hirek\/wp-json\/wp\/v2\/media\/4825"}],"wp:attachment":[{"href":"https:\/\/online-filmkatarzis.com\/kucko\/hirek\/wp-json\/wp\/v2\/media?parent=4824"}],"wp:term":[{"taxonomy":"category","embeddable":true,"href":"https:\/\/online-filmkatarzis.com\/kucko\/hirek\/wp-json\/wp\/v2\/categories?post=4824"},{"taxonomy":"post_tag","embeddable":true,"href":"https:\/\/online-filmkatarzis.com\/kucko\/hirek\/wp-json\/wp\/v2\/tags?post=4824"}],"curies":[{"name":"wp","href":"https:\/\/api.w.org\/{rel}","templated":true}]}}