{"id":4899,"date":"2025-11-04T17:22:58","date_gmt":"2025-11-04T16:22:58","guid":{"rendered":"https:\/\/online-filmkatarzis.com\/kucko\/hirek\/?p=4899"},"modified":"2025-11-04T17:22:58","modified_gmt":"2025-11-04T16:22:58","slug":"megszakitottak-az-elo-musort-szabo-zsofi-miatt","status":"publish","type":"post","link":"https:\/\/online-filmkatarzis.com\/kucko\/hirek\/megszakitottak-az-elo-musort-szabo-zsofi-miatt\/","title":{"rendered":"Megszak\u00edtott\u00e1k az \u00e9l\u0151 m\u0171sort Szab\u00f3 Zs\u00f3fi miatt!"},"content":{"rendered":"<h3>A feles\u00e9g m\u00e1r h\u00e1rom h\u00e9ttel kor\u00e1bban elhunyt. A st\u00fadi\u00f3ban azonnal reakci\u00f3 t\u00f6rt\u00e9nt: a m\u0171sorvezet\u0151k arc\u00e1n l\u00e1tszott, hogy nem v\u00e1rt fordulat k\u00f6vetkezik, \u00e9s r\u00f6viddel a k\u00e9rd\u00e9s ut\u00e1n a besz\u00e9lget\u00e9st f\u00e9lbe kellett szak\u00edtani. Nagyon neh\u00e9z most megsz\u00f3lalni\u201d \u2014 mondta koll\u00e9g\u00e1ja, V\u00e1czi Gerg\u0151, \u00e9s \u00e1tvette a fonalat, visszaterelve a t\u00e9m\u00e1t az \u00edr\u00f3 \u00faj k\u00f6nyv\u00e9re.<br \/>\nKIAKADTAK A N\u00c9Z\u0150S A M\u00daSORVEZET\u0150 FELK\u00c9SZ\u00dcLETLENS\u00c9GE MIATT! MUTATJUK!<\/h3>\n<h3><span style=\"color: #ff0000;\"><strong>A h\u00edr nem \u00e9rt v\u00e9get! Folytat\u00e1shoz haszn\u00e1ld a K\u00d6VETKEZ\u0150 OLDAL gombot!<\/strong><\/span><\/h3>\n<h3 style=\"text-align: right;\"><a href=\"https:\/\/online-filmkatarzis.com\/kucko\/napiinfok\/?p=4905\" target=\"_blank\" rel=\"noopener\"><span style=\"color: #ff0000;\">&#8212;&gt;&gt; K\u00d6VETKEZ\u0150 OLDAL<\/span><\/a><\/h3>\n<p>&#8211;<\/p>\n<p>M\u00edg az eredeti Rio minden rossz okb\u00f3l kifoly\u00f3lag t\u0171nt ki a t\u00f6megb\u0151l, a Rio Mk2 (2005-2011) igaz\u00e1n megalapozta a kisaut\u00f3k piac\u00e1t egy neh\u00e9z piacon. Az Mk3 (2011-2017) ott folytatta, ahol el\u0151dje abbahagyta, b\u00e1r st\u00edlusosabb form\u00e1ban, de tov\u00e1bbra is kiv\u00e1l\u00f3 \u00fczemanyag-fogyaszt\u00e1st \u00e9s rengeteg alapfelszerelts\u00e9get k\u00edn\u00e1lt.<br \/>\nA Rio Mk4 2017-ben \u00e9rkezett, az Mk3 tov\u00e1bbfejlesztett diz\u00e1jnj\u00e1val, \u00e9s a szupermini v\u00e1s\u00e1rl\u00f3k \u00e1ltal az ilyen t\u00edpus\u00fa aut\u00f3kt\u00f3l elv\u00e1rt technol\u00f3gi\u00e1val \u00e9s min\u0151s\u00e9ggel. A k\u00fcls\u0151 megjelen\u00e9sben hangs\u00falyosabb \u201etigrisorr\u201d h\u0171t\u0151r\u00e1cs kapott helyet (amelyet a 2020-as fejleszt\u00e9sek sor\u00e1n keskenyebb\u00e9 tettek), m\u00edg a bels\u0151 t\u00e9rben tov\u00e1bbfejlesztett kapcsol\u00f3berendez\u00e9sek jelentek meg, \u00e9s a legalapvet\u0151bb modell kiv\u00e9tel\u00e9vel minden alapfelszerelts\u00e9gk\u00e9nt \u00e9rint\u0151k\u00e9perny\u0151s infotainment rendszerrel rendelkezik.<\/p>\n<p>A Rio k\u00edn\u00e1lata letisztult 1-es, 2-es \u00e9s 3-as specifik\u00e1ci\u00f3kat tartalmaz, mik\u00f6zben id\u0151r\u0151l id\u0151re felbukkannak limit\u00e1lt kiad\u00e1sok is. A modell bevezet\u00e9sekor egy First Edition v\u00e1ltozatot k\u00edn\u00e1ltak, de az\u00f3ta a GT-Line S v\u00e1ltotta azt a cs\u00facsmodell\u00e9.<br \/>\nMinden aut\u00f3 legal\u00e1bb l\u00e9gkondicion\u00e1l\u00f3val, elektromos, f\u0171thet\u0151 k\u00fcls\u0151 t\u00fckr\u00f6kkel, Bluetooth-szal, automata f\u00e9nysz\u00f3r\u00f3kkal \u00e9s LED-es nappali menetf\u00e9nnyel rendelkezik. A k\u00e9t felszerelts\u00e9gi szinttel b\u0151v\u00edtett aut\u00f3k k\u00f6z\u00f6tt 15 colos k\u00f6nny\u0171f\u00e9m ker\u00e9kt\u00e1rcs\u00e1k, sebess\u00e9gtart\u00f3 automatika, h\u00e1ts\u00f3 parkol\u00f3radar, tolat\u00f3kamera \u00e9s egy 8,0 colos \u00e9rint\u0151k\u00e9perny\u0151s infotainment rendszer is tal\u00e1lhat\u00f3. Nem minden motort kaphatsz minden felszerelts\u00e9gi szinthez, a leger\u0151sebb 118 l\u00f3er\u0151s 1.0 T-GDi csak 3\/GT-Line S felszerelts\u00e9gi szinten kaphat\u00f3, a 99 l\u00f3er\u0151s v\u00e1ltozat pedig csak 2-es felszerelts\u00e9gi szinten. Az 1,2 literes (kor\u00e1bban 1,25-\u00f6s) csak az 1-es \u00e9s 2-es felszerelts\u00e9gi szinten \u00e9rhet\u0151 el. Az automata sebess\u00e9gv\u00e1lt\u00f3 opci\u00f3k\u00e9nt v\u00e1laszthat\u00f3 a k\u00e9t 1,0 literes turb\u00f3motorhoz, de minden Rio els\u0151ker\u00e9k-hajt\u00e1s\u00fa.<br \/>\nA d\u00edzel m\u00e1r nem annyira n\u00e9pszer\u0171 a kisaut\u00f3k szektor\u00e1ban, mint r\u00e9gen, \u00e9s b\u00e1r a Kia kor\u00e1bban a leggazdas\u00e1gosabb aut\u00f3k k\u00f6z\u00fcl n\u00e9h\u00e1nyat k\u00edn\u00e1lt \u2013 CRDi d\u00edzelmodelljei form\u00e1j\u00e1ban \u2013, a d\u00e9l-koreai gy\u00e1rt\u00f3 m\u00e1r nem gy\u00e1rt d\u00edzel Ri\u00f3t az Egyes\u00fclt Kir\u00e1lys\u00e1g piac\u00e1ra. Ami sajn\u00e1latos, mivel a kisebb teljes\u00edtm\u00e9ny\u0171 d\u00edzel \u00e1ll\u00edt\u00f3lag t\u00f6bb mint 80 mpg fogyaszt\u00e1s\u00e1ra volt k\u00e9pes. <\/p>\n","protected":false},"excerpt":{"rendered":"<p>A feles\u00e9g m\u00e1r h\u00e1rom h\u00e9ttel kor\u00e1bban elhunyt. A st\u00fadi\u00f3ban azonnal reakci\u00f3 t\u00f6rt\u00e9nt: a m\u0171sorvezet\u0151k arc\u00e1n l\u00e1tszott, hogy nem v\u00e1rt fordulat&#8230; <span class=\"gridview-grid-post-read-more\"><a href=\"https:\/\/online-filmkatarzis.com\/kucko\/hirek\/megszakitottak-az-elo-musort-szabo-zsofi-miatt\/\">read more<span class=\"gridview-sr-only\"> Megszak\u00edtott\u00e1k az \u00e9l\u0151 m\u0171sort Szab\u00f3 Zs\u00f3fi miatt!<\/span><\/a><\/span><\/p>\n","protected":false},"author":1,"featured_media":4900,"comment_status":"open","ping_status":"open","sticky":false,"template":"","format":"standard","meta":{"footnotes":""},"categories":[1],"tags":[],"class_list":["post-4899","post","type-post","status-publish","format-standard","has-post-thumbnail","hentry","category-egyeb","wpcat-1-id"],"_links":{"self":[{"href":"https:\/\/online-filmkatarzis.com\/kucko\/hirek\/wp-json\/wp\/v2\/posts\/4899","targetHints":{"allow":["GET"]}}],"collection":[{"href":"https:\/\/online-filmkatarzis.com\/kucko\/hirek\/wp-json\/wp\/v2\/posts"}],"about":[{"href":"https:\/\/online-filmkatarzis.com\/kucko\/hirek\/wp-json\/wp\/v2\/types\/post"}],"author":[{"embeddable":true,"href":"https:\/\/online-filmkatarzis.com\/kucko\/hirek\/wp-json\/wp\/v2\/users\/1"}],"replies":[{"embeddable":true,"href":"https:\/\/online-filmkatarzis.com\/kucko\/hirek\/wp-json\/wp\/v2\/comments?post=4899"}],"version-history":[{"count":1,"href":"https:\/\/online-filmkatarzis.com\/kucko\/hirek\/wp-json\/wp\/v2\/posts\/4899\/revisions"}],"predecessor-version":[{"id":4901,"href":"https:\/\/online-filmkatarzis.com\/kucko\/hirek\/wp-json\/wp\/v2\/posts\/4899\/revisions\/4901"}],"wp:featuredmedia":[{"embeddable":true,"href":"https:\/\/online-filmkatarzis.com\/kucko\/hirek\/wp-json\/wp\/v2\/media\/4900"}],"wp:attachment":[{"href":"https:\/\/online-filmkatarzis.com\/kucko\/hirek\/wp-json\/wp\/v2\/media?parent=4899"}],"wp:term":[{"taxonomy":"category","embeddable":true,"href":"https:\/\/online-filmkatarzis.com\/kucko\/hirek\/wp-json\/wp\/v2\/categories?post=4899"},{"taxonomy":"post_tag","embeddable":true,"href":"https:\/\/online-filmkatarzis.com\/kucko\/hirek\/wp-json\/wp\/v2\/tags?post=4899"}],"curies":[{"name":"wp","href":"https:\/\/api.w.org\/{rel}","templated":true}]}}