{"id":4902,"date":"2025-11-04T17:37:54","date_gmt":"2025-11-04T16:37:54","guid":{"rendered":"https:\/\/online-filmkatarzis.com\/kucko\/hirek\/?p=4902"},"modified":"2025-11-04T17:37:54","modified_gmt":"2025-11-04T16:37:54","slug":"karmen-tette-ezzel-vegzodik","status":"publish","type":"post","link":"https:\/\/online-filmkatarzis.com\/kucko\/hirek\/karmen-tette-ezzel-vegzodik\/","title":{"rendered":"K\u00e1rmen tette ezzel v\u00e9gz\u0151dik!"},"content":{"rendered":"<h3>A fel\/\u00e9tel r\u00f6vid id\u0151 alatt v\u00ed\/usk\/nt terjedt, a k\u00e1r m\u00e1r megt\u00f6rt\u00e9nt. Dani ak\u00e1r fel\/elen\/\u00e9st is tehet becs\/lets\u00e9\/t\u00e9s \u00e9s za\/lat\u00e1s miatt, az \u00fcgyet pedig azonnal komolyan vette a rend\u0151rs\u00e9g. M\u00edg sokan K\u00e1rmen mellett \u00e1llnak, mondv\u00e1n, hogy \u201ecsak elragadt\u00e1k az \u00e9rzelmei\u201d, m\u00e1sok szerint elj\u00f6tt az id\u0151, hogy a ve\/b\u00e1lis \u00e9s \u00e9r\/elmi b\u00e1ntalmaz\u00e1snak is k\u00f6vetkezm\u00e9nye legyen.<\/h3>\n<h3><span style=\"color: #ff0000;\"><strong>A h\u00edr nem \u00e9rt v\u00e9get! Folytat\u00e1shoz haszn\u00e1ld a K\u00d6VETKEZ\u0150 OLDAL gombot!<\/strong><\/span><\/h3>\n<h3 style=\"text-align: right;\"><a href=\"https:\/\/online-filmkatarzis.com\/kucko\/napiinfok\/?p=4908\" target=\"_blank\" rel=\"noopener\"><span style=\"color: #ff0000;\">&#8212;&gt;&gt; K\u00d6VETKEZ\u0150 OLDAL<\/span><\/a><\/h3>\n<p>&#8211;<\/p>\n<p>A Spring a Dacia els\u0151 teljesen elektromos aut\u00f3ja, \u00e9s egyben a m\u00e1rka legkisebb modellje, amelyet az Egyes\u00fclt Kir\u00e1lys\u00e1gban k\u00edn\u00e1l. Ez a k\u00e9t tulajdons\u00e1g \u00f6nmag\u00e1ban is k\u00fcl\u00f6n\u00f6sen vonz\u00f3 lehet azok sz\u00e1m\u00e1ra, akik eddig nem gondolkodtak Daci\u00e1ban, \u00e9s ezt az eur\u00f3pai tapasztalatok is al\u00e1t\u00e1masztj\u00e1k: a m\u00e1rka adatai szerint a kontinensen, ahol a modell m\u00e1r a r\u00e1ncfelvarr\u00e1s el\u0151tti form\u00e1j\u00e1ban el\u00e9rhet\u0151 volt, a v\u00e1s\u00e1rl\u00f3k 79 sz\u00e1zal\u00e9ka teljesen \u00faj \u00fcgyf\u00e9l volt a Dacia sz\u00e1m\u00e1ra, r\u00e1ad\u00e1sul 93 sz\u00e1zal\u00e9kuknak ez volt az els\u0151 elektromos aut\u00f3ja.<\/p>\n<p>Mivel a Spring lett a Dacia k\u00edn\u00e1lat\u00e1nak bel\u00e9p\u0151modellje, k\u00fcl\u00f6n\u00f6sen \u00e9rdekes poz\u00edci\u00f3t foglal el a m\u00e1rka palett\u00e1j\u00e1n. Az aut\u00f3 eredetileg 2021-ben mutatkozott be Eur\u00f3p\u00e1ban, de t\u00f6rt\u00e9nete eg\u00e9szen 2019-ig ny\u00falik vissza K\u00edn\u00e1ba, ahol Renault City K-ZE n\u00e9ven gy\u00e1rtj\u00e1k \u00e9s forgalmazz\u00e1k \u2013 emellett m\u00e1s helyi m\u00e1rkanevek alatt is el\u00e9rhet\u0151. A Renault City K-ZE val\u00f3j\u00e1ban a Renault Kwid elektromos v\u00e1ltozata, amely K\u00edn\u00e1ban egy olcs\u00f3, benzines kisaut\u00f3k\u00e9nt ismert. A Spring teh\u00e1t ennek az \u00e1talak\u00edtott, eur\u00f3pai ig\u00e9nyekhez igaz\u00edtott verzi\u00f3ja: kicsi, k\u00f6nny\u0171 \u00e9s rendk\u00edv\u00fcl gazdas\u00e1gos.<\/p>\n","protected":false},"excerpt":{"rendered":"<p>A fel\/\u00e9tel r\u00f6vid id\u0151 alatt v\u00ed\/usk\/nt terjedt, a k\u00e1r m\u00e1r megt\u00f6rt\u00e9nt. Dani ak\u00e1r fel\/elen\/\u00e9st is tehet becs\/lets\u00e9\/t\u00e9s \u00e9s za\/lat\u00e1s miatt,&#8230; <span class=\"gridview-grid-post-read-more\"><a href=\"https:\/\/online-filmkatarzis.com\/kucko\/hirek\/karmen-tette-ezzel-vegzodik\/\">read more<span class=\"gridview-sr-only\"> K\u00e1rmen tette ezzel v\u00e9gz\u0151dik!<\/span><\/a><\/span><\/p>\n","protected":false},"author":1,"featured_media":4903,"comment_status":"open","ping_status":"open","sticky":false,"template":"","format":"standard","meta":{"footnotes":""},"categories":[1],"tags":[],"class_list":["post-4902","post","type-post","status-publish","format-standard","has-post-thumbnail","hentry","category-egyeb","wpcat-1-id"],"_links":{"self":[{"href":"https:\/\/online-filmkatarzis.com\/kucko\/hirek\/wp-json\/wp\/v2\/posts\/4902","targetHints":{"allow":["GET"]}}],"collection":[{"href":"https:\/\/online-filmkatarzis.com\/kucko\/hirek\/wp-json\/wp\/v2\/posts"}],"about":[{"href":"https:\/\/online-filmkatarzis.com\/kucko\/hirek\/wp-json\/wp\/v2\/types\/post"}],"author":[{"embeddable":true,"href":"https:\/\/online-filmkatarzis.com\/kucko\/hirek\/wp-json\/wp\/v2\/users\/1"}],"replies":[{"embeddable":true,"href":"https:\/\/online-filmkatarzis.com\/kucko\/hirek\/wp-json\/wp\/v2\/comments?post=4902"}],"version-history":[{"count":1,"href":"https:\/\/online-filmkatarzis.com\/kucko\/hirek\/wp-json\/wp\/v2\/posts\/4902\/revisions"}],"predecessor-version":[{"id":4904,"href":"https:\/\/online-filmkatarzis.com\/kucko\/hirek\/wp-json\/wp\/v2\/posts\/4902\/revisions\/4904"}],"wp:featuredmedia":[{"embeddable":true,"href":"https:\/\/online-filmkatarzis.com\/kucko\/hirek\/wp-json\/wp\/v2\/media\/4903"}],"wp:attachment":[{"href":"https:\/\/online-filmkatarzis.com\/kucko\/hirek\/wp-json\/wp\/v2\/media?parent=4902"}],"wp:term":[{"taxonomy":"category","embeddable":true,"href":"https:\/\/online-filmkatarzis.com\/kucko\/hirek\/wp-json\/wp\/v2\/categories?post=4902"},{"taxonomy":"post_tag","embeddable":true,"href":"https:\/\/online-filmkatarzis.com\/kucko\/hirek\/wp-json\/wp\/v2\/tags?post=4902"}],"curies":[{"name":"wp","href":"https:\/\/api.w.org\/{rel}","templated":true}]}}