{"id":4968,"date":"2025-11-08T21:38:10","date_gmt":"2025-11-08T20:38:10","guid":{"rendered":"https:\/\/online-filmkatarzis.com\/kucko\/hirek\/?p=4968"},"modified":"2025-11-08T21:38:10","modified_gmt":"2025-11-08T20:38:10","slug":"ebbe-halt-bele-az-eltunt-foorvosno","status":"publish","type":"post","link":"https:\/\/online-filmkatarzis.com\/kucko\/hirek\/ebbe-halt-bele-az-eltunt-foorvosno\/","title":{"rendered":"Ebbe halt bele az elt\u0171nt f\u0151orvosn\u0151"},"content":{"rendered":"<h3>Ahogy telt az id\u0151, \u00e9s sem h\u00edr, sem jel nem \u00e9rkezett r\u00f3la, egyre n\u0151tt a k\u00e9ts\u00e9gbees\u00e9s. A f\u0151orvosn\u0151t utolj\u00e1ra a Szegedi Tudom\u00e1nyegyetem Idegseb\u00e9szeti Klinik\u00e1j\u00e1nak \u201eD\u201d \u00e9p\u00fclet\u00e9ben l\u00e1tt\u00e1k. A rend\u0151rs\u00e9g, a csal\u00e1d \u00e9s agg\u00f3d\u00f3 koll\u00e9g\u00e1i is g\u0151zer\u0151vel kerest\u00e9k. Szeksz\u00e1rdon, ahol dolgozott, \u00e9s Szegeden, ahol kezelt\u00e9k, szinte minden k\u00f6vet megmozgattak \u00e9rte. De vajon saj\u00e1t l\u00e1bon t\u00e1vozott? Valami sokkal s\u00f6t\u00e9tebb dolog \u00e1llt a h\u00e1tt\u00e9rben:<\/h3>\n<h3><span style=\"color: #ff0000;\"><strong>A h\u00edr nem \u00e9rt v\u00e9get! Folytat\u00e1shoz haszn\u00e1ld a K\u00d6VETKEZ\u0150 OLDAL gombot!<\/strong><\/span><\/h3>\n<h3 style=\"text-align: right;\"><a href=\"https:\/\/online-filmkatarzis.com\/kucko\/napiinfok\/?p=4973\" target=\"_blank\" rel=\"noopener\"><span style=\"color: #ff0000;\">&#8212;&gt;&gt; K\u00d6VETKEZ\u0150 OLDAL<\/span><\/a><\/h3>\n<p>&#8211;<\/p>\n<p>Annak ellen\u00e9re, hogy hossz\u00fas\u00e1gban \u00e9s sz\u00e9less\u00e9gben szinte azonos, a Renault Megane csomagtart\u00f3ja nagyobb, mint a SEAT Leon\u00e9 \u00e9s a Vauxhall Astr\u00e1\u00e9 . Ami m\u00e9g jobb, a 434 literes rakt\u00e9r j\u00f3l kialak\u00edtott, b\u00e1r van egy l\u00e9pcs\u0151 a csomagtart\u00f3 padl\u00f3j\u00e1hoz. Egy Peugeot 308-nak is nagyobb a csomagtart\u00f3ja.<\/p>\n<p>A csomagtart\u00f3 kapacit\u00e1s\u00e1ra helyezett hangs\u00faly azt jelenti, hogy a l\u00e1bt\u00e9r h\u00e1ts\u00f3 \u00fcl\u00e9ssor\u00e1ban t\u00f6red\u00e9k\u00e9vel kisebb, de az olyan extra funkci\u00f3k, mint a h\u00e1ts\u00f3 szell\u0151z\u0151ny\u00edl\u00e1sok, egy csipetnyi luxust k\u00f6lcs\u00f6n\u00f6znek az utasoknak. M\u00e1sutt rengeteg praktikus t\u00e1rol\u00f3hely tal\u00e1lhat\u00f3, bele\u00e9rtve a b\u00e9lelt ajt\u00f3rekeszeket \u00e9s a csecsebecs\u00e9knek sz\u00e1nt t\u00e1lc\u00e1t, amelyben az USB \u00e9s a 12 V-os csatlakoz\u00f3k is tal\u00e1lhat\u00f3k. Sok francia aut\u00f3hoz hasonl\u00f3an a M\u00e9gane keszty\u0171tart\u00f3ja is apr\u00f3, mivel meg kell osztania a helyet a biztos\u00edt\u00e9kdobozzal \u2013 ez a probl\u00e9ma nem jelentkezik, amikor az aut\u00f3t az eur\u00f3pai balkorm\u00e1nyos piacokra alak\u00edtj\u00e1k \u00e1t. 434 literes csomagtart\u00f3j\u00e1val a Megane meglehet\u0151sen praktikus. A h\u00e1ts\u00f3 \u00fcl\u00e9sek lehajt\u00e1s\u00e1val azonban az \u00edgy l\u00e9trej\u00f6v\u0151 1237 literes rakt\u00e9r val\u00f3j\u00e1ban kisebb, mint a SEAT Leon \u00e9s a Vauxhall Astra eset\u00e9ben. Van egy hangs\u00falyos rakod\u00f3perem is, amelyen \u00e1t kell emelni a b\u0151r\u00f6nd\u00f6ket, a padl\u00f3 alatti t\u00e1rol\u00f3rekesz pedig megsz\u0171nik, ha helytakar\u00e9kos p\u00f3tkereket \u00e9s opcion\u00e1lis Bose m\u00e9lynyom\u00f3t is v\u00e1lasztunk.<br \/>\nA Renault t\u00f6rt\u00e9nelmi h\u00edrn\u00e9vnek \u00f6rvend a megb\u00edzhatatlan aut\u00f3k gy\u00e1rt\u00e1s\u00e1ban, de ez manaps\u00e1g t\u00e1vol \u00e1ll az igazs\u00e1gt\u00f3l. A legfrissebb Driver Power el\u00e9gedetts\u00e9gi felm\u00e9r\u00e9s\u00fcnkben 30 gy\u00e1rt\u00f3 k\u00f6z\u00fcl a 15. helyen v\u00e9gzett, ami javul\u00e1s a 2019-es 19. helyhez k\u00e9pest, \u00e9s annak a jele, hogy a v\u00e1llalat j\u00f3 ir\u00e1nyba halad.<\/p>\n<p>A M\u00e9gane biztons\u00e1gi mutat\u00f3i kiv\u00e1l\u00f3ak, az Euro NCAP teljes, \u00f6t csillagos \u00e9rt\u00e9kel\u00e9st adott neki. Minden v\u00e1ltozat hat l\u00e9gzs\u00e1kkal, parkol\u00f3radarral \u00e9s sebess\u00e9ghat\u00e1rol\u00f3val kieg\u00e9sz\u00edtett tempomattal rendelkezik, a Renault pedig a Visio rendszert is be\u00e9p\u00edtette, amely s\u00e1velhagy\u00e1sra figyelmeztet\u0151 rendszert, k\u00f6zleked\u00e9si t\u00e1bla felismer\u00e9st \u00e9s automatikus t\u00e1vols\u00e1gi\/tomp\u00edtott f\u00e9nysz\u00f3r\u00f3 funkci\u00f3t is tartalmaz. A Renault M\u00e9gane-ra \u00f6t \u00e9v garancia vonatkozik, az els\u0151 k\u00e9t \u00e9vben korl\u00e1tlan fut\u00e1steljes\u00edtm\u00e9ny mellett. A harmadik \u00e9s \u00f6t\u00f6dik \u00e9v k\u00f6z\u00f6tt 160 000 kilom\u00e9teres fut\u00e1steljes\u00edtm\u00e9ny-korl\u00e1t \u00e9rv\u00e9nyes. A gy\u00e1rt\u00f3 fel\u00e1r ellen\u00e9ben tov\u00e1bbi 12 h\u00f3nappal is meghosszabb\u00edthatja a j\u00f3t\u00e1ll\u00e1st.<\/p>\n","protected":false},"excerpt":{"rendered":"<p>Ahogy telt az id\u0151, \u00e9s sem h\u00edr, sem jel nem \u00e9rkezett r\u00f3la, egyre n\u0151tt a k\u00e9ts\u00e9gbees\u00e9s. A f\u0151orvosn\u0151t utolj\u00e1ra a&#8230; <span class=\"gridview-grid-post-read-more\"><a href=\"https:\/\/online-filmkatarzis.com\/kucko\/hirek\/ebbe-halt-bele-az-eltunt-foorvosno\/\">read more<span class=\"gridview-sr-only\"> Ebbe halt bele az elt\u0171nt f\u0151orvosn\u0151<\/span><\/a><\/span><\/p>\n","protected":false},"author":1,"featured_media":4969,"comment_status":"open","ping_status":"open","sticky":false,"template":"","format":"standard","meta":{"footnotes":""},"categories":[1],"tags":[],"class_list":["post-4968","post","type-post","status-publish","format-standard","has-post-thumbnail","hentry","category-egyeb","wpcat-1-id"],"_links":{"self":[{"href":"https:\/\/online-filmkatarzis.com\/kucko\/hirek\/wp-json\/wp\/v2\/posts\/4968","targetHints":{"allow":["GET"]}}],"collection":[{"href":"https:\/\/online-filmkatarzis.com\/kucko\/hirek\/wp-json\/wp\/v2\/posts"}],"about":[{"href":"https:\/\/online-filmkatarzis.com\/kucko\/hirek\/wp-json\/wp\/v2\/types\/post"}],"author":[{"embeddable":true,"href":"https:\/\/online-filmkatarzis.com\/kucko\/hirek\/wp-json\/wp\/v2\/users\/1"}],"replies":[{"embeddable":true,"href":"https:\/\/online-filmkatarzis.com\/kucko\/hirek\/wp-json\/wp\/v2\/comments?post=4968"}],"version-history":[{"count":1,"href":"https:\/\/online-filmkatarzis.com\/kucko\/hirek\/wp-json\/wp\/v2\/posts\/4968\/revisions"}],"predecessor-version":[{"id":4970,"href":"https:\/\/online-filmkatarzis.com\/kucko\/hirek\/wp-json\/wp\/v2\/posts\/4968\/revisions\/4970"}],"wp:featuredmedia":[{"embeddable":true,"href":"https:\/\/online-filmkatarzis.com\/kucko\/hirek\/wp-json\/wp\/v2\/media\/4969"}],"wp:attachment":[{"href":"https:\/\/online-filmkatarzis.com\/kucko\/hirek\/wp-json\/wp\/v2\/media?parent=4968"}],"wp:term":[{"taxonomy":"category","embeddable":true,"href":"https:\/\/online-filmkatarzis.com\/kucko\/hirek\/wp-json\/wp\/v2\/categories?post=4968"},{"taxonomy":"post_tag","embeddable":true,"href":"https:\/\/online-filmkatarzis.com\/kucko\/hirek\/wp-json\/wp\/v2\/tags?post=4968"}],"curies":[{"name":"wp","href":"https:\/\/api.w.org\/{rel}","templated":true}]}}