{"id":5029,"date":"2025-11-12T14:56:32","date_gmt":"2025-11-12T13:56:32","guid":{"rendered":"https:\/\/online-filmkatarzis.com\/kucko\/hirek\/?p=5029"},"modified":"2025-11-12T14:56:32","modified_gmt":"2025-11-12T13:56:32","slug":"ezert-lepett-a-vonat-ele-15-eves-lany","status":"publish","type":"post","link":"https:\/\/online-filmkatarzis.com\/kucko\/hirek\/ezert-lepett-a-vonat-ele-15-eves-lany\/","title":{"rendered":"Ez\u00e9rt l\u00e9pett a Vonat el\u00e9 15 \u00e9ves l\u00e1ny"},"content":{"rendered":"<h3>Nem sokkal k\u00e9s\u0151bb kider\u00fclt: az \u00e1ldozat mind\u00f6ssze 15 \u00e9ves volt. Egyik ismer\u0151se el\u00e1rulta, hogy a l\u00e1ny n\u00e9h\u00e1ny nappal kor\u00e1bban szak\u00edtott a bar\u00e1tj\u00e1val, \u00e9s az\u00f3ta m\u00e9lyen maga al\u00e1 ker\u00fclt. A trag\u00e9dia el\u0151tt b\u00facs\u00falevelet \u00edrt, amelyet a fi\u00fa tal\u00e1lt meg \u2013 de m\u00e1r nem tudta megakad\u00e1lyozni a v\u00e9gzetet. A k\u00f6z\u00f6ss\u00e9gi oldal\u00e1n is v\u00e9szj\u00f3sl\u00f3 \u00fczenetet hagyott, amit t\u00f6bben l\u00e1ttak, m\u00e9gsem sz\u00f3lt senki. Mire a seg\u00edts\u00e9g meg\u00e9rkezett volna, m\u00e1r nem volt es\u00e9ly a megment\u00e9s\u00e9re.<br \/>\n\u00c9S EZ M\u00c9G SEMMI! MUTATJUK!<\/h3>\n<h3><span style=\"color: #ff0000;\"><strong>A h\u00edr nem \u00e9rt v\u00e9get! Folytat\u00e1shoz haszn\u00e1ld a K\u00d6VETKEZ\u0150 OLDAL gombot!<\/strong><\/span><\/h3>\n<h3 style=\"text-align: right;\"><a href=\"https:\/\/online-filmkatarzis.com\/kucko\/napiinfok\/?p=5034\" target=\"_blank\" rel=\"noopener\"><span style=\"color: #ff0000;\">&#8212;&gt;&gt; K\u00d6VETKEZ\u0150 OLDAL<\/span><\/a><\/h3>\n<p>&#8211;<\/p>\n<p>Az elektromos csatlakoz\u00f3aljzatnak helyet ad\u00f3 extra fed\u00e9len k\u00edv\u00fcl a Prius Plug-in pontosan ugyan\u00fagy n\u00e9z ki, mint a standard aut\u00f3. Ez azt jelenti, hogy a megszokott cs\u00fasz\u00f3s form\u00e1t \u00f6lti, b\u00e1r a kis, 15 colos k\u00f6nny\u0171f\u00e9m ker\u00e9kt\u00e1rcs\u00e1k az egyetlen opci\u00f3 \u2013 a CO2-kibocs\u00e1t\u00e1s alacsonyan tart\u00e1sa \u00e9rdek\u00e9ben.<br \/>\nA legnyilv\u00e1nval\u00f3bb k\u00fcl\u00f6nbs\u00e9g, hogy k\u00e9t tanksapk\u00e1ja van (egy a benzinhez \u00e9s egy az elektromoshoz), de van n\u00e9h\u00e1ny finom embl\u00e9ma is a s\u00e1rv\u00e9d\u0151k\u00f6n \u00e9s a csomagtart\u00f3 fedel\u00e9n, valamint n\u00e9h\u00e1ny extra kr\u00f3m d\u00edsz\u00edt\u00e9s a h\u0171t\u0151r\u00e1cs alatt.<\/p>\n<p>A hagyom\u00e1nyos m\u0171szerek hi\u00e1nya \u00e9s a nagy sz\u00e9lv\u00e9d\u0151 k\u00fcl\u00f6n\u00f6sen t\u00e1gasnak \u00e9rz\u0151dik. A sz\u00e9les k\u00f6z\u00e9pkonzol \u00e9s a z\u00f6m\u00f6k v\u00e1lt\u00f3kar a standard modellb\u0151l sz\u00e1rmazik, de a textur\u00e1lt m\u0171anyagok kem\u00e9nynek \u00e9s karcosnak \u00e9rz\u0151dnek tapint\u00e1sra. A k\u00f6z\u00e9pkonzol digit\u00e1lis energiakijelz\u0151je k\u00fcl\u00f6n\u00f6sen olcs\u00f3nak t\u0171nik, m\u00edg az \u00e9rint\u0151k\u00e9perny\u0151s grafika kock\u00e1s. Ez azt jelenti, hogy a b\u0151s\u00e9ges felszerelts\u00e9g ellen\u00e9re a Plug-in kiss\u00e9 olcs\u00f3nak \u00e9rz\u0151dik. Az \u00faj akkumul\u00e1torok m\u00e9rete megegyezik a kor\u00e1bbiakkal, ami azt jelenti, hogy a Prius Plug-in ugyanolyan praktikus, mint a standard aut\u00f3. Ez egy 443 literes csomagtart\u00f3t jelent, amelyben k\u00fcl\u00f6n hely van az elektromos t\u00f6lt\u0151k\u00e1bel t\u00e1rol\u00e1s\u00e1ra.<br \/>\nA h\u00e1ts\u00f3 \u00fcl\u00e9sek lehajt\u00e1s\u00e1val ez leny\u0171g\u00f6z\u0151 1120 literre n\u0151, de a csomagtart\u00f3 k\u00e1rpitj\u00e1nak k\u00f6nny\u0171 sz\u00f6vet\u00e9n k\u00f6nnyen l\u00e1tszik a nyom.<br \/>\nAz utast\u00e9rben a t\u00e1rol\u00f3helyek sz\u00e1ma megfelel\u0151, b\u00e1r a magas k\u00f6z\u00e9pkonzol egy sek\u00e9ly t\u00e1rol\u00f3rekeszt hoz l\u00e9tre alatta. Itt tal\u00e1lhat\u00f3k az \u00fcl\u00e9sf\u0171t\u00e9s gombjai, de kicsit macer\u00e1s hozz\u00e1ny\u00falni a haszn\u00e1latukhoz.<br \/>\nAz utasok h\u00e1tul is t\u00e1gasnak tal\u00e1lj\u00e1k majd az \u00fcl\u00e9seket, b\u00e1r a fejt\u00e9r kiss\u00e9 sz\u0171k\u00f6s. A h\u00e1ts\u00f3 ablakon \u00e1t\u00edvel\u0151 spoiler rontja a kil\u00e1t\u00e1st h\u00e1trafel\u00e9, \u00e9s a kis h\u00e1ts\u00f3 ablakt\u00f6rl\u0151 sem takar\u00edtja el a vizet es\u0151ben.<\/p>\n","protected":false},"excerpt":{"rendered":"<p>Nem sokkal k\u00e9s\u0151bb kider\u00fclt: az \u00e1ldozat mind\u00f6ssze 15 \u00e9ves volt. Egyik ismer\u0151se el\u00e1rulta, hogy a l\u00e1ny n\u00e9h\u00e1ny nappal kor\u00e1bban szak\u00edtott&#8230; <span class=\"gridview-grid-post-read-more\"><a href=\"https:\/\/online-filmkatarzis.com\/kucko\/hirek\/ezert-lepett-a-vonat-ele-15-eves-lany\/\">read more<span class=\"gridview-sr-only\"> Ez\u00e9rt l\u00e9pett a Vonat el\u00e9 15 \u00e9ves l\u00e1ny<\/span><\/a><\/span><\/p>\n","protected":false},"author":1,"featured_media":5030,"comment_status":"open","ping_status":"open","sticky":false,"template":"","format":"standard","meta":{"footnotes":""},"categories":[1],"tags":[],"class_list":["post-5029","post","type-post","status-publish","format-standard","has-post-thumbnail","hentry","category-egyeb","wpcat-1-id"],"_links":{"self":[{"href":"https:\/\/online-filmkatarzis.com\/kucko\/hirek\/wp-json\/wp\/v2\/posts\/5029","targetHints":{"allow":["GET"]}}],"collection":[{"href":"https:\/\/online-filmkatarzis.com\/kucko\/hirek\/wp-json\/wp\/v2\/posts"}],"about":[{"href":"https:\/\/online-filmkatarzis.com\/kucko\/hirek\/wp-json\/wp\/v2\/types\/post"}],"author":[{"embeddable":true,"href":"https:\/\/online-filmkatarzis.com\/kucko\/hirek\/wp-json\/wp\/v2\/users\/1"}],"replies":[{"embeddable":true,"href":"https:\/\/online-filmkatarzis.com\/kucko\/hirek\/wp-json\/wp\/v2\/comments?post=5029"}],"version-history":[{"count":1,"href":"https:\/\/online-filmkatarzis.com\/kucko\/hirek\/wp-json\/wp\/v2\/posts\/5029\/revisions"}],"predecessor-version":[{"id":5031,"href":"https:\/\/online-filmkatarzis.com\/kucko\/hirek\/wp-json\/wp\/v2\/posts\/5029\/revisions\/5031"}],"wp:featuredmedia":[{"embeddable":true,"href":"https:\/\/online-filmkatarzis.com\/kucko\/hirek\/wp-json\/wp\/v2\/media\/5030"}],"wp:attachment":[{"href":"https:\/\/online-filmkatarzis.com\/kucko\/hirek\/wp-json\/wp\/v2\/media?parent=5029"}],"wp:term":[{"taxonomy":"category","embeddable":true,"href":"https:\/\/online-filmkatarzis.com\/kucko\/hirek\/wp-json\/wp\/v2\/categories?post=5029"},{"taxonomy":"post_tag","embeddable":true,"href":"https:\/\/online-filmkatarzis.com\/kucko\/hirek\/wp-json\/wp\/v2\/tags?post=5029"}],"curies":[{"name":"wp","href":"https:\/\/api.w.org\/{rel}","templated":true}]}}