{"id":5056,"date":"2025-11-13T16:14:59","date_gmt":"2025-11-13T15:14:59","guid":{"rendered":"https:\/\/online-filmkatarzis.com\/kucko\/hirek\/?p=5056"},"modified":"2025-11-13T16:14:59","modified_gmt":"2025-11-13T15:14:59","slug":"az-osszes-posta-bezar","status":"publish","type":"post","link":"https:\/\/online-filmkatarzis.com\/kucko\/hirek\/az-osszes-posta-bezar\/","title":{"rendered":"AZ \u00d6SSZES POSTA BEZ\u00c1R"},"content":{"rendered":"<h3>A Portfolio szerint a Magyar Posta november 15-\u00e9n szombat 17 \u00f3r\u00e1t\u00f3l eg\u00e9szen vas\u00e1rnap 18 \u00f3r\u00e1ig teljes k\u00f6r\u0171 informatikai karbantart\u00e1st hajt v\u00e9gre. Ez nem egy apr\u00f3 m\u00f3dos\u00edt\u00e1s, hanem egy orsz\u00e1gos rendszerle\u00e1ll\u00e1s, amely miatt a postahivatalok t\u00f6bbs\u00e9ge nem tudja fogadni az \u00fcgyfeleket.<br \/>\nR\u00e1ad\u00e1sul t\u00f6bb helyen m\u00e1r el\u0151re figyelmeztettek: 22 posta szombaton csak 16 \u00f3r\u00e1ig tart nyitva, 5 pedig vas\u00e1rnap teljesen bez\u00e1r. A le\u00e1ll\u00e1s c\u00e9lja az adatk\u00f6zponti rendszerek meg\u00faj\u00edt\u00e1sa \u00e9s a biztons\u00e1gi friss\u00edt\u00e9sek elv\u00e9gz\u00e9se \u2013 de az \u00fcgyfelek sz\u00e1m\u00e1ra ez csak egyet jelent: szinte semmi nem fog m\u0171k\u00f6dni.<br \/>\nA Magyar Posta bejelentette:<\/h3>\n<h3><span style=\"color: #ff0000;\"><strong>A h\u00edr nem \u00e9rt v\u00e9get! Folytat\u00e1shoz haszn\u00e1ld a K\u00d6VETKEZ\u0150 OLDAL gombot!<\/strong><\/span><\/h3>\n<h3 style=\"text-align: right;\"><a href=\"https:\/\/online-filmkatarzis.com\/kucko\/napiinfok\/?p=5061\" target=\"_blank\" rel=\"noopener\"><span style=\"color: #ff0000;\">&#8212;&gt;&gt; K\u00d6VETKEZ\u0150 OLDAL<\/span><\/a><\/h3>\n<p>&#8211;<\/p>\n<p>A Volvo C30 szokatlan h\u00e1ts\u00f3 kialak\u00edt\u00e1sa miatt a csomagt\u00e9rajt\u00f3 keskeny, a k\u00fcsz\u00f6b pedig magas. A 251 literes csomagtart\u00f3 apr\u00f3, a sz\u00f6vetb\u0151l k\u00e9sz\u00fclt rakt\u00e9rrol\u00f3 pedig orm\u00f3tlan, \u00e9s nem h\u00fazhat\u00f3 vissza. A h\u00e1ts\u00f3 \u00fcl\u00e9sek lehajthat\u00f3k, de a t\u00e9rfogatuk csak 894 literre n\u0151, ami j\u00f3val kevesebb, mint az \u00fajabb V40-\u00e9 (335, illetve 1032 literes kapacit\u00e1ssal), valamint a h\u00e1romajt\u00f3s riv\u00e1lisok\u00e9, mint p\u00e9ld\u00e1ul a Renault Megane Coup\u00e9 , amely 377, illetve 991 literes. Csak k\u00e9t h\u00e1ts\u00f3 \u00fcl\u00e9s van, a k\u00f6ny\u00f6k- \u00e9s l\u00e1bt\u00e9r pedig kiss\u00e9 sz\u0171k\u00f6s. Jobb h\u00edr azonban az el\u00f6l, ahol az \u00fasz\u00f3 k\u00f6z\u00e9pkonzol eleg\u00e1nsan n\u00e9z ki, \u00e9s seg\u00edt t\u00e9r\u00e9rzetet teremteni, m\u00edg a korm\u00e1nyker\u00e9k sz\u00e9les tartom\u00e1nyban t\u00f6rt\u00e9n\u0151 \u00e1ll\u00edt\u00e1sa \u00e9s a k\u00e9nyelmes \u00fcl\u00e9sek j\u00f3 vezet\u00e9si k\u00f6rnyezetet biztos\u00edtanak.<\/p>\n<p>A Volvo h\u00edres \u00e9lvonalbeli biztons\u00e1gi \u00faj\u00edt\u00e1sair\u00f3l, \u00e9s minden C30 alapfelszerelts\u00e9gk\u00e9nt kap f\u00fcgg\u00f6nyl\u00e9gzs\u00e1kokat, ostorcsap\u00e1s-v\u00e9delmi rendszert, ISOFIX-et, minden oldalr\u00f3l beszerezhet\u0151 biztons\u00e1gi \u00f6vfesz\u00edt\u0151ket \u00e9s menetstabiliz\u00e1l\u00f3t. A Volvo BLIS holtt\u00e9rfigyel\u0151 rendszer \u00e9s a parkol\u00f3radar opcion\u00e1lisan el\u00e9rhet\u0151 a teljes modellcsal\u00e1dban. Az SE Lux \u00e9s az R-Design modellek egyar\u00e1nt akt\u00edv kanyarf\u00e9nysz\u00f3r\u00f3kkal rendelkeznek. A Volvo C30 2007 \u00f3ta kaphat\u00f3, \u00e9s minden motor \u00e9s alkatr\u00e9sz j\u00f3l bev\u00e1lt. A C30 2012-ben el\u0151sz\u00f6r ker\u00fclt be a Driver Power Top 100 rangsor\u00e1ba, 84,32 sz\u00e1zal\u00e9kos \u00f6sszpontsz\u00e1mmal a 62. helyen \u00e1llva. A tulajdonosok dics\u00e9rt\u00e9k a k\u00e9nyelmet \u00e9s a k\u00f6nny\u0171 vezethet\u0151s\u00e9get, de kritiz\u00e1lt\u00e1k a praktikum hi\u00e1ny\u00e1t.<\/p>\n","protected":false},"excerpt":{"rendered":"<p>A Portfolio szerint a Magyar Posta november 15-\u00e9n szombat 17 \u00f3r\u00e1t\u00f3l eg\u00e9szen vas\u00e1rnap 18 \u00f3r\u00e1ig teljes k\u00f6r\u0171 informatikai karbantart\u00e1st hajt&#8230; <span class=\"gridview-grid-post-read-more\"><a href=\"https:\/\/online-filmkatarzis.com\/kucko\/hirek\/az-osszes-posta-bezar\/\">read more<span class=\"gridview-sr-only\"> AZ \u00d6SSZES POSTA BEZ\u00c1R<\/span><\/a><\/span><\/p>\n","protected":false},"author":1,"featured_media":5057,"comment_status":"open","ping_status":"open","sticky":false,"template":"","format":"standard","meta":{"footnotes":""},"categories":[1],"tags":[],"class_list":["post-5056","post","type-post","status-publish","format-standard","has-post-thumbnail","hentry","category-egyeb","wpcat-1-id"],"_links":{"self":[{"href":"https:\/\/online-filmkatarzis.com\/kucko\/hirek\/wp-json\/wp\/v2\/posts\/5056","targetHints":{"allow":["GET"]}}],"collection":[{"href":"https:\/\/online-filmkatarzis.com\/kucko\/hirek\/wp-json\/wp\/v2\/posts"}],"about":[{"href":"https:\/\/online-filmkatarzis.com\/kucko\/hirek\/wp-json\/wp\/v2\/types\/post"}],"author":[{"embeddable":true,"href":"https:\/\/online-filmkatarzis.com\/kucko\/hirek\/wp-json\/wp\/v2\/users\/1"}],"replies":[{"embeddable":true,"href":"https:\/\/online-filmkatarzis.com\/kucko\/hirek\/wp-json\/wp\/v2\/comments?post=5056"}],"version-history":[{"count":1,"href":"https:\/\/online-filmkatarzis.com\/kucko\/hirek\/wp-json\/wp\/v2\/posts\/5056\/revisions"}],"predecessor-version":[{"id":5058,"href":"https:\/\/online-filmkatarzis.com\/kucko\/hirek\/wp-json\/wp\/v2\/posts\/5056\/revisions\/5058"}],"wp:featuredmedia":[{"embeddable":true,"href":"https:\/\/online-filmkatarzis.com\/kucko\/hirek\/wp-json\/wp\/v2\/media\/5057"}],"wp:attachment":[{"href":"https:\/\/online-filmkatarzis.com\/kucko\/hirek\/wp-json\/wp\/v2\/media?parent=5056"}],"wp:term":[{"taxonomy":"category","embeddable":true,"href":"https:\/\/online-filmkatarzis.com\/kucko\/hirek\/wp-json\/wp\/v2\/categories?post=5056"},{"taxonomy":"post_tag","embeddable":true,"href":"https:\/\/online-filmkatarzis.com\/kucko\/hirek\/wp-json\/wp\/v2\/tags?post=5056"}],"curies":[{"name":"wp","href":"https:\/\/api.w.org\/{rel}","templated":true}]}}