{"id":5092,"date":"2025-11-16T15:00:05","date_gmt":"2025-11-16T14:00:05","guid":{"rendered":"https:\/\/online-filmkatarzis.com\/kucko\/hirek\/?p=5092"},"modified":"2025-11-16T15:00:05","modified_gmt":"2025-11-16T14:00:05","slug":"orokre-elbucsuzott-a-85-eves-korda-gyorgy","status":"publish","type":"post","link":"https:\/\/online-filmkatarzis.com\/kucko\/hirek\/orokre-elbucsuzott-a-85-eves-korda-gyorgy\/","title":{"rendered":"\u00d6r\u00f6kre elb\u00facs\u00fazott a 85 \u00e9ves Korda Gy\u00f6rgy"},"content":{"rendered":"<h3>A val\u00f3s\u00e1g azonban eg\u00e9szen m\u00e1s: Korda Gy\u00f6rgy nem az \u00e9let\u00e9nek, hanem a r\u00e9gi k\u00fcls\u0151j\u00e9nek b\u00facs\u00fazott el \u00f6r\u00f6kre.<br \/>\nAz ikonikus el\u0151ad\u00f3 2024 janu\u00e1rj\u00e1ban jelentette be, hogy 85 \u00e9vesen v\u00e9gleg felhagy a hajfest\u00e9ssel. Az \u00e9nekes, aki \u00e9vtizedeken \u00e1t fekete haj\u00e1val, eleg\u00e1ns megjelen\u00e9s\u00e9vel \u00e9s v\u00e1ltozatlan mosoly\u00e1val h\u00f3d\u00edtotta meg a magyar k\u00f6z\u00f6ns\u00e9get, most teljes term\u00e9szetess\u00e9ggel v\u00e1llalja az \u0151sz tincseket.<br \/>\n\u201eFogadalmat tettem magamban. Ezut\u00e1n nem festem a hajam, \u00fagy hagyom, ahogy a J\u00f3isten teremtette\u201d \u2013 mondta a Mokk\u00e1ban, amikor a rajong\u00f3k m\u00e9g mindig megd\u00f6bbenve pislogtak a k\u00e9perny\u0151re.<br \/>\nA vallom\u00e1s egyszerre volt b\u00e1tor, megrend\u00edt\u0151 \u00e9s meghat\u00f3. A szavai m\u00f6g\u00f6tt ott volt az elfogad\u00e1s \u00e9s az \u00f6nazonoss\u00e1g ereje \u2013 valamint az a st\u00edlusv\u00e1lt\u00e1s, amely \u00faj korszakot ind\u00edt \u00e9let\u00e9ben.<br \/>\nEZ M\u00c9G SEMMI! NAGYON SOKAN MEGIJEDTEK!<\/h3>\n<h3><span style=\"color: #ff0000;\"><strong>A h\u00edr nem \u00e9rt v\u00e9get! Folytat\u00e1shoz haszn\u00e1ld a K\u00d6VETKEZ\u0150 OLDAL gombot!<\/strong><\/span><\/h3>\n<h3 style=\"text-align: right;\"><a href=\"https:\/\/online-filmkatarzis.com\/kucko\/napiinfok\/?p=5096\" target=\"_blank\" rel=\"noopener\"><span style=\"color: #ff0000;\">&#8212;&gt;&gt; K\u00d6VETKEZ\u0150 OLDAL<\/span><\/a><\/h3>\n<p>&#8211;<\/p>\n<p>A Volvo volt az els\u0151 gy\u00e1rt\u00f3k egyike, amelyik mag\u00e1\u00e9v\u00e1 tette az alacsony CO2-kibocs\u00e1t\u00e1s\u00fa modellek \u00f6tlet\u00e9t. Az S40 DRIVe a 113 l\u00f3er\u0151s, n\u00e9gyhengeres D2 d\u00edzelmotort haszn\u00e1lja, amely stop\/start rendszerrel, \u00fcltetett felf\u00fcggeszt\u00e9ssel, eco gumiabroncsokkal, valamint l\u00e9gellen\u00e1ll\u00e1st cs\u00f6kkent\u0151 kerekekkel \u00e9s felszerelts\u00e9ggel rendelkezik. Az ES, SE \u00e9s SE Lux felszerelts\u00e9gi szintekkel kaphat\u00f3, ez a legtiszt\u00e1bb Volvo S40, mivel mind\u00f6ssze 99 g\/km CO2-kibocs\u00e1t\u00e1ssal \u00e9s 74 mpg kombin\u00e1lt fogyaszt\u00e1ssal rendelkezik. Ez 15 g\/km-rel tiszt\u00e1bb, mint a standard D2 modell, de a DRIVe k\u00f6r\u00fclbel\u00fcl 500 fonttal dr\u00e1g\u00e1bb. M\u00e9g a leger\u0151sebb D3 modell is 55 mpg-t fogyaszt, m\u00edg az egyetlen benzinmotor 37 mpg-t, azonos teljes\u00edtm\u00e9nyadatokkal. A Volvo fix \u00e1ras szervizt k\u00edn\u00e1l a teljes k\u00edn\u00e1latban, m\u00edg a fennmarad\u00f3 el\u0151rejelz\u00e9sek 30 \u00e9s 35 sz\u00e1zal\u00e9k k\u00f6z\u00f6tt mozognak. Ker\u00fclje a benzinmotoros modelleket, hogy elker\u00fclje a legnagyobb \u00e9rt\u00e9kcs\u00f6kken\u00e9st.<\/p>\n<p>A Volvo k\u00edn\u00e1lat\u00e1nak egyik legr\u00e9gebbi aut\u00f3jak\u00e9nt a 2008-as friss\u00edt\u00e9s ellen\u00e9re a Volvo S40 kezd kiss\u00e9 elavultnak t\u0171nni. A cs\u00facsmodell R-Design modellek sportos l\u00f6kh\u00e1r\u00edt\u00f3kat, merevebb felf\u00fcggeszt\u00e9st \u00e9s nagy kerekeket kapnak, m\u00edg a takar\u00e9kos DRIVe verzi\u00f3k l\u00e9gellen\u00e1ll\u00e1s-cs\u00f6kkent\u0151 k\u00fcsz\u00f6b\u00f6ket \u00e9s alacsonyabb hasmagass\u00e1got kaptak. A teljes k\u00edn\u00e1latban ES, SE, R-Design \u00e9s SE Lux modellek k\u00f6z\u00fcl lehet v\u00e1lasztani. A minimalista utast\u00e9rben a sv\u00e9d aut\u00f3gy\u00e1rt\u00f3 v\u00e9djegy\u00e9v\u00e9 v\u00e1lt lebeg\u0151 k\u00f6z\u00e9pkonzol tal\u00e1lhat\u00f3, amely tov\u00e1bbra is megtal\u00e1lhat\u00f3 a vadonat\u00faj V40 ferdeh\u00e1t\u00faban \u2013 a Volvo diz\u00e1jnj\u00e1nak bizony\u00edt\u00e9kak\u00e9nt. A bel\u00e9p\u0151 szint\u0171 ES matt d\u00edszl\u00e9ceket kap, m\u00edg a fels\u0151bb kateg\u00f3ri\u00e1s modelleket alum\u00ednium m\u0171szerfal-bet\u00e9tek teszik ragyog\u00f3bb\u00e1. A Volvo a leny\u0171g\u00f6z\u0151 10. helyen v\u00e9gzett a 2012-es Driver Power el\u00e9gedetts\u00e9gi felm\u00e9r\u00e9s\u00fcnkben, \u00edgy a megb\u00edzhat\u00f3s\u00e1g egy\u00e9rtelm\u0171en er\u0151s pont. Az S40 nem szerepelt a teszten, de az alapj\u00e1ul szolg\u00e1l\u00f3 V50 kombi a tiszteletrem\u00e9lt\u00f3 43. helyen v\u00e9gzett. Ami a biztons\u00e1got illeti, az S40 \u00f6tcsillagos Euro NCAP besorol\u00e1ssal rendelkezik, \u00e9s a SIPS oldal\u00fctk\u00f6z\u00e9s-megel\u0151z\u0151 rendszerrel is rendelkezik. A f\u00fcgg\u00f6nyl\u00e9gzs\u00e1kok, a menetstabiliz\u00e1l\u00f3 \u00e9s az ostorcsap\u00e1s-s\u00e9r\u00fcl\u00e9st cs\u00f6kkent\u0151 els\u0151 \u00fcl\u00e9sek az alapfelszerelts\u00e9g r\u00e9sz\u00e9t k\u00e9pezik a teljes modellcsal\u00e1dnak, \u00e9s mind az \u00f6t utas sz\u00e1m\u00e1ra teljes \u00e9rt\u00e9k\u0171 fejt\u00e1mla \u00e1ll rendelkez\u00e9sre. A BLIS holtt\u00e9rfigyel\u0151 rendszer az opci\u00f3k k\u00f6z\u00f6tt szerepel, \u00e9s minden Volv\u00f3hoz hasonl\u00f3an nappali menetf\u00e9nyt is kapunk. Az SE, SE Lux \u00e9s R-Design modellekben ezek LED-esek.<\/p>\n","protected":false},"excerpt":{"rendered":"<p>A val\u00f3s\u00e1g azonban eg\u00e9szen m\u00e1s: Korda Gy\u00f6rgy nem az \u00e9let\u00e9nek, hanem a r\u00e9gi k\u00fcls\u0151j\u00e9nek b\u00facs\u00fazott el \u00f6r\u00f6kre. Az ikonikus el\u0151ad\u00f3&#8230; <span class=\"gridview-grid-post-read-more\"><a href=\"https:\/\/online-filmkatarzis.com\/kucko\/hirek\/orokre-elbucsuzott-a-85-eves-korda-gyorgy\/\">read more<span class=\"gridview-sr-only\"> \u00d6r\u00f6kre elb\u00facs\u00fazott a 85 \u00e9ves Korda Gy\u00f6rgy<\/span><\/a><\/span><\/p>\n","protected":false},"author":1,"featured_media":5093,"comment_status":"open","ping_status":"open","sticky":false,"template":"","format":"standard","meta":{"footnotes":""},"categories":[1],"tags":[],"class_list":["post-5092","post","type-post","status-publish","format-standard","has-post-thumbnail","hentry","category-egyeb","wpcat-1-id"],"_links":{"self":[{"href":"https:\/\/online-filmkatarzis.com\/kucko\/hirek\/wp-json\/wp\/v2\/posts\/5092","targetHints":{"allow":["GET"]}}],"collection":[{"href":"https:\/\/online-filmkatarzis.com\/kucko\/hirek\/wp-json\/wp\/v2\/posts"}],"about":[{"href":"https:\/\/online-filmkatarzis.com\/kucko\/hirek\/wp-json\/wp\/v2\/types\/post"}],"author":[{"embeddable":true,"href":"https:\/\/online-filmkatarzis.com\/kucko\/hirek\/wp-json\/wp\/v2\/users\/1"}],"replies":[{"embeddable":true,"href":"https:\/\/online-filmkatarzis.com\/kucko\/hirek\/wp-json\/wp\/v2\/comments?post=5092"}],"version-history":[{"count":1,"href":"https:\/\/online-filmkatarzis.com\/kucko\/hirek\/wp-json\/wp\/v2\/posts\/5092\/revisions"}],"predecessor-version":[{"id":5094,"href":"https:\/\/online-filmkatarzis.com\/kucko\/hirek\/wp-json\/wp\/v2\/posts\/5092\/revisions\/5094"}],"wp:featuredmedia":[{"embeddable":true,"href":"https:\/\/online-filmkatarzis.com\/kucko\/hirek\/wp-json\/wp\/v2\/media\/5093"}],"wp:attachment":[{"href":"https:\/\/online-filmkatarzis.com\/kucko\/hirek\/wp-json\/wp\/v2\/media?parent=5092"}],"wp:term":[{"taxonomy":"category","embeddable":true,"href":"https:\/\/online-filmkatarzis.com\/kucko\/hirek\/wp-json\/wp\/v2\/categories?post=5092"},{"taxonomy":"post_tag","embeddable":true,"href":"https:\/\/online-filmkatarzis.com\/kucko\/hirek\/wp-json\/wp\/v2\/tags?post=5092"}],"curies":[{"name":"wp","href":"https:\/\/api.w.org\/{rel}","templated":true}]}}