{"id":5134,"date":"2025-11-18T18:23:45","date_gmt":"2025-11-18T17:23:45","guid":{"rendered":"https:\/\/online-filmkatarzis.com\/kucko\/hirek\/?p=5134"},"modified":"2025-11-18T18:23:45","modified_gmt":"2025-11-18T17:23:45","slug":"dobbenetes-dolgot-tett-attila-milo-vikivel","status":"publish","type":"post","link":"https:\/\/online-filmkatarzis.com\/kucko\/hirek\/dobbenetes-dolgot-tett-attila-milo-vikivel\/","title":{"rendered":"D\u00f6bbenetes dolgot tett Attila Mil\u00f3 Vikivel!"},"content":{"rendered":"<h3>A v\u00e9gs\u0151 t\u00f6r\u00e9st szinte mindenki ugyanahhoz a pillanathoz k\u00f6ti: az lntlmlt\u00e1s het\u00e9hez, ahol Attila m\u00e9g hitt abban, hogy k\u00f6zelebb ker\u00fclhetnek egym\u00e1shoz. A f\u00e9rfi \u0151szint\u00e9n v\u00e1rta a k\u00f6z\u00f6s feladatokat, a lehet\u0151s\u00e9get, hogy tal\u00e1n megt\u00f6rik a j\u00e9g, de Viki minden mozdulat\u00e1n l\u00e1tszott a fesz\u00fclts\u00e9g, a menek\u00fcl\u0151 \u00f6szt\u00f6n.<br \/>\nA n\u00e9z\u0151k pedig sokkot kaptak, amikor Viki ny\u00edltan kimutatta undor\u00e1t az \u00e9rint\u00e9st\u0151l, s\u0151t\u2026 h\u00e1nyingere lett att\u00f3l, hogy k\u00f6zeledni kellene.<br \/>\nViki azt\u00e1n a legut\u00f3bbi ad\u00e1sban olyan monol\u00f3ggal \u00e1llt el\u0151, amit\u0151l t\u00e9nyleg felrobbant az internet: a \u201epokol pokla\u201d, a \u201etrauma\u201d, az \u201e\u00f3ri\u00e1si f\u00e1jdalom\u201d \u2013 mind Attila szem\u00e9hez k\u00f6tve. A kommentel\u0151k pedig nem is k\u00edm\u00e9lt\u00e9k:<br \/>\n\u2013 \u201eSz\u00f3ljon valaki ennek a kriptasz\u00f6kev\u00e9nynek, hogy hagyja abba a sz\u00edn\u00e9szked\u00e9st!\u201d<br \/>\n\u2013 \u201eAttila, menek\u00fclj! Ez a n\u0151 soha nem fog szeretni!\u201d<br \/>\n\u2013 \u201eEz m\u00e1r nem is val\u00f3s\u00e1gshow, hanem pszichol\u00f3giai hadvisel\u00e9s.\u201d<br \/>\nA fesz\u00fclts\u00e9g egyre n\u0151tt, \u00e9s most m\u00e1r egyetlen k\u00e9rd\u00e9s maradt: mit l\u00e9p Attila az utols\u00f3 ad\u00e1sban?<\/h3>\n<h3><span style=\"color: #ff0000;\"><strong>A h\u00edr nem \u00e9rt v\u00e9get! Folytat\u00e1shoz haszn\u00e1ld a K\u00d6VETKEZ\u0150 OLDAL gombot!<\/strong><\/span><\/h3>\n<h3 style=\"text-align: right;\"><a href=\"https:\/\/online-filmkatarzis.com\/kucko\/napiinfok\/?p=5138\" target=\"_blank\" rel=\"noopener\"><span style=\"color: #ff0000;\">&#8212;&gt;&gt; K\u00d6VETKEZ\u0150 OLDAL<\/span><\/a><\/h3>\n<p>&#8211;<\/p>\n<p>Bel\u00fcl az EV5 szorosan k\u00f6veti testv\u00e9rei st\u00edlus\u00e1t. Ez nem is baj: megkapjuk a vezet\u0151oldali kijelz\u0151 \u00e9s az infotainment k\u00e9perny\u0151k nagyszer\u0171 kombin\u00e1ci\u00f3j\u00e1t, valamint a fizikai \u00e9s haptikus gombok kever\u00e9k\u00e9t a k\u00fcl\u00f6nf\u00e9le kulcsfontoss\u00e1g\u00fa funkci\u00f3khoz, p\u00e9ld\u00e1ul a kl\u00edmaberendez\u00e9shez \u00e9s a multim\u00e9di\u00e1hoz.<br \/>\nA k\u00e9perny\u0151-elrendez\u00e9s k\u00e9t 12,3 h\u00fcvelykes k\u00e9perny\u0151b\u0151l \u00e1ll \u2013 egy vezet\u0151oldali inform\u00e1ci\u00f3s kijelz\u0151b\u0151l \u00e9s egy \u00e9rint\u0151k\u00e9perny\u0151s infotainment rendszerb\u0151l \u2013, amelyeket egy 5,3 h\u00fcvelykes egys\u00e9g oszt kett\u00e9, amely a f\u0171t\u00e9s \u00e9s a szell\u0151z\u00e9s kezel\u0151szerveit tartalmazza. Az anyagok puha tapint\u00e1s\u00faak an\u00e9lk\u00fcl, hogy eleg\u00e1nsak lenn\u00e9nek, \u00e9s rengeteg t\u00e1rol\u00f3rekesz \u00e1ll rendelkez\u00e9sre a csal\u00e1di \u00e9lethez. Sok anyag \u00fajrahasznos\u00edtott vagy k\u00f6rnyezetbar\u00e1t elemeket tartalmaz, s\u0151t, a m\u0171szerfalon egy QR-k\u00f3d is tal\u00e1lhat\u00f3, amely egy weboldalra mutat, ahol mindent megtudhatsz r\u00f3luk.<br \/>\nA vezet\u0151\u00fcl\u00e9s m\u00e9g egy SUV-hoz k\u00e9pest is \u00fcl\u0151 \u00e9s egyenes, de j\u00f3 kil\u00e1t\u00e1st ny\u00fajt az \u00fatra. Sajnos a Kia a k\u00ednai elektromos 5-\u00f6s\u00f6k \u00fcl\u00e9spadj\u00e1t hagyom\u00e1nyosabb els\u0151 \u00fcl\u00e9sekre cser\u00e9lte, de \u00edgy helyet teremtett egy vaskos k\u00f6z\u00e9pkonzolnak, vezet\u00e9k n\u00e9lk\u00fcli telefont\u00f6lt\u0151vel, poh\u00e1rtart\u00f3kkal \u00e9s egy\u00e9b extr\u00e1kkal.<\/p>\n<p>H\u00e1tul is el\u00e9g t\u00e1gas a hely, a h\u00e1ts\u00f3 utasok pedig k\u00fcl\u00f6n kl\u00edmaberendez\u00e9ssel is rendelkeznek.<br \/>\nA h\u00e1ts\u00f3 \u00fcl\u00e9sek teljesen s\u00edkba d\u00f6nthet\u0151k, \u00edgy a csomagtart\u00f3 kapacit\u00e1sa 550-r\u0151l 1650 literre b\u0151v\u00edthet\u0151. A Sportage csomagtart\u00f3ja nagyobb, de az EV5 csomagtere is 44 literes. Az EV5 vezet\u00e9se rendk\u00edv\u00fcl kellemes. A hajt\u00e1sl\u00e1nca reszponz\u00edv, \u00e9s gyorsan gyorsul, amit az azonnal rendelkez\u00e9sre \u00e1ll\u00f3 elektromos nyomat\u00e9k is seg\u00edt, \u00e9s j\u00f3l kezeli a 2092 kg-os saj\u00e1t t\u00f6meg\u00e9t. A hivatalos 0-r\u00f3l 100 km\/\u00f3r\u00e1ra gyorsul\u00e1si id\u0151 8,4 m\u00e1sodperc, az EV5 pedig 175 km\/\u00f3r\u00e1s v\u00e9gsebess\u00e9ggel \u00e9ri el a v\u00e9gsebess\u00e9g\u00e9t.<br \/>\nA Kia villanymotorjai sim\u00e1n \u00e9s k\u00f6nnyed\u00e9n adj\u00e1k le teljes\u00edtm\u00e9ny\u00fcket, \u00e9s b\u00e1r hi\u00e1nyzik bel\u0151l\u00fck egyes k\u00e9tmotoros modellek ereje, az EV5 be\u00e1ll\u00edt\u00e1sai mindent k\u00edn\u00e1lnak, amire a val\u00f3 vil\u00e1gban sz\u00fcks\u00e9ged lehet. Aut\u00f3p\u00e1ly\u00e1n is j\u00f3l megy, a motor pedig halk \u00e9s csendes, \u00edgy pihentet\u0151 id\u0151t\u00f6lt\u00e9st biztos\u00edt.<br \/>\nA Kia i-Pedal rendszer\u00e9nek leg\u00fajabb verzi\u00f3ja n\u00e9gy regenerat\u00edv f\u00e9kez\u00e9si szintet \u00e9s egy v\u00e1laszthat\u00f3 egyped\u00e1los \u00fczemm\u00f3dot k\u00edn\u00e1l. Mindig is tetszett a regener\u00e1l\u00f3 ped\u00e1lok \u00e1ltal ny\u00fajtott extra kontroll, ami n\u00f6veli a hat\u00e9konys\u00e1got \u00e9s extra lend\u00fcletet ad a vezet\u00e9si \u00e9lm\u00e9nynek.<\/p>\n","protected":false},"excerpt":{"rendered":"<p>A v\u00e9gs\u0151 t\u00f6r\u00e9st szinte mindenki ugyanahhoz a pillanathoz k\u00f6ti: az lntlmlt\u00e1s het\u00e9hez, ahol Attila m\u00e9g hitt abban, hogy k\u00f6zelebb ker\u00fclhetnek&#8230; <span class=\"gridview-grid-post-read-more\"><a href=\"https:\/\/online-filmkatarzis.com\/kucko\/hirek\/dobbenetes-dolgot-tett-attila-milo-vikivel\/\">read more<span class=\"gridview-sr-only\"> D\u00f6bbenetes dolgot tett Attila Mil\u00f3 Vikivel!<\/span><\/a><\/span><\/p>\n","protected":false},"author":1,"featured_media":5135,"comment_status":"open","ping_status":"open","sticky":false,"template":"","format":"standard","meta":{"footnotes":""},"categories":[1],"tags":[],"class_list":["post-5134","post","type-post","status-publish","format-standard","has-post-thumbnail","hentry","category-egyeb","wpcat-1-id"],"_links":{"self":[{"href":"https:\/\/online-filmkatarzis.com\/kucko\/hirek\/wp-json\/wp\/v2\/posts\/5134","targetHints":{"allow":["GET"]}}],"collection":[{"href":"https:\/\/online-filmkatarzis.com\/kucko\/hirek\/wp-json\/wp\/v2\/posts"}],"about":[{"href":"https:\/\/online-filmkatarzis.com\/kucko\/hirek\/wp-json\/wp\/v2\/types\/post"}],"author":[{"embeddable":true,"href":"https:\/\/online-filmkatarzis.com\/kucko\/hirek\/wp-json\/wp\/v2\/users\/1"}],"replies":[{"embeddable":true,"href":"https:\/\/online-filmkatarzis.com\/kucko\/hirek\/wp-json\/wp\/v2\/comments?post=5134"}],"version-history":[{"count":1,"href":"https:\/\/online-filmkatarzis.com\/kucko\/hirek\/wp-json\/wp\/v2\/posts\/5134\/revisions"}],"predecessor-version":[{"id":5136,"href":"https:\/\/online-filmkatarzis.com\/kucko\/hirek\/wp-json\/wp\/v2\/posts\/5134\/revisions\/5136"}],"wp:featuredmedia":[{"embeddable":true,"href":"https:\/\/online-filmkatarzis.com\/kucko\/hirek\/wp-json\/wp\/v2\/media\/5135"}],"wp:attachment":[{"href":"https:\/\/online-filmkatarzis.com\/kucko\/hirek\/wp-json\/wp\/v2\/media?parent=5134"}],"wp:term":[{"taxonomy":"category","embeddable":true,"href":"https:\/\/online-filmkatarzis.com\/kucko\/hirek\/wp-json\/wp\/v2\/categories?post=5134"},{"taxonomy":"post_tag","embeddable":true,"href":"https:\/\/online-filmkatarzis.com\/kucko\/hirek\/wp-json\/wp\/v2\/tags?post=5134"}],"curies":[{"name":"wp","href":"https:\/\/api.w.org\/{rel}","templated":true}]}}