{"id":5147,"date":"2025-11-19T15:33:56","date_gmt":"2025-11-19T14:33:56","guid":{"rendered":"https:\/\/online-filmkatarzis.com\/kucko\/hirek\/?p=5147"},"modified":"2025-11-19T15:33:56","modified_gmt":"2025-11-19T14:33:56","slug":"herceg-erika-kirugta-adam-attilat","status":"publish","type":"post","link":"https:\/\/online-filmkatarzis.com\/kucko\/hirek\/herceg-erika-kirugta-adam-attilat\/","title":{"rendered":"Herceg Erika kir\u00fagta \u00c1d\u00e1m Attil\u00e1t!"},"content":{"rendered":"<h3>A legend\u00e1s kirohan\u00e1s\u00e1nak mondata m\u00e1r kor\u00e1bban bele\u00e9gett az internetbe:<br \/>\n\u201eHajnali f\u00e9l h\u00e1romkor posztolsz? \u00c9n feln\u0151tt vagyok\u2026 \u00e9n asszony vagyok!\u201d<br \/>\nA TTok \u00e9s az IGg ezt azonnal felkapta, most viszont j\u00f6tt az \u00fajabb jelenet \u2013 \u00e9s ez lett a v\u00e9gs\u0151 csap\u00e1s. A p\u00e1ros ugyanis az utc\u00e1n t\u00f6rt egym\u00e1sra. A j\u00e1r\u00f3kel\u0151k sokkot kaptak, amikor Erika \u00e9les hangon nekiesett Attil\u00e1nak: Erika nyilv\u00e1nosan k\u00fcldte el a fi\u00fat.<br \/>\n\u00c9s b\u00e1r a rajong\u00f3k tudt\u00e1k: ez csak \u00fajraj\u00e1tszott trend, a helysz\u00ednen \u00e1ll\u00f3k arc\u00e1r\u00f3l lefagyott a mosoly. A fesz\u00fclts\u00e9g tapinthat\u00f3 volt.<br \/>\nT\u00c9NYLEG ELK\u00dcLDTE! MOST MINDEN KIDER\u00dcL!<\/h3>\n<h3><span style=\"color: #ff0000;\"><strong>A h\u00edr nem \u00e9rt v\u00e9get! Folytat\u00e1shoz haszn\u00e1ld a K\u00d6VETKEZ\u0150 OLDAL gombot!<\/strong><\/span><\/h3>\n<h3 style=\"text-align: right;\"><a href=\"https:\/\/online-filmkatarzis.com\/kucko\/napiinfok\/?p=5151\" target=\"_blank\" rel=\"noopener\"><span style=\"color: #ff0000;\">&#8212;&gt;&gt; K\u00d6VETKEZ\u0150 OLDAL<\/span><\/a><\/h3>\n<p>&#8211;<\/p>\n<p>Ez a platform kisebb \u00e9s k\u00f6nnyebb is , mint amelyik a leg\u00fajabb Renault Clio alapj\u00e1t k\u00e9pezi , \u00edgy m\u00e9g az elektromos motorh\u00e1ztet\u0151-nyit\u00e1s s\u00faly\u00e1val egy\u00fctt is (amit a vad es\u0151 megakad\u00e1lyoz a h\u00e1trad\u00f6nt\u00e9sben, pedig csak 12 m\u00e1sodpercig tart), eg\u00e9szen eg\u00e9szs\u00e9ges 1173 kg-os \u00f6nt\u00f6meget kapunk. Nem a legk\u00e9nyelmesebb a vezet\u00e9si \u00e9lm\u00e9nye, de nem is v\u00e1rn\u00e1m el; ez az a fajta aut\u00f3, ami \u00e9lvezi a kicsi \u00e9s f\u00fcrge \u00e9rzetet, \u00edgy hagyjuk, hogy n\u00e9ha \u00e1tugorjon a k\u00e1ty\u00fakon.<br \/>\nEz a tesztv\u00e1ltozat a sportos Twingo 131 l\u00f3er\u0151s 1,6 literes motorj\u00e1t haszn\u00e1lja . B\u00e1r \u00f6sszess\u00e9g\u00e9ben nagyobb nyomat\u00e9kot ad le, mint az alternat\u00edv 1,2 literes turb\u00f3motor, az el\u0151nye nem nagy (118 Nm a 112-vel szemben), \u00e9s 4400-as fordulatsz\u00e1mon (szemben a 3500-assal) magasabb fordulatsz\u00e1mon \u00e9ri el a fordulatsz\u00e1m\u00e1t. Nem csoda teh\u00e1t, hogy a lend\u00fcletes halad\u00e1shoz fel kell tekerni az 1,6 literes motort. Nincs ezzel semmi probl\u00e9m\u00e1m; az \u00f6tsebess\u00e9ges v\u00e1lt\u00f3 el\u00e9g sz\u00e9pen v\u00e1lt, a motor j\u00f3l sz\u00f3l, \u00e9s a ped\u00e1lok s\u00falya is t\u00f6k\u00e9letes a gyors felv\u00e1lt\u00e1sokhoz \u00e9s a p\u00f6rg\u0151s, sarok-l\u00e1bujj mozdulatokkal t\u00f6rt\u00e9n\u0151 visszav\u00e1lt\u00e1sokhoz.<\/p>\n<p>Az SE modellek, mint p\u00e9ld\u00e1ul a tesztaut\u00f3nk , \u00faj k\u00f6nny\u0171f\u00e9m ker\u00e9kt\u00e1rcs\u00e1kat, \u00faj \u201ej\u00e9gblokk\u201d f\u00e9nysz\u00f3r\u00f3-kialak\u00edt\u00e1st, h\u0171t\u0151r\u00e1csot \u00e9s l\u00f6kh\u00e1r\u00edt\u00f3kat kapnak. R\u00e1ad\u00e1sul mostant\u00f3l \u201eSaab\u201d felirat szerepel a h\u00e1tulj\u00e1n a Griffin embl\u00e9ma helyett. Sz\u00f3val nem sok.<br \/>\nBel\u00fcl t\u00f6rt\u00e9ntek v\u00e1ltoz\u00e1sok az \u00fcl\u00e9sekben \u00e9s a k\u00e1rpitoz\u00e1sban, valamint n\u00e9h\u00e1ny extra felszerel\u00e9s is el\u00e9rhet\u0151 a modell\u00e9rt fizetend\u0151 24 120 font\u00e9rt. Tekintettel arra, hogy a modell 158 l\u00f3er\u0151s, \u00e9s szerintem m\u00e9g \u00edgy is meglehet\u0151sen eleg\u00e1ns, a Saab felt\u0171n\u0151en j\u00f3 \u00e1r-\u00e9rt\u00e9k ar\u00e1ny\u00fanak t\u0171nik p\u00e9ld\u00e1ul egy hasonl\u00f3 motorral m\u0171k\u00f6d\u0151 Audi A4-es vagy BMW 3-as sorozat mellett .<br \/>\nA k\u00e9rd\u00e9s term\u00e9szetesen az, hogy a 9-3-as k\u00e9pes-e m\u00e9g felvenni a versenyt az utakon . \u00c9s legy\u00fcnk \u0151szint\u00e9k, f\u00fcggetlen\u00fcl att\u00f3l, hogy mennyi m\u00f3dos\u00edt\u00e1son esik \u00e1t \u00fatk\u00f6zben, kilenc \u00e9v hossz\u00fa id\u0151 egy aut\u00f3 sz\u00e1m\u00e1ra ebben az ipar\u00e1gban. A kompakt fels\u0151vezet\u0151i szegmensben ez val\u00f3j\u00e1ban p\u00e9ld\u00e1tlan.<\/p>\n","protected":false},"excerpt":{"rendered":"<p>A legend\u00e1s kirohan\u00e1s\u00e1nak mondata m\u00e1r kor\u00e1bban bele\u00e9gett az internetbe: \u201eHajnali f\u00e9l h\u00e1romkor posztolsz? \u00c9n feln\u0151tt vagyok\u2026 \u00e9n asszony vagyok!\u201d A&#8230; <span class=\"gridview-grid-post-read-more\"><a href=\"https:\/\/online-filmkatarzis.com\/kucko\/hirek\/herceg-erika-kirugta-adam-attilat\/\">read more<span class=\"gridview-sr-only\"> Herceg Erika kir\u00fagta \u00c1d\u00e1m Attil\u00e1t!<\/span><\/a><\/span><\/p>\n","protected":false},"author":1,"featured_media":5148,"comment_status":"open","ping_status":"open","sticky":false,"template":"","format":"standard","meta":{"footnotes":""},"categories":[1],"tags":[],"class_list":["post-5147","post","type-post","status-publish","format-standard","has-post-thumbnail","hentry","category-egyeb","wpcat-1-id"],"_links":{"self":[{"href":"https:\/\/online-filmkatarzis.com\/kucko\/hirek\/wp-json\/wp\/v2\/posts\/5147","targetHints":{"allow":["GET"]}}],"collection":[{"href":"https:\/\/online-filmkatarzis.com\/kucko\/hirek\/wp-json\/wp\/v2\/posts"}],"about":[{"href":"https:\/\/online-filmkatarzis.com\/kucko\/hirek\/wp-json\/wp\/v2\/types\/post"}],"author":[{"embeddable":true,"href":"https:\/\/online-filmkatarzis.com\/kucko\/hirek\/wp-json\/wp\/v2\/users\/1"}],"replies":[{"embeddable":true,"href":"https:\/\/online-filmkatarzis.com\/kucko\/hirek\/wp-json\/wp\/v2\/comments?post=5147"}],"version-history":[{"count":1,"href":"https:\/\/online-filmkatarzis.com\/kucko\/hirek\/wp-json\/wp\/v2\/posts\/5147\/revisions"}],"predecessor-version":[{"id":5149,"href":"https:\/\/online-filmkatarzis.com\/kucko\/hirek\/wp-json\/wp\/v2\/posts\/5147\/revisions\/5149"}],"wp:featuredmedia":[{"embeddable":true,"href":"https:\/\/online-filmkatarzis.com\/kucko\/hirek\/wp-json\/wp\/v2\/media\/5148"}],"wp:attachment":[{"href":"https:\/\/online-filmkatarzis.com\/kucko\/hirek\/wp-json\/wp\/v2\/media?parent=5147"}],"wp:term":[{"taxonomy":"category","embeddable":true,"href":"https:\/\/online-filmkatarzis.com\/kucko\/hirek\/wp-json\/wp\/v2\/categories?post=5147"},{"taxonomy":"post_tag","embeddable":true,"href":"https:\/\/online-filmkatarzis.com\/kucko\/hirek\/wp-json\/wp\/v2\/tags?post=5147"}],"curies":[{"name":"wp","href":"https:\/\/api.w.org\/{rel}","templated":true}]}}