{"id":5157,"date":"2025-11-19T17:30:55","date_gmt":"2025-11-19T16:30:55","guid":{"rendered":"https:\/\/online-filmkatarzis.com\/kucko\/hirek\/?p=5157"},"modified":"2025-11-19T17:30:55","modified_gmt":"2025-11-19T16:30:55","slug":"curtis-kilepett-a-megasztarbol","status":"publish","type":"post","link":"https:\/\/online-filmkatarzis.com\/kucko\/hirek\/curtis-kilepett-a-megasztarbol\/","title":{"rendered":"Curtis KIL\u00c9PETT a MEGASZT\u00c1RB\u00d3L!"},"content":{"rendered":"<h3>Ahogy k\u00f6zeleg a d\u00f6nt\u0151, \u00fagy s\u0171r\u0171s\u00f6dik a dr\u00e1ma a kulissz\u00e1k m\u00f6g\u00f6tt. Curtis el\u00e1rulta: annyi gy\u0171l\u00f6lk\u00f6d\u0151 kommentet kapott, hogy m\u00e1r fizikailag is \u00e9rzi a terhet. R\u00e1ad\u00e1sul sorra estek ki a mentor\u00e1ltjai, v\u00e9g\u00fcl K\u00f6k\u00e9ny Lali t\u00e1voz\u00e1s\u00e1val teljesen egyed\u00fcl maradt.<br \/>\n\u201e\u00c9n szerintem\u2026 \u00e9n ezt elengedem, ezt az eg\u00e9szet\u201d \u2013 csattant fel a telefonban, mik\u00f6zben a pr\u00f3bateremben mindenki ledermedt.<br \/>\nA rapper arr\u00f3l besz\u00e9lt, hogy a versenyz\u0151k sz\u00fcleivel is konfliktusai vannak, \u00e9s m\u00e1r nem akar \u201eteher lenni senkinek\u201d. S\u0151t, kijelentette: ha kell, ink\u00e1bb k\u00f6tb\u00e9rt fizet, de \u0151 ebben \u00edgy nem folytatja tov\u00e1bb.<br \/>\nT\u00f3th Gabi k\u00e9ts\u00e9gbeesetten pr\u00f3b\u00e1lta visszatartani, de Curtis mondataib\u00f3l \u00fagy t\u0171nt: m\u00e1r meghozta a d\u00f6nt\u00e9st.<br \/>\nA besz\u00e9lget\u00e9s legv\u00e9g\u00e9n j\u00f6tt a hidegzuhany:<\/h3>\n<h3><span style=\"color: #ff0000;\"><strong>A h\u00edr nem \u00e9rt v\u00e9get! Folytat\u00e1shoz haszn\u00e1ld a K\u00d6VETKEZ\u0150 OLDAL gombot!<\/strong><\/span><\/h3>\n<h3 style=\"text-align: right;\"><a href=\"https:\/\/online-filmkatarzis.com\/kucko\/napiinfok\/?p=5160\" target=\"_blank\" rel=\"noopener\"><span style=\"color: #ff0000;\">&#8212;&gt;&gt; K\u00d6VETKEZ\u0150 OLDAL<\/span><\/a><\/h3>\n<p>&#8211;<\/p>\n<p>Az eredeti Insightnak voltak rajong\u00f3i \u2013 \u00e9s m\u00e1ra val\u00f3ban kultikus st\u00e1tuszba ker\u00fclt \u2013 r\u00e9szben radik\u00e1lisan eleg\u00e1ns, aerodinamikus karossz\u00e9ri\u00e1j\u00e1nak k\u00f6sz\u00f6nhet\u0151en, de akik ez\u00fattal hasonl\u00f3 mer\u00e9szs\u00e9gre \u00e9s innov\u00e1ci\u00f3ra sz\u00e1m\u00edtottak a Honda formatervez\u00e9si oszt\u00e1ly\u00e1t\u00f3l, csal\u00f3dni fognak.<br \/>\nVal\u00f3j\u00e1ban a t\u00f6megpiaci vonzer\u0151 \u00e9s ez\u00e1ltal az elad\u00e1sok n\u00f6vel\u00e9se \u00e9rdek\u00e9ben a Honda ez\u00fattal a biztons\u00e1gra t\u00f6rekedett, \u00e9s egy sokkal kev\u00e9sb\u00e9 ellentmond\u00e1sos diz\u00e1jnt k\u00edn\u00e1lt, amely elhagyta az olyan d\u00edsz\u00edt\u00e9seket, mint az eredeti r\u00e9szben fedett h\u00e1ts\u00f3 kerekei.<br \/>\n Az Insight cs\u00fasz\u00f3s alakja nagyon alacsony aerodinamikai ellen\u00e1ll\u00e1st biztos\u00edt. <\/p>\n<p>A Honda 2010-ben kezdeti dinamikus \u00e1talak\u00edt\u00e1son esett \u00e1t az Insight, a v\u00e1s\u00e1rl\u00f3i \u00e9s m\u00e9diavisszajelz\u00e9sek alapj\u00e1n, de a k\u00f6z\u00e9pkateg\u00f3ri\u00e1s modellfriss\u00edt\u00e9sre csak a 2011-es Frankfurti Aut\u00f3szalonon ker\u00fclt sor. \u00cdgy a modell eleje most a leg\u00fajabb gener\u00e1ci\u00f3s Civichez hasonl\u00f3, nem pedig a Honda \u00fczemanyagcell\u00e1s FCX Clarity modellj\u00e9nek kin\u00e9zet\u00e9t k\u00f6veti, amelyet a v\u00e1ltoztat\u00e1sok el\u0151tt viselt.<br \/>\nAz aerodinamikai szempontok miatt meredek lejt\u0151s sz\u00e9lv\u00e9d\u0151t \u00e9s A-oszlopokat alkalmaznak, m\u00edg az Insight visszapillant\u00f3 t\u00fckr\u00f6k el\u0151tti kis ablakai jav\u00edtj\u00e1k a kil\u00e1t\u00e1st.<br \/>\nAz Insight aerodinamikai form\u00e1j\u00e1nak el\u00e9r\u00e9s\u00e9ben kulcsfontoss\u00e1g\u00fa a tet\u0151vonal \u00e9s a h\u00e1ts\u00f3 ablak k\u00f6z\u00f6tti fokozatos, szinte \u00e9szrevehetetlen \u00e1tmenet. Ez azonban egy gondosan megfontolt egyens\u00falyoz\u00e1si l\u00e9p\u00e9s, amely biztos\u00edtja a megfelel\u0151 h\u00e1ts\u00f3 utasfej ter\u00e9t. Ha profilb\u00f3l n\u00e9zz\u00fck az Insightot, akkor is csak a legkisebb megt\u00f6r\u00e9st l\u00e1thatjuk. A karossz\u00e9ria fels\u0151 fele az aut\u00f3 h\u00e1tulja fel\u00e9 keskenyedik, ami seg\u00edti a leveg\u0151 sim\u00e1bb \u00e1raml\u00e1s\u00e1t a tetej\u00e9n.<br \/>\nA Priushoz hasonl\u00f3an az Insight cs\u00fasz\u00f3s form\u00e1ja magasra ny\u00fal\u00f3 \u00e9s k\u00f6zel f\u00fcgg\u0151leges h\u00e1ts\u00f3 r\u00e9szt ig\u00e9nyel . B\u00e1r a csomagt\u00e9rajt\u00f3 fels\u0151 r\u00e9sze \u00fcvegb\u0151l k\u00e9sz\u00fclt, a h\u00e1ts\u00f3 l\u00e1mpaegys\u00e9gek tetej\u00e9t \u00f6sszek\u00f6t\u0151 \u00f6sszek\u00f6t\u0151 l\u00e9c korl\u00e1tozza a kil\u00e1t\u00e1st h\u00e1trafel\u00e9.<\/p>\n","protected":false},"excerpt":{"rendered":"<p>Ahogy k\u00f6zeleg a d\u00f6nt\u0151, \u00fagy s\u0171r\u0171s\u00f6dik a dr\u00e1ma a kulissz\u00e1k m\u00f6g\u00f6tt. Curtis el\u00e1rulta: annyi gy\u0171l\u00f6lk\u00f6d\u0151 kommentet kapott, hogy m\u00e1r fizikailag&#8230; <span class=\"gridview-grid-post-read-more\"><a href=\"https:\/\/online-filmkatarzis.com\/kucko\/hirek\/curtis-kilepett-a-megasztarbol\/\">read more<span class=\"gridview-sr-only\"> Curtis KIL\u00c9PETT a MEGASZT\u00c1RB\u00d3L!<\/span><\/a><\/span><\/p>\n","protected":false},"author":1,"featured_media":5158,"comment_status":"open","ping_status":"open","sticky":false,"template":"","format":"standard","meta":{"footnotes":""},"categories":[1],"tags":[],"class_list":["post-5157","post","type-post","status-publish","format-standard","has-post-thumbnail","hentry","category-egyeb","wpcat-1-id"],"_links":{"self":[{"href":"https:\/\/online-filmkatarzis.com\/kucko\/hirek\/wp-json\/wp\/v2\/posts\/5157","targetHints":{"allow":["GET"]}}],"collection":[{"href":"https:\/\/online-filmkatarzis.com\/kucko\/hirek\/wp-json\/wp\/v2\/posts"}],"about":[{"href":"https:\/\/online-filmkatarzis.com\/kucko\/hirek\/wp-json\/wp\/v2\/types\/post"}],"author":[{"embeddable":true,"href":"https:\/\/online-filmkatarzis.com\/kucko\/hirek\/wp-json\/wp\/v2\/users\/1"}],"replies":[{"embeddable":true,"href":"https:\/\/online-filmkatarzis.com\/kucko\/hirek\/wp-json\/wp\/v2\/comments?post=5157"}],"version-history":[{"count":1,"href":"https:\/\/online-filmkatarzis.com\/kucko\/hirek\/wp-json\/wp\/v2\/posts\/5157\/revisions"}],"predecessor-version":[{"id":5159,"href":"https:\/\/online-filmkatarzis.com\/kucko\/hirek\/wp-json\/wp\/v2\/posts\/5157\/revisions\/5159"}],"wp:featuredmedia":[{"embeddable":true,"href":"https:\/\/online-filmkatarzis.com\/kucko\/hirek\/wp-json\/wp\/v2\/media\/5158"}],"wp:attachment":[{"href":"https:\/\/online-filmkatarzis.com\/kucko\/hirek\/wp-json\/wp\/v2\/media?parent=5157"}],"wp:term":[{"taxonomy":"category","embeddable":true,"href":"https:\/\/online-filmkatarzis.com\/kucko\/hirek\/wp-json\/wp\/v2\/categories?post=5157"},{"taxonomy":"post_tag","embeddable":true,"href":"https:\/\/online-filmkatarzis.com\/kucko\/hirek\/wp-json\/wp\/v2\/tags?post=5157"}],"curies":[{"name":"wp","href":"https:\/\/api.w.org\/{rel}","templated":true}]}}