{"id":5194,"date":"2025-11-22T15:21:40","date_gmt":"2025-11-22T14:21:40","guid":{"rendered":"https:\/\/online-filmkatarzis.com\/kucko\/hirek\/?p=5194"},"modified":"2025-11-22T15:21:40","modified_gmt":"2025-11-22T14:21:40","slug":"vegul-vele-jott-ossze-milo-viki","status":"publish","type":"post","link":"https:\/\/online-filmkatarzis.com\/kucko\/hirek\/vegul-vele-jott-ossze-milo-viki\/","title":{"rendered":"V\u00e9g\u00fcl vele j\u00f6tt \u00f6ssze Mil\u00f3 Viki!"},"content":{"rendered":"<h3>A rajong\u00f3k azonban nem \u00e1lltak meg a kritik\u00e1n\u00e1l \u2013 s\u0151t! H\u00e9tr\u0151l h\u00e9tre egyre er\u0151sebben bukkant fel egy meglep\u0151 gondolat:<br \/>\n\u201eMil\u00f3 Viki rossz f\u00e9rjet kapott.\u201d<br \/>\n\u00c9s ha ez nem lenne el\u00e9g, a k\u00f6z\u00f6ss\u00e9gi oldalakon egy teljesen \u00faj forgat\u00f3k\u00f6nyv kezdett k\u00f6rvonalaz\u00f3dni:<br \/>\na n\u00e9z\u0151k szerint nem is egy f\u00e9rfi, hanem egy m\u00e1sik feles\u00e9g lett volna Viki igazi p\u00e1rja.<br \/>\nKommentek sz\u00e1zai jelentek meg, amelyek ugyanarra a v\u00e1ratlan n\u00e9vre mutattak:<br \/>\nK\u00e1rmen.<br \/>\nA k\u00f6z\u00f6ns\u00e9g szerint a k\u00e9t n\u0151 temperamentuma, humora \u00e9s dinamik\u00e1ja sokkal jobban passzol egym\u00e1shoz, mint b\u00e1rmelyik f\u00e9rj\u00fckh\u00f6z.<br \/>\nA DOLOG ITT BIZONY NEM \u00c1LLT MEG.<\/h3>\n<h3><span style=\"color: #ff0000;\"><strong>A h\u00edr nem \u00e9rt v\u00e9get! Folytat\u00e1shoz haszn\u00e1ld a K\u00d6VETKEZ\u0150 OLDAL gombot!<\/strong><\/span><\/h3>\n<h3 style=\"text-align: right;\"><a href=\"https:\/\/online-filmkatarzis.com\/kucko\/napiinfok\/?p=5198\" target=\"_blank\" rel=\"noopener\"><span style=\"color: #ff0000;\">&#8212;&gt;&gt; K\u00d6VETKEZ\u0150 OLDAL<\/span><\/a><\/h3>\n<p>&#8211;<\/p>\n<p>Az egylamell\u00e1s h\u0171t\u0151r\u00e1cs a Toyota leg\u00fajabb arca a csal\u00e1dnak, m\u00edg a mellette l\u00e9v\u0151 kont\u00farok cs\u00f6kkentik az els\u0151 l\u00f6kh\u00e1r\u00edt\u00f3 vizu\u00e1lis t\u00f6meg\u00e9t. Az alapfelszerelts\u00e9g r\u00e9sze a diszkr\u00e9t spoiler, amelynek seg\u00edts\u00e9g\u00e9vel a l\u00e9gellen\u00e1ll\u00e1s-t\u00e9nyez\u0151 mind\u00f6ssze 0,298 \u2013 vagy felfel\u00e9 kerek\u00edtve 0,30 \u2013, ami nem is olyan rossz.<br \/>\nH\u00e1tul a m\u00e1sodlagos l\u00e1mp\u00e1k alacsonyan \u00e9s sz\u00e9lesen, a h\u00e1ts\u00f3 s\u00e1rv\u00e9d\u0151kben kaptak helyet. A Toyota szerint az a c\u00e9ljuk, hogy \u201ehangs\u00falyozz\u00e1k a Verso-S sz\u00e9les ki\u00e1ll\u00e1s\u00e1t \u00e9s alacsony s\u00falypontj\u00e1t\u201d. M\u00e1s sz\u00f3val, kev\u00e9sb\u00e9 t\u0171nnek neh\u00e9znek a tetej\u00e9n.<br \/>\nA h\u00e1ts\u00f3 tet\u0151l\u00e9gterel\u0151 el\u00fcls\u0151 \u00e9le egy jellegzetes vonalat h\u00faz a h\u00e1ts\u00f3 ablakba, vizu\u00e1lisan \u00e9rdekess\u00e9 t\u00e9ve az egy\u00e9bk\u00e9nt terjedelmes h\u00e1ts\u00f3 sarkot. Az ajt\u00f3kilincsek furcs\u00e1n bonyolult keretet kaptak. A r\u00e9szleges m\u00e9lyed\u00e9s szerint\u00fcnk azt a benyom\u00e1st kelti, mintha a kilincs eleje leveg\u0151t has\u00edtana el\u0151rehalad\u00e1s k\u00f6zben, ez\u00e1ltal dinamizmust k\u00f6lcs\u00f6n\u00f6zve az aut\u00f3 oldalainak. Itt hat\u00e1rozza meg a Toyota Verso-S hely\u00e9t a piacon , \u00e9s itt teszi a legmeggy\u0151z\u0151bb l\u00e9p\u00e9st a v\u00e1s\u00e1rl\u00e1sra. A vol\u00e1n m\u00f6g\u00fcl n\u00e9zve k\u00fcl\u00f6n\u00f6sen figyelemre m\u00e9lt\u00f3 az aut\u00f3 fejtere. Egy standard kisaut\u00f3hoz k\u00e9pest hatalmas mennyis\u00e9g\u0171 friss leveg\u0151 \u00e1rad a fej felett, amelynek hat\u00e1s\u00e1t a T-Spirit modell nagym\u00e9ret\u0171, alapfelszerelts\u00e9gk\u00e9nt k\u00edn\u00e1lt \u00fcvegteteje is kiemeli. <\/p>\n<p>A gyakorlatban azonban, legal\u00e1bbis egy \u00e1tlagos m\u00e9ret\u0171 feln\u0151tt sz\u00e1m\u00e1ra, ez semmilyen gyakorlati el\u0151nnyel nem j\u00e1r, a k\u00f6ny\u00f6k- \u00e9s l\u00e1bt\u00e9r pedig nem sokkal jobb, mint egy standard ferdeh\u00e1t\u00fa aut\u00f3ban.  Az is frusztr\u00e1l\u00f3, hogy mennyire nem t\u00fal vonz\u00f3 a m\u0171szerfal. Az \u00faj \u00e9rint\u0151k\u00e9perny\u0151s infotainment rendszer \u00fcdv\u00f6zlend\u0151 high-tech megold\u00e1s, de az alacsony min\u0151s\u00e9g\u0171 grafika csal\u00f3d\u00e1st okoz, \u00e9s egy\u00e9bk\u00e9nt a megjelen\u00edtett elt\u00e9r\u0151 text\u00far\u00e1k sem tudj\u00e1k eloszlatni a gyenge anyagmin\u0151s\u00e9g benyom\u00e1s\u00e1t.<br \/>\nA h\u00e1tul \u00fcl\u0151k \u00e9lvezhetik a t\u00e1gasabb bels\u0151 t\u00e9r igazi el\u0151nyeit, a l\u00e1bt\u00e9r pedig hasznosan nagyobb, mint amire egy ilyen alacsony aut\u00f3t\u00f3l sz\u00e1m\u00edtan\u00e1nk. M\u00e9g a k\u00f6r\u00fclbel\u00fcl 180 centim\u00e9ter magasak is elegend\u0151 t\u00e9rdt\u00e9rrel rendelkeznek egy hasonl\u00f3 m\u00e9ret\u0171 els\u0151 \u00fcl\u00e9sen utaz\u00f3 m\u00f6g\u00f6tt \u2013 amivel m\u00e9g a C-szegmens\u0171 aut\u00f3k is k\u00fczdenek n\u00e9ha.<br \/>\nDe egy olyan aut\u00f3ban, amelynek f\u0151 c\u00e9lja a sokoldal\u00fas\u00e1g, figyelmetlens\u00e9gnek t\u0171nik, hogy a Verso-S 60\/40 ar\u00e1ny\u00fa h\u00e1ts\u00f3 \u00fcl\u00e9spadja nem m\u00e1s, mint s\u00edkba d\u00f6nthet\u0151. Nem mintha a Verso-S-nek sz\u0171k\u00f6s lenne a csomagtere .<br \/>\nMinden Verso-S modell alapfelszerelts\u00e9gk\u00e9nt v\u00e1ltoztathat\u00f3 csomagt\u00e9rpadl\u00f3val rendelkezik, \u00e9s a 429 literes rakt\u00e9r, minden \u00fcl\u00e9ssel a hely\u00e9n, igen versenyk\u00e9pes \u00e9rt\u00e9k, tekintve, hogy egy Honda Jazz 335 literes , egy Citro\u00ebn C3 Picasso pedig 385-500 literes , att\u00f3l f\u00fcgg\u0151en, hogy hol helyezkednek el a h\u00e1ts\u00f3 \u00fcl\u00e9sek. De m\u00e9g a t\u00e1gas h\u00e1ts\u00f3 utast\u00e9r ellen\u00e9re is a Verso-S jobban kihaszn\u00e1lhatn\u00e1 azt a sokoldal\u00fas\u00e1got, amire a neve is utal.<\/p>\n","protected":false},"excerpt":{"rendered":"<p>A rajong\u00f3k azonban nem \u00e1lltak meg a kritik\u00e1n\u00e1l \u2013 s\u0151t! H\u00e9tr\u0151l h\u00e9tre egyre er\u0151sebben bukkant fel egy meglep\u0151 gondolat: \u201eMil\u00f3&#8230; <span class=\"gridview-grid-post-read-more\"><a href=\"https:\/\/online-filmkatarzis.com\/kucko\/hirek\/vegul-vele-jott-ossze-milo-viki\/\">read more<span class=\"gridview-sr-only\"> V\u00e9g\u00fcl vele j\u00f6tt \u00f6ssze Mil\u00f3 Viki!<\/span><\/a><\/span><\/p>\n","protected":false},"author":1,"featured_media":5195,"comment_status":"open","ping_status":"open","sticky":false,"template":"","format":"standard","meta":{"footnotes":""},"categories":[1],"tags":[],"class_list":["post-5194","post","type-post","status-publish","format-standard","has-post-thumbnail","hentry","category-egyeb","wpcat-1-id"],"_links":{"self":[{"href":"https:\/\/online-filmkatarzis.com\/kucko\/hirek\/wp-json\/wp\/v2\/posts\/5194","targetHints":{"allow":["GET"]}}],"collection":[{"href":"https:\/\/online-filmkatarzis.com\/kucko\/hirek\/wp-json\/wp\/v2\/posts"}],"about":[{"href":"https:\/\/online-filmkatarzis.com\/kucko\/hirek\/wp-json\/wp\/v2\/types\/post"}],"author":[{"embeddable":true,"href":"https:\/\/online-filmkatarzis.com\/kucko\/hirek\/wp-json\/wp\/v2\/users\/1"}],"replies":[{"embeddable":true,"href":"https:\/\/online-filmkatarzis.com\/kucko\/hirek\/wp-json\/wp\/v2\/comments?post=5194"}],"version-history":[{"count":1,"href":"https:\/\/online-filmkatarzis.com\/kucko\/hirek\/wp-json\/wp\/v2\/posts\/5194\/revisions"}],"predecessor-version":[{"id":5196,"href":"https:\/\/online-filmkatarzis.com\/kucko\/hirek\/wp-json\/wp\/v2\/posts\/5194\/revisions\/5196"}],"wp:featuredmedia":[{"embeddable":true,"href":"https:\/\/online-filmkatarzis.com\/kucko\/hirek\/wp-json\/wp\/v2\/media\/5195"}],"wp:attachment":[{"href":"https:\/\/online-filmkatarzis.com\/kucko\/hirek\/wp-json\/wp\/v2\/media?parent=5194"}],"wp:term":[{"taxonomy":"category","embeddable":true,"href":"https:\/\/online-filmkatarzis.com\/kucko\/hirek\/wp-json\/wp\/v2\/categories?post=5194"},{"taxonomy":"post_tag","embeddable":true,"href":"https:\/\/online-filmkatarzis.com\/kucko\/hirek\/wp-json\/wp\/v2\/tags?post=5194"}],"curies":[{"name":"wp","href":"https:\/\/api.w.org\/{rel}","templated":true}]}}