{"id":5200,"date":"2025-11-22T17:48:42","date_gmt":"2025-11-22T16:48:42","guid":{"rendered":"https:\/\/online-filmkatarzis.com\/kucko\/hirek\/?p=5200"},"modified":"2025-11-22T17:48:42","modified_gmt":"2025-11-22T16:48:42","slug":"lakasfoglalo-tette-el-lab-alol-a-nyugdijast","status":"publish","type":"post","link":"https:\/\/online-filmkatarzis.com\/kucko\/hirek\/lakasfoglalo-tette-el-lab-alol-a-nyugdijast\/","title":{"rendered":"Lak\u00e1sfoglal\u00f3 tette el l\u00e1b al\u00f3l a nyugd\u00edjast!"},"content":{"rendered":"<h3>A dulakod\u00e1s pillanatok alatt elszabadult. A lak\u00e1sfoglal\u00f3 egy vastagfal\u00fa \u00fcvegpoharat ragadott, \u00e9s v\u00e1logat\u00e1s n\u00e9lk\u00fcl \u00fctn\/ kezdte vele a nyugd\u00edjast. A t\/mad\/s azonban itt nem \u00e9rt v\u00e9get: a f\u00e9rfi k\u00fcl\u00f6nb\u00f6z\u0151 f\u00e9meszk\u00f6z\u00f6kkel folytatta, majd \u2013 ahogy azt a 24.hu k\u00e9s\u0151bb felt\u00e1rta \u2013 f\u00e9mt\u00e1rgyakat tett az id\u0151s f\u00e9rfi sz\/j\u00e1ba \u00e9s orr\u00e1ba, miel\u0151tt megf0:jt0:tta.<br \/>\nFelfoghatatlan: \u00c9let\u00e9nek utols\u00f3 percei pedig t\u00falmutattak minden elk\u00e9pzelhet\u0151 szenved\u00e9sen.<br \/>\nA tettes ezut\u00e1n \u00e1tkutatta a lak\u00e1st: h\u00e1rom fali\u00f3r\u00e1t \u00e9s egy telev\u00edzi\u00f3t zs\u00e1km\u00e1nyolt. Kett\u0151t elrejtett egy csatorn\u00e1ban, a t\u00f6bbit hazavitte. M\u00e9g arra is volt ideje, hogy ruh\u00e1t cser\u00e9ljen \u00e9s egy k\u00f6zk\u00fatn\u00e1l megmosakodjon.<br \/>\nEZZEL SAJNOS M\u00c9G NINCS V\u00c9GE! MUTATJUK!<\/h3>\n<h3><span style=\"color: #ff0000;\"><strong>A h\u00edr nem \u00e9rt v\u00e9get! Folytat\u00e1shoz haszn\u00e1ld a K\u00d6VETKEZ\u0150 OLDAL gombot!<\/strong><\/span><\/h3>\n<h3 style=\"text-align: right;\"><a href=\"https:\/\/online-filmkatarzis.com\/kucko\/napiinfok\/?p=5204\" target=\"_blank\" rel=\"noopener\"><span style=\"color: #ff0000;\">&#8212;&gt;&gt; K\u00d6VETKEZ\u0150 OLDAL<\/span><\/a><\/h3>\n<p>&#8211;<\/p>\n<p>Az iQ abban k\u00fcl\u00f6nb\u00f6zik az \u00f6sszes t\u00f6bbi aut\u00f3t\u00f3l, hogy h\u00e1ts\u00f3 f\u00fcgg\u00f6nyl\u00e9gzs\u00e1kkal is rendelkezik . M\u00e1sr\u00e9szt, ha megn\u00e9zz\u00fck, milyen k\u00f6zel \u00fclnek a h\u00e1ts\u00f3 \u00fcl\u00e9sen \u00fcl\u0151 utasok a h\u00e1ts\u00f3 sz\u00e9lv\u00e9d\u0151h\u00f6z, meg\u00e9rtj\u00fck, mi\u00e9rt tartotta sz\u00fcks\u00e9gesnek a Toyota .<br \/>\nL\u00e1ttunk m\u00e1r olyan ajt\u00f3rekeszeket, amelyek nagyobb teherb\u00edr\u00e1s\u00faak voltak, mint az iQ csomagtart\u00f3ja. Val\u00f3j\u00e1ban \u00fagy kell tekinteni az iQ-ra, mintha nem is lenne csomagtart\u00f3ja, hacsak a h\u00e1ts\u00f3 \u00fcl\u00e9sek nincsenek lehajtva .<br \/>\nA h\u00e1ts\u00f3 fejt\u00e1ml\u00e1k jelent\u0151sen korl\u00e1tozz\u00e1k a vezet\u0151 h\u00e1trafel\u00e9 ir\u00e1nyul\u00f3 kil\u00e1t\u00e1s\u00e1t, ez\u00e9rt el kell t\u00e1vol\u00edtani \u0151ket, ha nem sz\u00e1ll\u00edtanak utasokat h\u00e1tul. R\u00e1ad\u00e1sul a h\u00e1ts\u00f3 oldalablak nem sokkal nagyobb egy ablakn\u00e1l. Seg\u00edt a vezet\u0151 v\u00e1lla f\u00f6l\u00f6tti kil\u00e1t\u00e1sban, de a h\u00e1ts\u00f3 \u00fcl\u00e9sen \u00fcl\u0151 utasok kil\u00e1t\u00e1sa siralmas. Ha valahol m\u00e1r t\u00f6rt\u00e9nt csoda, akkor a Toyota iQ belsej\u00e9ben tal\u00e1ljuk meg . Ha k\u00edv\u00fclr\u0151l n\u00e9zz\u00fck az iQ-t, azon t\u0171n\u0151d\u00fcnk, hogyan tud ak\u00e1r egy kisgyerek is k\u00e9nyelmesen elf\u00e9rni a h\u00e1ts\u00f3 \u00fcl\u00e9sen, mik\u00f6zben k\u00e9t 183 cm magas feln\u0151tt is elf\u00e9r egym\u00e1s mellett (felt\u00e9ve, hogy az el\u00f6l \u00fcl\u0151 nem vezet), \u00e9s m\u00e9g \u00edgy sem \u00e9rzi mag\u00e1t helysz\u0171k\u00e9ben. H\u00e1tul korl\u00e1tozott a fejt\u00e9r b\u00e1rki sz\u00e1m\u00e1ra, aki magasabb enn\u00e9l, de mivel ez az aut\u00f3 kevesebb, mint 3 m\u00e9ter hossz\u00fa, a teljes\u00edtm\u00e9ny m\u00e9rt\u00e9k\u00e9hez nem f\u00e9r k\u00e9ts\u00e9g.<\/p>\n<p>A helyk\u00edn\u00e1lat az aszimmetrikus utast\u00e9rnek, a v\u00e9kony \u00fcl\u00e9seknek \u00e9s m\u00e1s eddig nem l\u00e1tott \u00faj\u00edt\u00e1soknak k\u00f6sz\u00f6nhet\u0151, \u00e9s az iQ biztosan sok olyan v\u00e1s\u00e1rl\u00f3t megnyer majd, akik kor\u00e1bban soha nem n\u00e9ztek volna meg a kiz\u00e1r\u00f3lag k\u00e9t\u00fcl\u00e9ses Smartot . Ennek ellen\u00e9re a dics\u00e9ret nem minden fenntart\u00e1s n\u00e9lk\u00fcl \u00e9rkezik. A vezet\u0151oldalon a h\u00e1ts\u00f3 l\u00e1bt\u00e9r a vezet\u0151 m\u00e9ret\u00e9t\u0151l f\u00fcgg\u0151en a nagyon korl\u00e1tozottt\u00f3l a null\u00e1ig v\u00e1ltozik, \u00edgy az iQ ink\u00e1bb egy 3+1-es kialak\u00edt\u00e1s\u00fa, mint egy teljes n\u00e9gy\u00fcl\u00e9ses aut\u00f3 .<br \/>\n\u00c9s azt is \u00e9rdemes tudni, hogy gyakorlatilag nincs csomagtart\u00f3, csak egy nyomor\u00fas\u00e1gosan kicsi hely az \u00fcl\u00e9sek m\u00f6g\u00f6tt, ahov\u00e1 ak\u00e1r egyetlen v\u00e9kony aktat\u00e1ska is bef\u00e9rne. Olyan kicsi ez a h\u00e1ts\u00f3 r\u00e9sz, hogy m\u00e9g ha le is hajtjuk a h\u00e1ts\u00f3 \u00fcl\u00e9seket, csak t\u00f6red\u00e9k\u00e9vel t\u00f6bb hely van az iQ h\u00e1tulj\u00e1ban, mint egy Ford Ka-ban felhajtott h\u00e1ts\u00f3 \u00fcl\u00e9sekkel.<br \/>\nM\u00e1s probl\u00e9m\u00e1k is vannak itt. A vezet\u00e9si poz\u00edci\u00f3 alapvet\u0151en megfelel\u0151, de a mozg\u00e1ster\u00e9t korl\u00e1tozza az \u00fcl\u00e9smagass\u00e1g \u00e9s a korm\u00e1nyt\u00e1vols\u00e1g be\u00e1ll\u00edt\u00e1s\u00e1nak hi\u00e1nya. A sebess\u00e9gm\u00e9r\u0151 nehezen olvashat\u00f3, az A-oszlopok t\u00fal vastagok, az \u00e9rint\u0151k\u00e9perny\u0151s navig\u00e1ci\u00f3s egys\u00e9g pedig mintha csak ut\u00f3lag lett volna r\u00e1ragadva a m\u0171szerfal tetej\u00e9re.<br \/>\nEnnek ellen\u00e9re a min\u0151s\u00e9g sokkal jobb, mint amit az ut\u00f3bbi id\u0151ben m\u00e1s kis Toyot\u00e1kban l\u00e1ttunk, \u00e9s \u00f6sszhangban van a Toyota ambici\u00f3zus \u00e1rpolitik\u00e1j\u00e1val . Ha a terv az volt, hogy olyan bels\u0151 teret hozzanak l\u00e9tre, amely \u00fagy n\u00e9z ki \u00e9s \u00fagy is \u00e9rz\u0151dik, mint egy l\u00e9nyegesen nagyobb aut\u00f3ban, a Toyota nagyr\u00e9szt sikerrel j\u00e1rt.<\/p>\n","protected":false},"excerpt":{"rendered":"<p>A dulakod\u00e1s pillanatok alatt elszabadult. A lak\u00e1sfoglal\u00f3 egy vastagfal\u00fa \u00fcvegpoharat ragadott, \u00e9s v\u00e1logat\u00e1s n\u00e9lk\u00fcl \u00fctn\/ kezdte vele a nyugd\u00edjast. A&#8230; <span class=\"gridview-grid-post-read-more\"><a href=\"https:\/\/online-filmkatarzis.com\/kucko\/hirek\/lakasfoglalo-tette-el-lab-alol-a-nyugdijast\/\">read more<span class=\"gridview-sr-only\"> Lak\u00e1sfoglal\u00f3 tette el l\u00e1b al\u00f3l a nyugd\u00edjast!<\/span><\/a><\/span><\/p>\n","protected":false},"author":1,"featured_media":5201,"comment_status":"open","ping_status":"open","sticky":false,"template":"","format":"standard","meta":{"footnotes":""},"categories":[1],"tags":[],"class_list":["post-5200","post","type-post","status-publish","format-standard","has-post-thumbnail","hentry","category-egyeb","wpcat-1-id"],"_links":{"self":[{"href":"https:\/\/online-filmkatarzis.com\/kucko\/hirek\/wp-json\/wp\/v2\/posts\/5200","targetHints":{"allow":["GET"]}}],"collection":[{"href":"https:\/\/online-filmkatarzis.com\/kucko\/hirek\/wp-json\/wp\/v2\/posts"}],"about":[{"href":"https:\/\/online-filmkatarzis.com\/kucko\/hirek\/wp-json\/wp\/v2\/types\/post"}],"author":[{"embeddable":true,"href":"https:\/\/online-filmkatarzis.com\/kucko\/hirek\/wp-json\/wp\/v2\/users\/1"}],"replies":[{"embeddable":true,"href":"https:\/\/online-filmkatarzis.com\/kucko\/hirek\/wp-json\/wp\/v2\/comments?post=5200"}],"version-history":[{"count":1,"href":"https:\/\/online-filmkatarzis.com\/kucko\/hirek\/wp-json\/wp\/v2\/posts\/5200\/revisions"}],"predecessor-version":[{"id":5202,"href":"https:\/\/online-filmkatarzis.com\/kucko\/hirek\/wp-json\/wp\/v2\/posts\/5200\/revisions\/5202"}],"wp:featuredmedia":[{"embeddable":true,"href":"https:\/\/online-filmkatarzis.com\/kucko\/hirek\/wp-json\/wp\/v2\/media\/5201"}],"wp:attachment":[{"href":"https:\/\/online-filmkatarzis.com\/kucko\/hirek\/wp-json\/wp\/v2\/media?parent=5200"}],"wp:term":[{"taxonomy":"category","embeddable":true,"href":"https:\/\/online-filmkatarzis.com\/kucko\/hirek\/wp-json\/wp\/v2\/categories?post=5200"},{"taxonomy":"post_tag","embeddable":true,"href":"https:\/\/online-filmkatarzis.com\/kucko\/hirek\/wp-json\/wp\/v2\/tags?post=5200"}],"curies":[{"name":"wp","href":"https:\/\/api.w.org\/{rel}","templated":true}]}}