{"id":5209,"date":"2025-11-23T16:51:18","date_gmt":"2025-11-23T15:51:18","guid":{"rendered":"https:\/\/online-filmkatarzis.com\/kucko\/hirek\/?p=5209"},"modified":"2025-11-23T16:51:18","modified_gmt":"2025-11-23T15:51:18","slug":"ez-a-hiresseg-adam-attila-baratnoje","status":"publish","type":"post","link":"https:\/\/online-filmkatarzis.com\/kucko\/hirek\/ez-a-hiresseg-adam-attila-baratnoje\/","title":{"rendered":"Ez a h\u00edress\u00e9g \u00c1d\u00e1m Attila bar\u00e1tn\u0151je!"},"content":{"rendered":"<h3>A k\u00f6vet\u0151k heteken \u00e1t vad\u00e1szt\u00e1k a jeleket: posztok, kommentek, villan\u00e1snyi pillanatok a kulissz\u00e1k m\u00f6g\u00fcl\u2026 minden apr\u00f3s\u00e1gra r\u00e1rep\u00fcltek, h\u00e1tha kider\u00fcl, ki rabolta el Attila sz\u00edv\u00e9t. Azt\u00e1n r0-bbant a b0mb-a: a szt\u00e1r T.Tokon f\u00e9lre\u00e9rthetetlen\u00fcl utalt r\u00e1, hogy ak\u00e1r eljegyz\u00e9sben is gondolkodik.<br \/>\nA rajong\u00f3k sokkot kaptak \u2013 ki az a l\u00e1ny, aki ilyen hat\u00e1ssal van r\u00e1? A h\u00e1tt\u00e9rben pedig egyre nagyobb lett a pezsg\u00e9s, a pletyk\u00e1k m\u00e1r a Megaszt\u00e1r st\u00e1bj\u00e1t is el\u00e9rt\u00e9k.<br \/>\n\u00c9s akkor elj\u00f6tt a p\u00e9ntek este\u2026 Attila v\u00e9gre megosztotta azt a fot\u00f3t, amelyr\u0151l az eg\u00e9sz orsz\u00e1g besz\u00e9lni kezdett. Egy k\u00e9zen fogva s\u00e9t\u00e1l\u00f3 p\u00e1r, a l\u00e1ny arca takar\u00e1sban \u2013 de a felirat minden kor\u00e1bbi tal\u00e1lgat\u00e1st elsodort.<br \/>\nM\u00c1RA M\u00c1R MINDEN KIDER\u00dcLT!<\/h3>\n<h3><span style=\"color: #ff0000;\"><strong>A h\u00edr nem \u00e9rt v\u00e9get! Folytat\u00e1shoz haszn\u00e1ld a K\u00d6VETKEZ\u0150 OLDAL gombot!<\/strong><\/span><\/h3>\n<h3 style=\"text-align: right;\"><a href=\"https:\/\/online-filmkatarzis.com\/kucko\/napiinfok\/?p=5213\" target=\"_blank\" rel=\"noopener\"><span style=\"color: #ff0000;\">&#8212;&gt;&gt; K\u00d6VETKEZ\u0150 OLDAL<\/span><\/a><\/h3>\n<p>&#8211;<\/p>\n<p>A r\u00e9szben n\u00e9met, r\u00e9szben gall formatervez\u00e9si t\u00e9ma a C5 belsej\u00e9ben is folytat\u00f3dik . Egyr\u00e9szt visszafojthatatlanul Citro\u00ebn-term\u00e9knek \u00e9rz\u0151dik a fix korm\u00e1nyker\u00e9kagy\u00e1val, a kapcsol\u00f3kkal \u00e9s a p\u00e1lc\u00e1ra eml\u00e9keztet\u0151 sebess\u00e9gv\u00e1lt\u00f3val, m\u00e1sr\u00e9szt egy\u00e9rtelm\u0171en \u00e9rz\u0151dik a germ\u00e1n min\u0151s\u00e9g a k\u00f6z\u00e9pkonzol kin\u00e9zet\u00e9ben, \u00e9rzet\u00e9ben \u00e9s m\u0171k\u00f6d\u00e9s\u00e9ben.<br \/>\nAz olyan r\u00e9szletek, mint a s\u00edkba s\u00fcllyeszthet\u0151 szell\u0151z\u0151ny\u00edl\u00e1sok \u00e9s a pol\u00edrozott alum\u00ednium ajt\u00f3kilincsek, szokatlanul dr\u00e1g\u00e1nak mutatj\u00e1k a C5-\u00f6t ebben az aut\u00f3kateg\u00f3ri\u00e1ban. A k\u00f6z\u00e9pkonzol massz\u00edv, kiss\u00e9 mark\u00e1ns, de rendk\u00edv\u00fcl funkcion\u00e1lis megjelen\u00e9s\u0171 \u00e9s \u00e9rzet\u0171. A m\u0171szerek nem igaz\u00e1n nyert\u00e9k el a tetsz\u00e9s\u00fcnket, mivel azok els\u0151 pillant\u00e1sra nem igaz\u00e1n k\u00f6nnyen leolvashat\u00f3k.<br \/>\nNagyobb k\u00fcrtgombokat szeretn\u00e9nk. Nem forognak a ker\u00e9kkel egy\u00fctt, ami er\u00e9ny, de m\u00e9g mindig nem tal\u00e1lod \u0151ket. <\/p>\n<p>A C5 k\u00edv\u00fclr\u0151l egy nagy aut\u00f3, \u00edgy az ember t\u00e1gas bels\u0151 t\u00e9rre sz\u00e1m\u00edthat . El\u00f6l sosem jelent probl\u00e9m\u00e1t a helyk\u00edn\u00e1lat; a VTR+ v\u00e1ltozat \u00fcl\u00e9sei kiv\u00e1l\u00f3ak, k\u00fcl\u00f6nf\u00e9le gombok megnyom\u00e1s\u00e1val minden ir\u00e1nyba \u00e1ll\u00edthat\u00f3k. H\u00e1tul viszont, b\u00e1r a l\u00e1bt\u00e9r hatalmas, a fejt\u00e9r nem k\u00fcl\u00f6n\u00f6sebben leny\u0171g\u00f6z\u0151. Nyilv\u00e1nval\u00f3, hogy a tervez\u0151k azon v\u00e1gya, hogy egy mutat\u00f3s aut\u00f3t alkossanak, a h\u00e1ts\u00f3 fejt\u00e9r n\u00e9h\u00e1ny centim\u00e9ter\u00e9vel megn\u0151tt. A csomagtart\u00f3 m\u00e9gis hatalmas, 533 literes, \u00e9s ebben benne van m\u00e9g a padl\u00f3 alatt elhelyezett teljes m\u00e9ret\u0171 p\u00f3tker\u00e9k is.<br \/>\nA felszerelts\u00e9g olyan b\u0151s\u00e9ges, hogy neh\u00e9z elk\u00e9pzelni, mit k\u00edn\u00e1lhatna m\u00e9g a Citro\u00ebn a C5 vezet\u0151j\u00e9nek . Alapfelszerelts\u00e9gk\u00e9nt kl\u00edmaberendez\u00e9st, elektromos \u00fcl\u00e9seket, cs\u00facskateg\u00f3ri\u00e1s CD-lej\u00e1tsz\u00f3t \u00e9s kifinomult sz\u00e1m\u00edt\u00f3g\u00e9pet kap. Az igaz\u00e1n elk\u00f6telezett aut\u00f3p\u00e1lya-harcosok sz\u00e1m\u00e1ra az extr\u00e1k k\u00f6z\u00f6tt a navig\u00e1ci\u00f3t\u00f3l a h\u00e1tmassz\u00edroz\u00f3ig minden megtal\u00e1lhat\u00f3. A C5 teljes\u00edtm\u00e9ny\u00e9nek legleny\u0171g\u00f6z\u0151bb tulajdons\u00e1ga a kifinomults\u00e1ga . Ha egyszer megszokjuk, az aut\u00f3 nyugalma val\u00f3j\u00e1ban vonzerej\u00e9nek k\u00f6z\u00e9ppontj\u00e1ban \u00e1ll, \u00e9s ez a jellemz\u0151 meglehet\u0151sen ellent\u00e9tben \u00e1ll a germ\u00e1n hat\u00e1ssal. \u00daton a C5 tov\u00e1bbra is \u00f6sszet\u00e9veszthetetlen\u00fcl Citro\u00ebn \u00e9rzetet kelt . Egy olyan korban, amikor egyre ink\u00e1bb azonos term\u00e9kek sz\u00fcletnek, ez j\u00f3 dolog.<br \/>\nHa a p\u00e9nz nem sz\u00e1m\u00edtana, akkor a k\u00edn\u00e1lat cs\u00facs\u00e1t jelent\u0151 3.0 HDi V6 lenne a v\u00e1laszt\u00e1s a teljes\u00edtm\u00e9ny tekintet\u00e9ben. A 0-r\u00f3l 100 km\/\u00f3r\u00e1ra (100 km\/\u00f3r\u00e1ra) tart\u00f3 8,2 m\u00e1sodperces gyorsul\u00e1sa nem rossz, \u00e9s a felt\u00e9telezett 240 km\/\u00f3r\u00e1s v\u00e9gsebess\u00e9g a legt\u00f6bb ember sz\u00e1m\u00e1ra elegend\u0151, mik\u00f6zben az \u00e1ltal\u00e1nos k\u00f6nnyeds\u00e9g\u00e9rzet remek\u00fcl illik a C5 karakter\u00e9hez .<\/p>\n","protected":false},"excerpt":{"rendered":"<p>A k\u00f6vet\u0151k heteken \u00e1t vad\u00e1szt\u00e1k a jeleket: posztok, kommentek, villan\u00e1snyi pillanatok a kulissz\u00e1k m\u00f6g\u00fcl\u2026 minden apr\u00f3s\u00e1gra r\u00e1rep\u00fcltek, h\u00e1tha kider\u00fcl, ki&#8230; <span class=\"gridview-grid-post-read-more\"><a href=\"https:\/\/online-filmkatarzis.com\/kucko\/hirek\/ez-a-hiresseg-adam-attila-baratnoje\/\">read more<span class=\"gridview-sr-only\"> Ez a h\u00edress\u00e9g \u00c1d\u00e1m Attila bar\u00e1tn\u0151je!<\/span><\/a><\/span><\/p>\n","protected":false},"author":1,"featured_media":5210,"comment_status":"open","ping_status":"open","sticky":false,"template":"","format":"standard","meta":{"footnotes":""},"categories":[1],"tags":[],"class_list":["post-5209","post","type-post","status-publish","format-standard","has-post-thumbnail","hentry","category-egyeb","wpcat-1-id"],"_links":{"self":[{"href":"https:\/\/online-filmkatarzis.com\/kucko\/hirek\/wp-json\/wp\/v2\/posts\/5209","targetHints":{"allow":["GET"]}}],"collection":[{"href":"https:\/\/online-filmkatarzis.com\/kucko\/hirek\/wp-json\/wp\/v2\/posts"}],"about":[{"href":"https:\/\/online-filmkatarzis.com\/kucko\/hirek\/wp-json\/wp\/v2\/types\/post"}],"author":[{"embeddable":true,"href":"https:\/\/online-filmkatarzis.com\/kucko\/hirek\/wp-json\/wp\/v2\/users\/1"}],"replies":[{"embeddable":true,"href":"https:\/\/online-filmkatarzis.com\/kucko\/hirek\/wp-json\/wp\/v2\/comments?post=5209"}],"version-history":[{"count":1,"href":"https:\/\/online-filmkatarzis.com\/kucko\/hirek\/wp-json\/wp\/v2\/posts\/5209\/revisions"}],"predecessor-version":[{"id":5211,"href":"https:\/\/online-filmkatarzis.com\/kucko\/hirek\/wp-json\/wp\/v2\/posts\/5209\/revisions\/5211"}],"wp:featuredmedia":[{"embeddable":true,"href":"https:\/\/online-filmkatarzis.com\/kucko\/hirek\/wp-json\/wp\/v2\/media\/5210"}],"wp:attachment":[{"href":"https:\/\/online-filmkatarzis.com\/kucko\/hirek\/wp-json\/wp\/v2\/media?parent=5209"}],"wp:term":[{"taxonomy":"category","embeddable":true,"href":"https:\/\/online-filmkatarzis.com\/kucko\/hirek\/wp-json\/wp\/v2\/categories?post=5209"},{"taxonomy":"post_tag","embeddable":true,"href":"https:\/\/online-filmkatarzis.com\/kucko\/hirek\/wp-json\/wp\/v2\/tags?post=5209"}],"curies":[{"name":"wp","href":"https:\/\/api.w.org\/{rel}","templated":true}]}}