{"id":5212,"date":"2025-11-23T17:52:18","date_gmt":"2025-11-23T16:52:18","guid":{"rendered":"https:\/\/online-filmkatarzis.com\/kucko\/hirek\/?p=5212"},"modified":"2025-11-23T17:52:18","modified_gmt":"2025-11-23T16:52:18","slug":"becca-egy-korabbi-szereplovel-jott-ossze","status":"publish","type":"post","link":"https:\/\/online-filmkatarzis.com\/kucko\/hirek\/becca-egy-korabbi-szereplovel-jott-ossze\/","title":{"rendered":"Becca egy kor\u00e1bbi szerepl\u0151vel j\u00f6tt \u00f6ssze!"},"content":{"rendered":"<h3>Becc\u00e1t egy m\u00e1sik f\u00e9rfival l\u00e1tt\u00e1k \u2013 r\u00e1ad\u00e1sul egy kor\u00e1bbi \u00e9vados szerepl\u0151vel!<br \/>\nA kommentel\u0151k szerint a titkos tal\u00e1lkoz\u00e1sok sz\u00e1ma egyre n\u0151, \u00e9s a k\u00f6z\u00f6ss\u00e9gi oldalak m\u00e1r tele vannak olyan k\u00e9pekkel, amelyek \u00faj felfedezettj\u00e9r\u0151l sz\u00f3lnak\u2026<br \/>\nA plegyk\u00e1k k\u00f6z\u00e9ppontj\u00e1ban Kabai Andris, az els\u0151 \u00e9vad sokat l\u00e1tott DJ-je \u00e1ll.<br \/>\nAndris \u00e9s Petra h\u00e1zass\u00e1ga ugyan cs\u00fafos v\u00e9get \u00e9rt, k\u00e9s\u0151bbi kapcsolata is z\u00e1tonyra futott \u2013 a n\u00e9z\u0151k szerint viszont most ism\u00e9t fell\u00e1ngolhatott valami, csak \u00e9ppen m\u00e1ssal.<br \/>\nA DJ v\u00e9g\u00fcl megt\u00f6rte a csendet \u00e9s mindent bevallott:<\/h3>\n<h3><span style=\"color: #ff0000;\"><strong>A h\u00edr nem \u00e9rt v\u00e9get! Folytat\u00e1shoz haszn\u00e1ld a K\u00d6VETKEZ\u0150 OLDAL gombot!<\/strong><\/span><\/h3>\n<h3 style=\"text-align: right;\"><a href=\"https:\/\/online-filmkatarzis.com\/kucko\/napiinfok\/?p=5216\" target=\"_blank\" rel=\"noopener\"><span style=\"color: #ff0000;\">&#8212;&gt;&gt; K\u00d6VETKEZ\u0150 OLDAL<\/span><\/a><\/h3>\n<p>&#8211;<\/p>\n<p>Egyszer\u0171 \u00f6tletek, nagyszer\u0171 eredm\u00e9nyek. Az \u00fczemanyagtart\u00e1ly az els\u0151 \u00fcl\u00e9sek al\u00e1 illeszkedik, ami azt jelenti, hogy a Honda Jazz leny\u0171g\u00f6z\u0151 csomagt\u00e9rrel rendelkezik , fel\u00fclm\u00falva a fels\u0151bb kateg\u00f3ri\u00e1j\u00fa modelleket, b\u00e1r a hibrid rendszer helyet em\u00e9szt fel a benzin-elektromos modellekben .<br \/>\nA Honda Jazz sokoldal\u00fa, t\u00f6bbsz\u00f6r\u00f6sen lehajthat\u00f3 \u00fcl\u00e9seket is k\u00edn\u00e1l , de a k\u00fcls\u0151 m\u00e9retek az el\u0151z\u0151 gener\u00e1ci\u00f3s aut\u00f3hoz k\u00e9pest kiss\u00e9 megn\u00f6vekedett \u2013 55 mm-rel hosszabb, 20 mm-rel sz\u00e9lesebb \u00e9s 50 mm-rel nagyobb tengelyt\u00e1v \u2013 r\u00e9v\u00e9n m\u00e9g t\u00f6bb helyet k\u00edn\u00e1l. A Honda igaz\u00e1n mesterien alak\u00edtotta ki a bels\u0151 teret. Hajtsa fel a h\u00e1ts\u00f3 \u00fcl\u00e9seket, hogy egy ker\u00e9kp\u00e1r is elf\u00e9rjen az els\u0151 \u00fcl\u00e9sek m\u00f6g\u00e9, vagy hajtsa le az \u00f6sszes h\u00e1ts\u00f3 \u00fcl\u00e9st, hogy a Jazz egy kis furgonn\u00e1 alakuljon.<br \/>\nAzt\u00e1n ott van az \u00fajdons\u00e1gk\u00e9nt szolg\u00e1l\u00f3 t\u00f6bb poz\u00edci\u00f3ban \u00e1ll\u00edthat\u00f3 kalaptart\u00f3, vagy a Honda nyelv\u00e9n \u201edupla csomagtart\u00f3\u201d, amely az \u00d6n ig\u00e9nyei szerint osztja fel a csomagtart\u00f3t.<\/p>\n<p>Az eur\u00f3pai Honda Civic\u00e9rt felel\u0151s tervez\u0151 \u00e1ltal tervezett Jazz az aut\u00f3 megemelt k\u00f6z\u00e9ps\u0151 motorh\u00e1ztet\u0151j\u00e9t k\u00f6veti , \u00e9s sz\u00f6gletesebb vonalakat alkalmaz, mint el\u0151dje. A hossz \u00e9s a sz\u00e9less\u00e9g n\u00f6vel\u00e9s\u00e9vel, mik\u00f6zben a magass\u00e1g v\u00e1ltozatlan maradt, a Jazz (kiss\u00e9) kev\u00e9sb\u00e9 funkcion\u00e1lisnak \u00e9s dobozosnak t\u0171nik. Ezt a hat\u00e1st er\u0151s\u00edti a meredekebben lejt\u0151s h\u00e1ts\u00f3 tet\u0151vonal \u00e9s az opcion\u00e1lis panor\u00e1matet\u0151.<br \/>\nSoha nem l\u00e1tszott jele egy sportosabb h\u00e1romajt\u00f3s Jazznek, a Honda ragaszkodott a szupermini-ut\u00e1nzat\u00fa egyter\u0171 st\u00edlushoz, amely az \u00e9vek sor\u00e1n olyan j\u00f3l szolg\u00e1lta a modellt \u2013 a Jazz \u00e1lland\u00f3 szerepl\u0151je a legkelend\u0151bb szuperminiknek . A Honda Jazz sokat k\u00f6sz\u00f6nhet a nagyobb Honda Civic \u0171rhaj\u00f3 st\u00edlus\u00fa utaster\u00e9nek , amelynek diz\u00e1jnt\u00e9mai a korm\u00e1nyker\u00e9kben, az \u00edvelt m\u0171szerfalban \u00e9s a vaskos seg\u00e9dkezel\u0151szervekben is megmutatkoznak.<br \/>\nSzerencs\u00e9re, \u00e9s val\u00f3sz\u00edn\u0171leg a Jazz konzervat\u00edv v\u00e1s\u00e1rl\u00f3k\u00f6z\u00f6ns\u00e9g\u00e9nek k\u00f6sz\u00f6nhet\u0151en, a Honda Civic meglehet\u0151sen k\u00fcl\u00f6nc \u00e9s id\u0151nk\u00e9nt zavarba ejt\u0151 bels\u0151 st\u00edlus\u00e1t jelent\u0151sen visszafogt\u00e1k a Jazzben .<br \/>\nAz eredm\u00e9ny egyr\u00e9szt kellemesebb a szemnek, m\u00e1sr\u00e9szt praktikusabb a mindennapi haszn\u00e1latra, mint a Honda Civic ig\u00e9nyes bels\u0151 tere.<\/p>\n","protected":false},"excerpt":{"rendered":"<p>Becc\u00e1t egy m\u00e1sik f\u00e9rfival l\u00e1tt\u00e1k \u2013 r\u00e1ad\u00e1sul egy kor\u00e1bbi \u00e9vados szerepl\u0151vel! A kommentel\u0151k szerint a titkos tal\u00e1lkoz\u00e1sok sz\u00e1ma egyre n\u0151,&#8230; <span class=\"gridview-grid-post-read-more\"><a href=\"https:\/\/online-filmkatarzis.com\/kucko\/hirek\/becca-egy-korabbi-szereplovel-jott-ossze\/\">read more<span class=\"gridview-sr-only\"> Becca egy kor\u00e1bbi szerepl\u0151vel j\u00f6tt \u00f6ssze!<\/span><\/a><\/span><\/p>\n","protected":false},"author":1,"featured_media":5213,"comment_status":"open","ping_status":"open","sticky":false,"template":"","format":"standard","meta":{"footnotes":""},"categories":[1],"tags":[],"class_list":["post-5212","post","type-post","status-publish","format-standard","has-post-thumbnail","hentry","category-egyeb","wpcat-1-id"],"_links":{"self":[{"href":"https:\/\/online-filmkatarzis.com\/kucko\/hirek\/wp-json\/wp\/v2\/posts\/5212","targetHints":{"allow":["GET"]}}],"collection":[{"href":"https:\/\/online-filmkatarzis.com\/kucko\/hirek\/wp-json\/wp\/v2\/posts"}],"about":[{"href":"https:\/\/online-filmkatarzis.com\/kucko\/hirek\/wp-json\/wp\/v2\/types\/post"}],"author":[{"embeddable":true,"href":"https:\/\/online-filmkatarzis.com\/kucko\/hirek\/wp-json\/wp\/v2\/users\/1"}],"replies":[{"embeddable":true,"href":"https:\/\/online-filmkatarzis.com\/kucko\/hirek\/wp-json\/wp\/v2\/comments?post=5212"}],"version-history":[{"count":1,"href":"https:\/\/online-filmkatarzis.com\/kucko\/hirek\/wp-json\/wp\/v2\/posts\/5212\/revisions"}],"predecessor-version":[{"id":5214,"href":"https:\/\/online-filmkatarzis.com\/kucko\/hirek\/wp-json\/wp\/v2\/posts\/5212\/revisions\/5214"}],"wp:featuredmedia":[{"embeddable":true,"href":"https:\/\/online-filmkatarzis.com\/kucko\/hirek\/wp-json\/wp\/v2\/media\/5213"}],"wp:attachment":[{"href":"https:\/\/online-filmkatarzis.com\/kucko\/hirek\/wp-json\/wp\/v2\/media?parent=5212"}],"wp:term":[{"taxonomy":"category","embeddable":true,"href":"https:\/\/online-filmkatarzis.com\/kucko\/hirek\/wp-json\/wp\/v2\/categories?post=5212"},{"taxonomy":"post_tag","embeddable":true,"href":"https:\/\/online-filmkatarzis.com\/kucko\/hirek\/wp-json\/wp\/v2\/tags?post=5212"}],"curies":[{"name":"wp","href":"https:\/\/api.w.org\/{rel}","templated":true}]}}