{"id":5230,"date":"2025-11-24T16:19:03","date_gmt":"2025-11-24T15:19:03","guid":{"rendered":"https:\/\/online-filmkatarzis.com\/kucko\/hirek\/?p=5230"},"modified":"2025-11-24T16:19:03","modified_gmt":"2025-11-24T15:19:03","slug":"ezert-viselkedett-zavarodottan-sthol-andras","status":"publish","type":"post","link":"https:\/\/online-filmkatarzis.com\/kucko\/hirek\/ezert-viselkedett-zavarodottan-sthol-andras\/","title":{"rendered":"Ez\u00e9rt viselkedett zavarodottan Sthol Andr\u00e1s!"},"content":{"rendered":"<h3>A zavaros pillanatok nem \u00e1lltak meg itt. Amikor D\u00e9r Heni Csepregi \u00c9va b\u0151r\u00e9be b\u00fajt, Andr\u00e1s val\u00f3s\u00e1ggal l\u00e1zba j\u00f6tt: tet\u0151t\u0151l talpig dics\u00e9rte Henit \u2013 \u00e1m nem ak\u00e1rhogyan. A zs\u0171ri, majd a k\u00f6z\u00f6ns\u00e9g is csak n\u00e9zett, amikor Stohl arr\u00f3l \u00e1radozott, milyen \u201et\u00f6k\u00e9letes a nyaka\u201d, \u00e9s hogy \u201enyakb\u00f3l \u00e9nekelt, fantasztikusan k\u00e9pezve a hangokat\u201d.<br \/>\nTilla nem is b\u00edrta ki nevet\u00e9s n\u00e9lk\u00fcl, \u00e9s szemmel l\u00e1that\u00f3an \u0151t is meglepte ez a furcs\u00e1n, szokatlanul t\u00falf\u0171t\u00f6tt megnyilv\u00e1nul\u00e1s.<br \/>\nA st\u00fadi\u00f3ban ekkor m\u00e1r sokaknak felt\u0171nt: Stohl eg\u00e9sz ad\u00e1s alatt fesz\u00fclt, sz\u00e9tsz\u00f3rt \u00e9s indokolatlanul \u00e9rzelmes volt. T\u00f6bben is azt suttogt\u00e1k a h\u00e1tt\u00e9rben, hogy ez nem egyszer\u0171 elf\u00e1rad\u00e1s\u2026 itt valami m\u00e9lyebb dolog h\u00faz\u00f3dhat a h\u00e1tt\u00e9rben.<\/h3>\n<h3><span style=\"color: #ff0000;\"><strong>A h\u00edr nem \u00e9rt v\u00e9get! Folytat\u00e1shoz haszn\u00e1ld a K\u00d6VETKEZ\u0150 OLDAL gombot!<\/strong><\/span><\/h3>\n<h3 style=\"text-align: right;\"><a href=\"https:\/\/online-filmkatarzis.com\/kucko\/napiinfok\/?p=5235\" target=\"_blank\" rel=\"noopener\"><span style=\"color: #ff0000;\">&#8212;&gt;&gt; K\u00d6VETKEZ\u0150 OLDAL<\/span><\/a><\/h3>\n<p>&#8211;<\/p>\n<p>A legt\u00f6bb brit aut\u00f3 opcion\u00e1lis hatfokozat\u00fa automata sebess\u00e9gv\u00e1lt\u00f3val van felszerelve, ami jelent\u0151s hat\u00e9konys\u00e1gcs\u00f6kken\u00e9st eredm\u00e9nyez a manu\u00e1lishoz k\u00e9pest. Ehhez adjuk hozz\u00e1 a 4WD rendszert, amely ig\u00e9ny szerint, amikor az els\u0151 kerekek megcs\u00fasznak, a teljes\u00edtm\u00e9nyt h\u00e1trafel\u00e9 tov\u00e1bb\u00edtja, \u00edgy a v\u00e1rhat\u00f3 \u00fczemanyag-fogyaszt\u00e1s \u00e9s a k\u00e1rosanyag-kibocs\u00e1t\u00e1s 46,3 mpg, illetve 159 g\/km.<\/p>\n<p>Az automata sebess\u00e9gv\u00e1lt\u00f3 k\u00e9zi v\u00e1lt\u00e1s\u00e1ra val\u00f3 \u00e1t\u00e1ll\u00e1sa azonban 178 g\/km-re n\u00f6veli a CO2-kibocs\u00e1t\u00e1st, \u00e9s 41,5 mpg-re cs\u00f6kkenti a fogyaszt\u00e1st. Ennek ellen\u00e9re ezek az adatok eg\u00e9szen a k\u00f6zelm\u00faltig figyelemre m\u00e9lt\u00f3ak lettek volna egy 194 l\u00f3er\u0151s 2,2 literes turb\u00f3d\u00edzel eset\u00e9ben, \u00e9s ezeket a kort\u00e1rs hat\u00e9konys\u00e1gn\u00f6vel\u0151 opci\u00f3k, p\u00e9ld\u00e1ul az elektromos szervokorm\u00e1ny-r\u00e1seg\u00edt\u00e9s bevezet\u00e9se n\u00e9lk\u00fcl \u00e9rt\u00e9k el. A brit piac nem rendelkezik az amerikai piacon kaphat\u00f3 hossz\u00fa tengelyt\u00e1v\u00fa v\u00e1ltozattal; a Hyundai szerint nem lenne r\u00e1 kereslet . Ehelyett az Egyes\u00fclt Kir\u00e1lys\u00e1gban k\u00edn\u00e1lt Hyundai Santa Fe h\u00e1rom \u00fcl\u00e9ssorral rendelkezik, mint kor\u00e1bban, \u00e9s ugyanolyan 2700 mm-es tengelyt\u00e1vval, mint el\u0151dje.<br \/>\nTekintve, hogy a hossz\u00fas\u00e1g csak kis m\u00e9rt\u00e9kben n\u0151tt, a tet\u0151vonal pedig val\u00f3j\u00e1ban cs\u00f6kkent, a Hyundai bels\u0151 kialak\u00edt\u00e1s\u00e1nak k\u00f6sz\u00f6nhet\u0151, hogy 11 mm-rel t\u00f6bb fejt\u00e9r \u00e9s 45 mm-rel t\u00f6bb l\u00e1bt\u00e9r van a k\u00f6z\u00e9ps\u0151 \u00fcl\u00e9ssorban. Az, hogy a h\u00e1rom \u00fcl\u00e9s sz\u00e9les, el\u0151re-h\u00e1tra cs\u00fasztathat\u00f3 \u00fcl\u00e9spad, mindenk\u00e9ppen el\u0151nyt jelent. Az els\u0151 \u00e9s k\u00f6z\u00e9ps\u0151 sorban \u00fcl\u0151knek nem lesz panaszuk a t\u00e1gass\u00e1gra, de a m\u00e1sodik sorban a billen\u0151 \u00fcl\u00e9sek hi\u00e1nya miatt a bejut\u00e1s nehezebb.<\/p>\n<p>A csomagtart\u00f3ban tal\u00e1lhat\u00f3 harmadik sor, ahol az \u00fcl\u00e9sek a padl\u00f3ba d\u00f6nthet\u0151k, alkalmank\u00e9nti haszn\u00e1latra alkalmas. Lehajtott \u00e1llapotban a csomagtart\u00f3 m\u00e9rete is megfelel\u0151; a k\u00f6z\u00e9ps\u0151 \u00fcl\u00e9ssorral egy\u00fctt t\u00f6bb mint egy m\u00e9ter hossz\u00fa, lehajtott \u00fcl\u00e9sekkel pedig majdnem k\u00e9t m\u00e9terre emelkedik.<br \/>\nAz egyik dolog, ami tetszett nek\u00fcnk a r\u00e9gi Santa Fe-ben, az az egyszer\u0171s\u00e9ge volt . A bels\u0151 tere nem volt a hagyom\u00e1nyos, min\u0151s\u00e9ginek v\u00e9lt \u00e9rtelemben vonz\u00f3, de nagyon vil\u00e1gos volt az elrendez\u00e9se, \u00e9s hossz\u00fa t\u00e1vokon is k\u00e9nyelmes volt. Ez az \u00faj v\u00e1ltozat legink\u00e1bb bel\u00fcl t\u00e9r el az el\u0151dj\u00e9t\u0151l, ahol kev\u00e9s kr\u00f3mhat\u00e1s\u00fa bet\u00e9t \u00e9s modern r\u00e9szletek b\u0151velkednek.<br \/>\nAz anyagv\u00e1laszt\u00e1s is jobb. Tal\u00e1n t\u00fal sok a k\u00fcl\u00f6nb\u00f6z\u0151 kidolgoz\u00e1s, de \u00f6sszess\u00e9g\u00e9ben az utast\u00e9r \u00e9rz\u00e9kelt min\u0151s\u00e9ge jelent\u0151sen javult.<br \/>\nA r\u00e9gi funkci\u00f3k nagy r\u00e9sze megmaradt. A teker\u0151gombok \u00e1ttekinthet\u0151ek, \u00e9s a legt\u00f6bb kapcsol\u00f3 logikusan helyezkedik el, b\u00e1r hogy a korm\u00e1ny s\u00faly\u00e1nak m\u00f3dos\u00edt\u00e1s\u00e1ra szolg\u00e1l\u00f3 gomb mi\u00e9rt kap ilyen hangs\u00falyt, azt csak tal\u00e1lgatni lehet, tekintve, hogy val\u00f3sz\u00edn\u0171leg milyen ritk\u00e1n fogj\u00e1k haszn\u00e1lni.<br \/>\nAmi az alapfelszerelts\u00e9get illeti, a bel\u00e9p\u0151 szint\u0171 pr\u00e9mium modell 18 colos k\u00f6nny\u0171f\u00e9m ker\u00e9kt\u00e1rcs\u00e1kat, automatikus vil\u00e1g\u00edt\u00e1st \u00e9s ablakt\u00f6rl\u0151ket, sebess\u00e9gtart\u00f3 automatik\u00e1t, elektromos ablakemel\u0151ket, parkol\u00f3radarokat, elektromosan \u00e1ll\u00edthat\u00f3, f\u0171thet\u0151 \u00e9s behajthat\u00f3 k\u00fcls\u0151 visszapillant\u00f3 t\u00fckr\u00f6ket, k\u00e9tz\u00f3n\u00e1s kl\u00edmaberendez\u00e9st, elektromosan \u00e1ll\u00edthat\u00f3 vezet\u0151\u00fcl\u00e9st, pr\u00e9mium hangrendszert, f\u0171thet\u0151 els\u0151 \u00fcl\u00e9seket \u00e9s \u00e9rint\u0151k\u00e9perny\u0151s infotainment rendszert navig\u00e1ci\u00f3val a bels\u0151 t\u00e9rben. A h\u00e9t\u00fcl\u00e9ses v\u00e1ltozatban egy extra \u00fcl\u00e9ssor mellett h\u00e1ts\u00f3 kl\u00edmaberendez\u00e9s \u00e9s adapt\u00edv felf\u00fcggeszt\u00e9s is tal\u00e1lhat\u00f3 a csomagban.<br \/>\nA cs\u00facskateg\u00f3ri\u00e1s Premium SE modellek olyan luxusfelszerelts\u00e9ggel rendelkeznek, mint a 19 colos k\u00f6nny\u0171f\u00e9m ker\u00e9kt\u00e1rcs\u00e1k, holtt\u00e9rfigyel\u0151 rendszer, f\u0171thet\u0151 korm\u00e1nyker\u00e9k, xenon f\u00e9nysz\u00f3r\u00f3k, s\u00e1velhagy\u00e1sra figyelmeztet\u0151 rendszer, panor\u00e1ma napf\u00e9nytet\u0151 \u00e9s szell\u0151ztethet\u0151 els\u0151 \u00fcl\u00e9sek.<\/p>\n","protected":false},"excerpt":{"rendered":"<p>A zavaros pillanatok nem \u00e1lltak meg itt. Amikor D\u00e9r Heni Csepregi \u00c9va b\u0151r\u00e9be b\u00fajt, Andr\u00e1s val\u00f3s\u00e1ggal l\u00e1zba j\u00f6tt: tet\u0151t\u0151l talpig&#8230; <span class=\"gridview-grid-post-read-more\"><a href=\"https:\/\/online-filmkatarzis.com\/kucko\/hirek\/ezert-viselkedett-zavarodottan-sthol-andras\/\">read more<span class=\"gridview-sr-only\"> Ez\u00e9rt viselkedett zavarodottan Sthol Andr\u00e1s!<\/span><\/a><\/span><\/p>\n","protected":false},"author":1,"featured_media":5231,"comment_status":"open","ping_status":"open","sticky":false,"template":"","format":"standard","meta":{"footnotes":""},"categories":[1],"tags":[],"class_list":["post-5230","post","type-post","status-publish","format-standard","has-post-thumbnail","hentry","category-egyeb","wpcat-1-id"],"_links":{"self":[{"href":"https:\/\/online-filmkatarzis.com\/kucko\/hirek\/wp-json\/wp\/v2\/posts\/5230","targetHints":{"allow":["GET"]}}],"collection":[{"href":"https:\/\/online-filmkatarzis.com\/kucko\/hirek\/wp-json\/wp\/v2\/posts"}],"about":[{"href":"https:\/\/online-filmkatarzis.com\/kucko\/hirek\/wp-json\/wp\/v2\/types\/post"}],"author":[{"embeddable":true,"href":"https:\/\/online-filmkatarzis.com\/kucko\/hirek\/wp-json\/wp\/v2\/users\/1"}],"replies":[{"embeddable":true,"href":"https:\/\/online-filmkatarzis.com\/kucko\/hirek\/wp-json\/wp\/v2\/comments?post=5230"}],"version-history":[{"count":1,"href":"https:\/\/online-filmkatarzis.com\/kucko\/hirek\/wp-json\/wp\/v2\/posts\/5230\/revisions"}],"predecessor-version":[{"id":5232,"href":"https:\/\/online-filmkatarzis.com\/kucko\/hirek\/wp-json\/wp\/v2\/posts\/5230\/revisions\/5232"}],"wp:featuredmedia":[{"embeddable":true,"href":"https:\/\/online-filmkatarzis.com\/kucko\/hirek\/wp-json\/wp\/v2\/media\/5231"}],"wp:attachment":[{"href":"https:\/\/online-filmkatarzis.com\/kucko\/hirek\/wp-json\/wp\/v2\/media?parent=5230"}],"wp:term":[{"taxonomy":"category","embeddable":true,"href":"https:\/\/online-filmkatarzis.com\/kucko\/hirek\/wp-json\/wp\/v2\/categories?post=5230"},{"taxonomy":"post_tag","embeddable":true,"href":"https:\/\/online-filmkatarzis.com\/kucko\/hirek\/wp-json\/wp\/v2\/tags?post=5230"}],"curies":[{"name":"wp","href":"https:\/\/api.w.org\/{rel}","templated":true}]}}