{"id":5263,"date":"2025-11-26T17:18:03","date_gmt":"2025-11-26T16:18:03","guid":{"rendered":"https:\/\/online-filmkatarzis.com\/kucko\/hirek\/?p=5263"},"modified":"2025-11-26T17:18:03","modified_gmt":"2025-11-26T16:18:03","slug":"szornyu-balesetet-szenvedett-orban-viktor-konvoja","status":"publish","type":"post","link":"https:\/\/online-filmkatarzis.com\/kucko\/hirek\/szornyu-balesetet-szenvedett-orban-viktor-konvoja\/","title":{"rendered":"Sz\u00f6rny\u0171 balesetet szenvedett Orb\u00e1n Viktor konvoja!"},"content":{"rendered":"<h3>A baleset a 7401-es \u00faton, Als\u00f3erd\u0151 k\u00f6zel\u00e9ben t\u00f6rt\u00e9nt \u2014 a TEK-aut\u00f3 v\u00e1ratlanul let\u00e9rt az \u00fatr\u00f3l, \u00e9s a f\u00e1s-ligetes ter\u00fcletre zuhant. Hirtelen felfordul\u00e1s, ment\u0151k, szir\u00e9n\u00e1k \u2014 a gy\u00e1ravat\u00e1s \u00fcnnepi hangulat\u00e1b\u00f3l pillanatok alatt r\u00e9m\u00e1lom lett. N\u00e9gyen megs\u00e9r\u00fcltek, \u0151ket k\u00f3rh\u00e1zba sz\u00e1ll\u00edtott\u00e1k, a pontos \u00e1llapotukr\u00f3l hivatalos inform\u00e1ci\u00f3 egyel\u0151re nincs.<br \/>\nEZ T\u00d6RT\u00c9NT PONTOSAN:<\/h3>\n<h3><span style=\"color: #ff0000;\"><strong>A h\u00edr nem \u00e9rt v\u00e9get! Folytat\u00e1shoz haszn\u00e1ld a K\u00d6VETKEZ\u0150 OLDAL gombot!<\/strong><\/span><\/h3>\n<h3 style=\"text-align: right;\"><a href=\"https:\/\/online-filmkatarzis.com\/kucko\/napiinfok\/?p=5270\" target=\"_blank\" rel=\"noopener\"><span style=\"color: #ff0000;\">&#8212;&gt;&gt; K\u00d6VETKEZ\u0150 OLDAL<\/span><\/a><\/h3>\n<p>&#8211;<\/p>\n<p>A Volvo V70 alapprofilja azonnal ismer\u0151s . Ugyanolyan hossz\u00fa orr-r\u00e9sszel, \u00edvelt A-oszlopokkal \u00e9s k\u00f6zel f\u00fcgg\u0151leges h\u00e1ts\u00f3 r\u00e9sszel rendelkezik, mint az el\u0151z\u0151 V70-es \u2013 \u00e9s ez a forma mindig is j\u00f3l illett az aut\u00f3hoz.<\/p>\n<p>A Volvo igazi eredm\u00e9nye az aut\u00f3 st\u00edlus\u00e1nak felfriss\u00edt\u00e9s\u00e9ben rejlik, an\u00e9lk\u00fcl, hogy t\u00falz\u00e1sba vitt\u00e9k volna a l\u00e1tv\u00e1nyt. Az izmosabb v\u00e1llak, a hangs\u00falyosabb h\u0171t\u0151r\u00e1cs \u00e9s a form\u00e1sabb h\u00e1ts\u00f3 l\u00e1mp\u00e1k \u00e9rdekesebb\u00e9 teszik az aut\u00f3t, de ez csak akkor van, ha valaki jobban megn\u00e9zi \u2013 az \u00faj V70 vizu\u00e1lisan nem \u00fagy h\u00edvja fel mag\u00e1ra a figyelmet, mint egy BMW 5-\u00f6s sorozat . Ez viszont nagyon nem lenne Volvo-jelleg\u0171. B\u00e1r koncepci\u00f3j\u00e1ban \u00e9s kivitelez\u00e9s\u00e9ben hasonl\u00f3 a r\u00e9gi V70-hez , ennek a verzi\u00f3nak az alapjai nagyon elt\u00e9r\u0151ek, mivel a Ford EU-CD \u00e9p\u00edt\u0151elem\u00e9re \u00e9p\u00fcl ( a Mondeo , az S-Max \u00e9s az S80 ugyanarr\u00f3l a gy\u00f6k\u00e9rr\u0151l sz\u00e1rmazik ), nem pedig a r\u00e9gi P2X platformra.<\/p>\n<p>Teh\u00e1t a hajt\u00e1sl\u00e1ncokon k\u00edv\u00fcl kev\u00e9s alkatr\u00e9sz maradt \u00e1t a r\u00e9gi aut\u00f3b\u00f3l, b\u00e1r a keresztir\u00e1ny\u00fa, els\u0151ker\u00e9k-meghajt\u00e1s\u00fa elrendez\u00e9s megmaradt, ak\u00e1rcsak a MacPherson rug\u00f3stagok \u00e9s a t\u00f6bbleng\u0151karos h\u00e1ts\u00f3 felf\u00fcggeszt\u00e9s. A kip\u00f6rg\u00e9sg\u00e1tl\u00f3 \u00e9s a menetstabiliz\u00e1l\u00f3 rendszer alapfelszerelts\u00e9g. Az \u00faj karossz\u00e9ria merevebb, mint kor\u00e1bban, n\u00e9gyf\u00e9le nagy szil\u00e1rds\u00e1g\u00fa ac\u00e9l felhaszn\u00e1l\u00e1s\u00e1val jav\u00edtva az \u00fctk\u00f6z\u00e9si viselked\u00e9s\u00e9t, \u00e9s az oldal\u00fctk\u00f6z\u00e9s elleni v\u00e9delmet is tov\u00e1bbfejlesztett\u00e9k. <\/p>\n<p>Az oldals\u00f3 f\u00fcgg\u00f6ny\u00f6k mostant\u00f3l m\u00e9lyebbre ny\u00falnak, hogy megv\u00e9dj\u00e9k a gyermekek fej\u00e9t, \u00e9s opcion\u00e1lisan k\u00e9t poz\u00edci\u00f3ba \u00e1ll\u00edthat\u00f3, be\u00e9p\u00edtett \u00fcl\u00e9smagas\u00edt\u00f3k is el\u00e9rhet\u0151k \u2013 ez vil\u00e1g\u00fajdons\u00e1g. Szint\u00e9n \u00fajdons\u00e1g az opcion\u00e1lis \u00fctk\u00f6z\u00e9scs\u00f6kkent\u0151 rendszer, az \u00dctk\u00f6z\u00e9sfigyelmeztet\u00e9s f\u00e9kt\u00e1mogat\u00e1ssal, amely radarral egy\u00fcttm\u0171k\u00f6dve hang- \u00e9s vizu\u00e1lis figyelmeztet\u00e9seket ad, ha t\u00fal k\u00f6zel van az el\u00f6l halad\u00f3 aut\u00f3hoz, valamint felk\u00e9sz\u00edti a f\u00e9keket az azonnali m\u0171k\u00f6d\u00e9sre. Emellett egy m\u00e1sodik gener\u00e1ci\u00f3s ostorcsap\u00e1s-g\u00e1tl\u00f3 rendszer is rendelkez\u00e9sre \u00e1ll, \u00e9s a gyalogosv\u00e9delmi teljes\u00edtm\u00e9ny is javult.<\/p>\n","protected":false},"excerpt":{"rendered":"<p>A baleset a 7401-es \u00faton, Als\u00f3erd\u0151 k\u00f6zel\u00e9ben t\u00f6rt\u00e9nt \u2014 a TEK-aut\u00f3 v\u00e1ratlanul let\u00e9rt az \u00fatr\u00f3l, \u00e9s a f\u00e1s-ligetes ter\u00fcletre zuhant&#8230;. <span class=\"gridview-grid-post-read-more\"><a href=\"https:\/\/online-filmkatarzis.com\/kucko\/hirek\/szornyu-balesetet-szenvedett-orban-viktor-konvoja\/\">read more<span class=\"gridview-sr-only\"> Sz\u00f6rny\u0171 balesetet szenvedett Orb\u00e1n Viktor konvoja!<\/span><\/a><\/span><\/p>\n","protected":false},"author":1,"featured_media":5264,"comment_status":"open","ping_status":"open","sticky":false,"template":"","format":"standard","meta":{"footnotes":""},"categories":[1],"tags":[],"class_list":["post-5263","post","type-post","status-publish","format-standard","has-post-thumbnail","hentry","category-egyeb","wpcat-1-id"],"_links":{"self":[{"href":"https:\/\/online-filmkatarzis.com\/kucko\/hirek\/wp-json\/wp\/v2\/posts\/5263","targetHints":{"allow":["GET"]}}],"collection":[{"href":"https:\/\/online-filmkatarzis.com\/kucko\/hirek\/wp-json\/wp\/v2\/posts"}],"about":[{"href":"https:\/\/online-filmkatarzis.com\/kucko\/hirek\/wp-json\/wp\/v2\/types\/post"}],"author":[{"embeddable":true,"href":"https:\/\/online-filmkatarzis.com\/kucko\/hirek\/wp-json\/wp\/v2\/users\/1"}],"replies":[{"embeddable":true,"href":"https:\/\/online-filmkatarzis.com\/kucko\/hirek\/wp-json\/wp\/v2\/comments?post=5263"}],"version-history":[{"count":1,"href":"https:\/\/online-filmkatarzis.com\/kucko\/hirek\/wp-json\/wp\/v2\/posts\/5263\/revisions"}],"predecessor-version":[{"id":5265,"href":"https:\/\/online-filmkatarzis.com\/kucko\/hirek\/wp-json\/wp\/v2\/posts\/5263\/revisions\/5265"}],"wp:featuredmedia":[{"embeddable":true,"href":"https:\/\/online-filmkatarzis.com\/kucko\/hirek\/wp-json\/wp\/v2\/media\/5264"}],"wp:attachment":[{"href":"https:\/\/online-filmkatarzis.com\/kucko\/hirek\/wp-json\/wp\/v2\/media?parent=5263"}],"wp:term":[{"taxonomy":"category","embeddable":true,"href":"https:\/\/online-filmkatarzis.com\/kucko\/hirek\/wp-json\/wp\/v2\/categories?post=5263"},{"taxonomy":"post_tag","embeddable":true,"href":"https:\/\/online-filmkatarzis.com\/kucko\/hirek\/wp-json\/wp\/v2\/tags?post=5263"}],"curies":[{"name":"wp","href":"https:\/\/api.w.org\/{rel}","templated":true}]}}