{"id":5308,"date":"2025-11-29T19:14:27","date_gmt":"2025-11-29T18:14:27","guid":{"rendered":"https:\/\/online-filmkatarzis.com\/kucko\/hirek\/?p=5308"},"modified":"2025-11-29T19:14:27","modified_gmt":"2025-11-29T18:14:27","slug":"orokre-elbucsuzott-devenyi-tibi-bacsi","status":"publish","type":"post","link":"https:\/\/online-filmkatarzis.com\/kucko\/hirek\/orokre-elbucsuzott-devenyi-tibi-bacsi\/","title":{"rendered":"\u00d6r\u00f6kre elb\u00facs\u00fazott D\u00e9v\u00e9nyi Tibi b\u00e1csi"},"content":{"rendered":"<h3>D\u00e9v\u00e9nyi Tibor h\u00f3napok \u00f3ta komoly eg\u00e9szs\u00e9g\u00fcgyi k\u00fczdelmeket v\u00edv. A j\u00f6v\u0151 febru\u00e1rban 79 \u00e9ves ikon minden erej\u00e9t a rehabilit\u00e1ci\u00f3ra ford\u00edtja, m\u00e9gis \u00fagy t\u0171nik, \u00e1llapota egyre nehezebb\u00e9 teszi sz\u00e1m\u00e1ra a h\u00e9tk\u00f6znapokat.<br \/>\n\u201eM\u00e1r nem \u00fcnnepl\u00fcnk\u2026 az eg\u00e9szs\u00e9g a legfontosabb\u201d \u2013 mondta szomor\u00faan, amikor h\u00e1zass\u00e1gi \u00e9vfordul\u00f3j\u00e1r\u00f3l k\u00e9rdezt\u00e9k. A rendszeres g\u00e9pi kezel\u00e9sek, a gy\u00f3gytorna \u00e9s a kr\u00f3nikus l\u00e1bprobl\u00e9m\u00e1k teljesen fel\u0151r\u00f6lt\u00e9k energi\u00e1it.<br \/>\nOrvosa sem kecsegteti rem\u00e9nnyel: a bot \u00f6r\u00f6kk\u00e9 vele marad, \u00e9s a hosszabb utaz\u00e1soknak, fell\u00e9p\u00e9seknek v\u00e9gleg b\u00facs\u00fat mondhat.<br \/>\nA rajong\u00f3k tov\u00e1bb v\u00e1rn\u00e1nak r\u00e1, h\u00edvn\u00e1k fell\u00e9p\u00e9sekre, de Tibi b\u00e1csi m\u00e1r nem az a pezsg\u0151 \u00e9letet \u00e9l\u0151 legenda, aki egykor volt.<br \/>\nMI\u00c9RT NEM L\u00c1THATJUK T\u00d6BB\u00c9? A SZOMOR\u00da IGAZS\u00c1G KIDER\u00dcLT\u2026<\/h3>\n<h3><span style=\"color: #ff0000;\"><strong>A h\u00edr nem \u00e9rt v\u00e9get! Folytat\u00e1shoz haszn\u00e1ld a K\u00d6VETKEZ\u0150 OLDAL gombot!<\/strong><\/span><\/h3>\n<h3 style=\"text-align: right;\"><a href=\"https:\/\/online-filmkatarzis.com\/kucko\/napiinfok\/?p=5315\" target=\"_blank\" rel=\"noopener\"><span style=\"color: #ff0000;\">&#8212;&gt;&gt; K\u00d6VETKEZ\u0150 OLDAL<\/span><\/a><\/h3>\n<p>&#8211;<\/p>\n<p>A f\u00e9nyes fel\u00fcletek \u2013 p\u00e9ld\u00e1ul az els\u0151 s\u00e1rv\u00e9d\u0151n v\u00e9gigfut\u00f3 kr\u00f3mcs\u00edk \u2013 szelekt\u00edv haszn\u00e1lata n\u00e9mileg diszkr\u00e9t kacsint\u00e1s a pr\u00e9mium kateg\u00f3ri\u00e1s v\u00e1s\u00e1rl\u00f3k fel\u00e9, b\u00e1r a Koleos igazi figyelemfelkelt\u0151je vitathatatlanul a fizikai m\u00e9rete.<br \/>\n4672 mm-es hossz\u00e1val a modell jelent\u0151sen hosszabb, mint egy \u00e1tlagos modern, t\u00f6meggy\u00e1rt\u00e1s\u00fa SUV, \u00e9s enyhe meglepet\u00e9sk\u00e9nt \u00e9r, hogy a bels\u0151 t\u00e9r szigor\u00faan \u00f6t \u00fcl\u00e9sre korl\u00e1toz\u00f3dik h\u00e9t helyett.<br \/>\nAz alatta l\u00e9v\u0151 modul\u00e1ris platformot minden bizonnyal a csomagtart\u00f3ba szerelhet\u0151 p\u00f3t\u00fcl\u00e9sek megtervez\u00e9s\u00e9vel tervezt\u00e9k. V\u00e9g\u00fcl is ugyanaz a CMF-C\/D architekt\u00fara, amely a Nissan X-Trail (\u00e9s az Espace \u00e9s a Renault Scenic) alapj\u00e1t k\u00e9pezi.<\/p>\n<p>Itt rejlik a Renault szem\u00e9lysz\u00e1ll\u00edt\u00e1si probl\u00e9m\u00e1ja: m\u00e1r forgalmaznak egy befutott h\u00e9tszem\u00e9lyes aut\u00f3t az Egyes\u00fclt Kir\u00e1lys\u00e1gban, \u00e9s a Renault nem szeretn\u00e9, ha a Grand Scenic elad\u00e1sait cs\u00f6kkenten\u00e9.<\/p>\n<p>K\u00f6vetkez\u00e9sk\u00e9ppen a Koleost ink\u00e1bb egy fels\u0151kateg\u00f3ri\u00e1s szed\u00e1n k\u00edv\u00e1natos m\u00f3dj\u00e1ra nagym\u00e9ret\u0171k\u00e9nt, mintsem egy t\u00e1gas ig\u00e1sl\u00f3k\u00e9nt rekl\u00e1mozz\u00e1k.<br \/>\nAk\u00e1rhogy is van, a modell nem ker\u00fcli el a szok\u00e1sos munk\u00e1smotor-v\u00e1laszt\u00e9kot. Csak k\u00e9tf\u00e9le motor k\u00f6z\u00fcl lehet v\u00e1lasztani, mindkett\u0151 d\u00edzel \u00e9s mindk\u00e9t n\u00e9gyhengeres. A 128 l\u00f3er\u0151s 1,6 literes dCi motor a sz\u00e9riatartoz\u00e9k hatfokozat\u00fa manu\u00e1lis sebess\u00e9gv\u00e1lt\u00f3val eg\u00e9sz\u00edti ki a k\u00edn\u00e1latot, \u00e9s kiz\u00e1r\u00f3lag az els\u0151 tengelyt hajtja.<br \/>\nA dr\u00e1g\u00e1bb, 175 l\u00f3er\u0151s, 2,0 literes dCi motorhoz manu\u00e1lis vagy CVT automata sebess\u00e9gv\u00e1lt\u00f3 is rendelhet\u0151 , de mindkett\u0151 a Renault All Mode 4&#215;4-i \u00f6sszker\u00e9khajt\u00e1s\u00fa rendszer\u00e9t hajtja. Ezt a verzi\u00f3t opcion\u00e1lis X-Tronic CVT sebess\u00e9gv\u00e1lt\u00f3val tesztelt\u00fck.<br \/>\nHa mindez ismer\u0151sen hangzik, az az\u00e9rt van, mert a motorok, a sebess\u00e9gv\u00e1lt\u00f3k \u00e9s a n\u00e9gyker\u00e9k-meghajt\u00e1s\u00fa rendszer is megegyezik az X-Traillel \u2013 ak\u00e1rcsak az els\u0151 MacPherson rug\u00f3stagok \u00e9s a h\u00e1ts\u00f3 t\u00f6bbleng\u0151karos felf\u00fcggeszt\u00e9s.<\/p>\n","protected":false},"excerpt":{"rendered":"<p>D\u00e9v\u00e9nyi Tibor h\u00f3napok \u00f3ta komoly eg\u00e9szs\u00e9g\u00fcgyi k\u00fczdelmeket v\u00edv. A j\u00f6v\u0151 febru\u00e1rban 79 \u00e9ves ikon minden erej\u00e9t a rehabilit\u00e1ci\u00f3ra ford\u00edtja, m\u00e9gis&#8230; <span class=\"gridview-grid-post-read-more\"><a href=\"https:\/\/online-filmkatarzis.com\/kucko\/hirek\/orokre-elbucsuzott-devenyi-tibi-bacsi\/\">read more<span class=\"gridview-sr-only\"> \u00d6r\u00f6kre elb\u00facs\u00fazott D\u00e9v\u00e9nyi Tibi b\u00e1csi<\/span><\/a><\/span><\/p>\n","protected":false},"author":1,"featured_media":5309,"comment_status":"open","ping_status":"open","sticky":false,"template":"","format":"standard","meta":{"footnotes":""},"categories":[1],"tags":[],"class_list":["post-5308","post","type-post","status-publish","format-standard","has-post-thumbnail","hentry","category-egyeb","wpcat-1-id"],"_links":{"self":[{"href":"https:\/\/online-filmkatarzis.com\/kucko\/hirek\/wp-json\/wp\/v2\/posts\/5308","targetHints":{"allow":["GET"]}}],"collection":[{"href":"https:\/\/online-filmkatarzis.com\/kucko\/hirek\/wp-json\/wp\/v2\/posts"}],"about":[{"href":"https:\/\/online-filmkatarzis.com\/kucko\/hirek\/wp-json\/wp\/v2\/types\/post"}],"author":[{"embeddable":true,"href":"https:\/\/online-filmkatarzis.com\/kucko\/hirek\/wp-json\/wp\/v2\/users\/1"}],"replies":[{"embeddable":true,"href":"https:\/\/online-filmkatarzis.com\/kucko\/hirek\/wp-json\/wp\/v2\/comments?post=5308"}],"version-history":[{"count":1,"href":"https:\/\/online-filmkatarzis.com\/kucko\/hirek\/wp-json\/wp\/v2\/posts\/5308\/revisions"}],"predecessor-version":[{"id":5310,"href":"https:\/\/online-filmkatarzis.com\/kucko\/hirek\/wp-json\/wp\/v2\/posts\/5308\/revisions\/5310"}],"wp:featuredmedia":[{"embeddable":true,"href":"https:\/\/online-filmkatarzis.com\/kucko\/hirek\/wp-json\/wp\/v2\/media\/5309"}],"wp:attachment":[{"href":"https:\/\/online-filmkatarzis.com\/kucko\/hirek\/wp-json\/wp\/v2\/media?parent=5308"}],"wp:term":[{"taxonomy":"category","embeddable":true,"href":"https:\/\/online-filmkatarzis.com\/kucko\/hirek\/wp-json\/wp\/v2\/categories?post=5308"},{"taxonomy":"post_tag","embeddable":true,"href":"https:\/\/online-filmkatarzis.com\/kucko\/hirek\/wp-json\/wp\/v2\/tags?post=5308"}],"curies":[{"name":"wp","href":"https:\/\/api.w.org\/{rel}","templated":true}]}}