{"id":5338,"date":"2025-12-01T18:08:49","date_gmt":"2025-12-01T17:08:49","guid":{"rendered":"https:\/\/online-filmkatarzis.com\/kucko\/hirek\/?p=5338"},"modified":"2025-12-01T18:08:49","modified_gmt":"2025-12-01T17:08:49","slug":"igy-talaltak-ra-kalloy-molnar-peterre","status":"publish","type":"post","link":"https:\/\/online-filmkatarzis.com\/kucko\/hirek\/igy-talaltak-ra-kalloy-molnar-peterre\/","title":{"rendered":"\u00cdgy tal\u00e1ltak r\u00e1 K\u00e1lloy Moln\u00e1r P\u00e9terre"},"content":{"rendered":"<h3>Nagyon gyenge, kisz\u00e1radt, \u00e9s sokat vesz\u00edtett a tests\u00faly\u00e1b\u00f3l. Az \u00e1llapota napr\u00f3l napra romlott. A koll\u00e9g\u00e1k \u00e9s a k\u00f6zeli bar\u00e1tok agg\u00f3dva k\u00e9rdez\u0151sk\u00f6dtek r\u00f3la, de egyre kevesebb inform\u00e1ci\u00f3 jutott el hozz\u00e1juk \u2014 a csal\u00e1d is csendben maradt. A hirtelen fogy\u00e1s \u00e9s a gyors leroml\u00e1s mindent el\u0151revet\u00edtett\u2026 de akkor m\u00e9g senki nem akarta kimondani a kimondhatatlant.<br \/>\n\u00cdgy tal\u00e1ltak r\u00e1 K\u00e1lloy Moln\u00e1r P\u00e9terre! MUTATJUK A R\u00c9SZLETEKET!<\/h3>\n<h3><span style=\"color: #ff0000;\"><strong>A h\u00edr nem \u00e9rt v\u00e9get! Folytat\u00e1shoz haszn\u00e1ld a K\u00d6VETKEZ\u0150 OLDAL gombot!<\/strong><\/span><\/h3>\n<h3 style=\"text-align: right;\"><a href=\"https:\/\/online-filmkatarzis.com\/kucko\/napiinfok\/?p=5345\" target=\"_blank\" rel=\"noopener\"><span style=\"color: #ff0000;\">&#8212;&gt;&gt; K\u00d6VETKEZ\u0150 OLDAL<\/span><\/a><\/h3>\n<p>&#8211;<\/p>\n<p>Mivel a Soul EV egy bels\u0151 \u00e9g\u00e9s\u0171 motorral hajtott adapt\u00e1ci\u00f3 volt , az e-Niro tekinthet\u0151 a Kia els\u0151, kifejezetten elektromos aut\u00f3j\u00e1nak ; b\u00e1r mivel a Kia Niro hibrid \u00e9s plug-in hibrid v\u00e1ltozatai is kaphat\u00f3k, ez a gondolat kiss\u00e9 aggaszt\u00f3nak t\u0171nhet.<\/p>\n<p>Ez\u00e9rt tal\u00e1n hasznosabb elmagyar\u00e1zni, hogy mind a Niro, mind az e-Niro egy tiszta lapr\u00f3l indul\u00f3 platformra \u00e9p\u00fcl, amely elektromos, plug-in hibrid \u00e9s hibrid hajt\u00e1sl\u00e1nc-opci\u00f3kat is k\u00e9pes fogadni. A h\u00e1rom k\u00f6z\u00fcl az e-Niro k\u00edn\u00e1lja a legnagyobb teljes\u00edtm\u00e9nyt \u00e9s a legjobb \u00e1ll\u00edt\u00f3lagos teljes\u00edtm\u00e9nystatisztik\u00e1kat, \u00e1ra pedig a PHEV verzi\u00f3hoz k\u00e9pest k\u00f6r\u00fclbel\u00fcl 20%-kal magasabb, mint amit egy teljes\u00edtm\u00e9nyhangol\u00e1s\u00fa ferdeh\u00e1t\u00fat\u00f3l elv\u00e1rn\u00e1nk egy k\u00f6z\u00e9pkateg\u00f3ri\u00e1s modellhez k\u00e9pest. Az e-Niro 64 kWh-s meghajt\u00f3akkumul\u00e1torral rendelkezik, amelynek k\u00e9t \u00e9s f\u00e9lszerese a t\u00e1rol\u00f3kapacit\u00e1sa, mint a Soul EV-nek \u00f6t \u00e9vvel ezel\u0151tt; ami jelenleg jelent\u0151sen t\u00f6bb, mint amit a hasonl\u00f3 \u00e1r\u00fa elektromos j\u00e1rm\u0171vek t\u00f6bbs\u00e9ge k\u00edn\u00e1l. Mivel ez egy c\u00e9lzottan elektromos aut\u00f3, az akkumul\u00e1tor a tengelyek k\u00f6z\u00f6tt \u00e9s az utast\u00e9r padl\u00f3ja alatt tal\u00e1lhat\u00f3, ahol nem befoly\u00e1solja negat\u00edvan az aut\u00f3 t\u00e1rol\u00f3hely\u00e9t vagy s\u00falyeloszl\u00e1s\u00e1t. A folyad\u00e9kh\u0171t\u00e9ses l\u00edtium-ion akkumul\u00e1tor \u00f6nmag\u00e1ban 457 kg-ot nyom, ami egy olyan aut\u00f3t jelent, amelynek saj\u00e1t t\u00f6mege valamivel meghaladja az 1,8 tonn\u00e1t \u2013 \u00e9s amit mi valamivel enn\u00e9l a k\u00fcsz\u00f6b\u00e9rt\u00e9kn\u00e9l alacsonyabbnak m\u00e9rt\u00fcnk.<\/p>\n<p>Ez term\u00e9szetesen k\u00fcl\u00f6n\u00f6sen neh\u00e9zz\u00e9 teszi egy olyan aut\u00f3hoz k\u00e9pest, amely m\u00e9ret\u00e9t tekintve valahol a Kia Ceed \u00e9s a Kia Sportage k\u00f6z\u00f6tt helyezkedik el \u2013 sz\u00f3val j\u00f3, hogy a Kia nem felejtette el be\u00e9p\u00edteni egy olyan motort, amely k\u00e9pes k\u00f6nnyed\u00e9n mozgatni ezt a t\u00f6meget. Az e-Niro v\u00e1ltakoz\u00f3 \u00e1ram\u00fa szinkron villanymotorja k\u00f6zvetlen\u00fcl, fix \u00e1tt\u00e9telen kereszt\u00fcl hajtja az aut\u00f3 els\u0151 kerekeit, de 201 l\u00f3er\u0151s cs\u00facsteljes\u00edtm\u00e9nyt \u00e9s 350 Nm nyomat\u00e9kot produk\u00e1l. Ami, a feltev\u00e9s kedv\u00e9\u00e9rt, jobb teljes\u00edtm\u00e9ny-t\u00f6meg ar\u00e1nyt eredm\u00e9nyez, mint egy Seat Ateca 1.5 TSI FR, \u00e9s nagyobb nyomat\u00e9kot ad a t\u00f6meghez k\u00e9pest, mint egy-k\u00e9t als\u00f3bb rend\u0171 ferdeh\u00e1t\u00fa, amit csak eml\u00edthetn\u00e9nk.<\/p>\n<p>Az aut\u00f3 felf\u00fcggeszt\u00e9s\u00e9t el\u00f6l MacPherson rug\u00f3stagok, h\u00e1tul pedig t\u00f6bbleng\u0151karos rendszer biztos\u00edtja. Az egyetlen el\u00e9rhet\u0151 opci\u00f3 a 215-\u00f6s profil\u00fa gumiabroncsokkal szerelt, tizenh\u00e9t colos k\u00f6nny\u0171f\u00e9m ker\u00e9kt\u00e1rcs\u00e1k \u2013 \u00e9s b\u00e1r ut\u00f3bbiak m\u00e9rete megegyezik a tavaly tesztelt, rokon Hyundai Kona Electric modellen tal\u00e1lhat\u00f3akkal , Michelin, nem pedig Nexen abroncsokkal rendelkeznek. Mivel a Hyundai tapad\u00e1sa \u00e9s von\u00f3ereje megk\u00e9rd\u0151jelezhet\u0151 volt, ez fontos megjegyz\u00e9s lehet.<\/p>\n","protected":false},"excerpt":{"rendered":"<p>Nagyon gyenge, kisz\u00e1radt, \u00e9s sokat vesz\u00edtett a tests\u00faly\u00e1b\u00f3l. Az \u00e1llapota napr\u00f3l napra romlott. A koll\u00e9g\u00e1k \u00e9s a k\u00f6zeli bar\u00e1tok agg\u00f3dva&#8230; <span class=\"gridview-grid-post-read-more\"><a href=\"https:\/\/online-filmkatarzis.com\/kucko\/hirek\/igy-talaltak-ra-kalloy-molnar-peterre\/\">read more<span class=\"gridview-sr-only\"> \u00cdgy tal\u00e1ltak r\u00e1 K\u00e1lloy Moln\u00e1r P\u00e9terre<\/span><\/a><\/span><\/p>\n","protected":false},"author":1,"featured_media":5339,"comment_status":"open","ping_status":"open","sticky":false,"template":"","format":"standard","meta":{"footnotes":""},"categories":[1],"tags":[],"class_list":["post-5338","post","type-post","status-publish","format-standard","has-post-thumbnail","hentry","category-egyeb","wpcat-1-id"],"_links":{"self":[{"href":"https:\/\/online-filmkatarzis.com\/kucko\/hirek\/wp-json\/wp\/v2\/posts\/5338","targetHints":{"allow":["GET"]}}],"collection":[{"href":"https:\/\/online-filmkatarzis.com\/kucko\/hirek\/wp-json\/wp\/v2\/posts"}],"about":[{"href":"https:\/\/online-filmkatarzis.com\/kucko\/hirek\/wp-json\/wp\/v2\/types\/post"}],"author":[{"embeddable":true,"href":"https:\/\/online-filmkatarzis.com\/kucko\/hirek\/wp-json\/wp\/v2\/users\/1"}],"replies":[{"embeddable":true,"href":"https:\/\/online-filmkatarzis.com\/kucko\/hirek\/wp-json\/wp\/v2\/comments?post=5338"}],"version-history":[{"count":1,"href":"https:\/\/online-filmkatarzis.com\/kucko\/hirek\/wp-json\/wp\/v2\/posts\/5338\/revisions"}],"predecessor-version":[{"id":5340,"href":"https:\/\/online-filmkatarzis.com\/kucko\/hirek\/wp-json\/wp\/v2\/posts\/5338\/revisions\/5340"}],"wp:featuredmedia":[{"embeddable":true,"href":"https:\/\/online-filmkatarzis.com\/kucko\/hirek\/wp-json\/wp\/v2\/media\/5339"}],"wp:attachment":[{"href":"https:\/\/online-filmkatarzis.com\/kucko\/hirek\/wp-json\/wp\/v2\/media?parent=5338"}],"wp:term":[{"taxonomy":"category","embeddable":true,"href":"https:\/\/online-filmkatarzis.com\/kucko\/hirek\/wp-json\/wp\/v2\/categories?post=5338"},{"taxonomy":"post_tag","embeddable":true,"href":"https:\/\/online-filmkatarzis.com\/kucko\/hirek\/wp-json\/wp\/v2\/tags?post=5338"}],"curies":[{"name":"wp","href":"https:\/\/api.w.org\/{rel}","templated":true}]}}