{"id":5352,"date":"2025-12-02T17:10:20","date_gmt":"2025-12-02T16:10:20","guid":{"rendered":"https:\/\/online-filmkatarzis.com\/kucko\/hirek\/?p=5352"},"modified":"2025-12-02T17:10:20","modified_gmt":"2025-12-02T16:10:20","slug":"feketebe-borult-vasvari-vivien-oldala","status":"publish","type":"post","link":"https:\/\/online-filmkatarzis.com\/kucko\/hirek\/feketebe-borult-vasvari-vivien-oldala\/","title":{"rendered":"Feket\u00e9be borult Vasv\u00e1ri Vivien oldala!"},"content":{"rendered":"<h3>A komor hangulat\u00fa poszt alatt elindult a m\u00e1sodik hull\u00e1m: sokan adventi megeml\u00e9kez\u00e9sre gyanakodtak.<br \/>\n\u201eElvet\u00e9lt, volt az els\u0151 gondolatom\u2026 de lehet, hogy az adventhez kapcsol\u00f3dik.\u201d \u2014 \u00edrta valaki.<br \/>\nM\u00e1sok szerint Vivi a Kar\u00e1csony el\u0151tti l\u00e9lekcsendre, az elcsendesed\u00e9sre akart utalni. A gyertya emiatt sokak szem\u00e9ben ink\u00e1bb \u00fcnnepi, mint tragikus jel volt \u2014 de a fekete h\u00e1tt\u00e9r tov\u00e1bbra sem hagyta nyugodni a k\u00f6vet\u0151ket.<br \/>\nEgy kommentel\u0151 \u00edgy fogalmazott:<br \/>\n\u201eF\u00fa, ez olyan, mint amikor valaki feket\u00e9re v\u00e1ltja a profilk\u00e9p\u00e9t\u2026 ott mindig van valami a h\u00e1tt\u00e9rben.\u201d<br \/>\nVivi Trag\u00e9di\u00e1ja:<\/h3>\n<h3><span style=\"color: #ff0000;\"><strong>A h\u00edr nem \u00e9rt v\u00e9get! Folytat\u00e1shoz haszn\u00e1ld a K\u00d6VETKEZ\u0150 OLDAL gombot!<\/strong><\/span><\/h3>\n<h3 style=\"text-align: right;\"><a href=\"https:\/\/online-filmkatarzis.com\/kucko\/napiinfok\/?p=5358\" target=\"_blank\" rel=\"noopener\"><span style=\"color: #ff0000;\">&#8212;&gt;&gt; K\u00d6VETKEZ\u0150 OLDAL<\/span><\/a><\/h3>\n<p>&#8211;<\/p>\n<p>Specifik\u00e1ci\u00f3 tekintet\u00e9ben a Hyundai a Nexo egyetlen v\u00e1ltozat\u00e1t k\u00edn\u00e1lja: a Premium SE-t. A luxusmodellnek sz\u00e1nt modell egyetlen ilyen v\u00e1ltozatak\u00e9nt az alapfelszerelts\u00e9g igen b\u0151kez\u0171. Tartalmaz f\u0171thet\u0151 \u00e9s szell\u0151ztethet\u0151 \u00fcl\u00e9seket; teljes infotainment csomagot navig\u00e1ci\u00f3val, DAB r\u00e1di\u00f3val, Apple CarPlay-jel \u00e9s Android Auto-val; pr\u00e9mium Krell audiorendszert; veg\u00e1n \u201eb\u0151r\u201d k\u00e1rpitot; napf\u00e9nytet\u0151t \u00e9s m\u00e9g sok m\u00e1st.<\/p>\n<p>A Hyundai a biztons\u00e1gi funkci\u00f3k ter\u00e9n sem sp\u00f3rolt, az akt\u00edv rendszerek teljes sk\u00e1l\u00e1ja, mint p\u00e9ld\u00e1ul a holtt\u00e9r-\u00e9szlel\u0151, az auton\u00f3m v\u00e9szf\u00e9kez\u00e9s \u00e9s az els\u0151 \u00fctk\u00f6z\u00e9sre figyelmeztet\u0151 rendszer, mind hozz\u00e1j\u00e1rultak az \u00f6tcsillagos Euro NCAP biztons\u00e1gi besorol\u00e1shoz. Az emelked\u0151 \u00f6vvonal tal\u00e1lkozik a lejt\u0151s tet\u0151vonallal, ami egy adag csillog\u00e1st k\u00f6lcs\u00f6n\u00f6z az aut\u00f3nak, a viszonylag egyszer\u0171 sziluettet pedig aerodinamikai elemek d\u00edsz\u00edtik. Az els\u0151 l\u00f6kh\u00e1r\u00edt\u00f3ban \u00e9s a D-oszlopban tal\u00e1lhat\u00f3 l\u00e9gcsatorn\u00e1k seg\u00edtik a leveg\u0151 \u00e1raml\u00e1s\u00e1t a karossz\u00e9ria k\u00f6r\u00fcl, a peng\u00e9zett 19 colos kerekek \u00e9s a behajthat\u00f3 ajt\u00f3kilincsek pedig az aut\u00f3 l\u00e9gellen\u00e1ll\u00e1si egy\u00fctthat\u00f3j\u00e1nak cs\u00f6kkent\u00e9s\u00e9t szolg\u00e1lj\u00e1k. Az aut\u00f3kateg\u00f3ri\u00e1ra n\u00e9zve rendk\u00edv\u00fcl szokatlan m\u00f3don a Nexo teljesen lapos alv\u00e1zzal rendelkezik, ism\u00e9t a l\u00e9gellen\u00e1ll\u00e1s cs\u00f6kkent\u00e9se \u00e9rdek\u00e9ben. A karossz\u00e9ria alatt, a h\u00e1ts\u00f3 tengely k\u00e9t oldal\u00e1n h\u00e1rom tart\u00e1ly tal\u00e1lhat\u00f3 \u2013 kor\u00e1bban \u201et\u00falm\u00e9retezett b\u00fav\u00e1rpalackoknak\u201d nevezt\u00fck \u0151ket \u2013, \u00f6sszesen 157 literes \u0171rtartalommal. Ezeket a h\u00e1ts\u00f3 ker\u00e9kj\u00e1rati \u00edv feletti ny\u00edl\u00e1son kereszt\u00fcl t\u00f6ltik fel, \u00e9s ak\u00e1r 700 bar nyom\u00e1son \u00f6sszesen 6,3 kg hidrog\u00e9nt t\u00e1rolnak, amelyet a k\u00f6rnyezeti leveg\u0151 oxig\u00e9nj\u00e9vel egy\u00fctt egy \u00fczemanyagcella-k\u00f6tegen vezetnek \u00e1t. A keletkez\u0151 k\u00e9miai reakci\u00f3 csak h\u0151t, elektromos \u00e1ramot \u00e9s vizet termel, amely a h\u00e1ts\u00f3 l\u00f6kh\u00e1r\u00edt\u00f3 alatti kipufog\u00f3cs\u00facson kereszt\u00fcl t\u00e1vozik.<\/p>\n<p>Maga az \u00fczemanyagcella-k\u00f6teg \u2013 amely egy an\u00f3db\u00f3l, egy kat\u00f3db\u00f3l \u00e9s egy polimer elektrolit membr\u00e1nb\u00f3l \u00e1ll \u2013 a \u201emotorh\u00e1zban\u201d helyezkedik el, egy 161 l\u00f3er\u0151s villanymotorral egy\u00fctt, amely a termelt \u00e1rammal hajtja az els\u0151 kerekeket. A hajt\u00e1sl\u00e1nc utols\u00f3 eleme egy 1,56 kWh-s l\u00edtium-ion akkumul\u00e1tor, amely a regenerat\u00edv f\u00e9kez\u00e9sb\u0151l sz\u00e1rmaz\u00f3 energi\u00e1t t\u00e1rolja, \u00e9s sz\u00fcks\u00e9g eset\u00e9n visszat\u00e1pl\u00e1lja a villanymotorba. Mindezek a hardverek \u00fajak az ix35-b\u0151l , r\u00e1ad\u00e1sul az \u00fczemanyagcella-k\u00f6teget a Hyundai tervezte \u00e9s gy\u00e1rtotta, nem pedig k\u00fcls\u0151leg.<\/p>\n","protected":false},"excerpt":{"rendered":"<p>A komor hangulat\u00fa poszt alatt elindult a m\u00e1sodik hull\u00e1m: sokan adventi megeml\u00e9kez\u00e9sre gyanakodtak. \u201eElvet\u00e9lt, volt az els\u0151 gondolatom\u2026 de lehet,&#8230; <span class=\"gridview-grid-post-read-more\"><a href=\"https:\/\/online-filmkatarzis.com\/kucko\/hirek\/feketebe-borult-vasvari-vivien-oldala\/\">read more<span class=\"gridview-sr-only\"> Feket\u00e9be borult Vasv\u00e1ri Vivien oldala!<\/span><\/a><\/span><\/p>\n","protected":false},"author":1,"featured_media":5355,"comment_status":"open","ping_status":"open","sticky":false,"template":"","format":"standard","meta":{"footnotes":""},"categories":[1],"tags":[],"class_list":["post-5352","post","type-post","status-publish","format-standard","has-post-thumbnail","hentry","category-egyeb","wpcat-1-id"],"_links":{"self":[{"href":"https:\/\/online-filmkatarzis.com\/kucko\/hirek\/wp-json\/wp\/v2\/posts\/5352","targetHints":{"allow":["GET"]}}],"collection":[{"href":"https:\/\/online-filmkatarzis.com\/kucko\/hirek\/wp-json\/wp\/v2\/posts"}],"about":[{"href":"https:\/\/online-filmkatarzis.com\/kucko\/hirek\/wp-json\/wp\/v2\/types\/post"}],"author":[{"embeddable":true,"href":"https:\/\/online-filmkatarzis.com\/kucko\/hirek\/wp-json\/wp\/v2\/users\/1"}],"replies":[{"embeddable":true,"href":"https:\/\/online-filmkatarzis.com\/kucko\/hirek\/wp-json\/wp\/v2\/comments?post=5352"}],"version-history":[{"count":1,"href":"https:\/\/online-filmkatarzis.com\/kucko\/hirek\/wp-json\/wp\/v2\/posts\/5352\/revisions"}],"predecessor-version":[{"id":5356,"href":"https:\/\/online-filmkatarzis.com\/kucko\/hirek\/wp-json\/wp\/v2\/posts\/5352\/revisions\/5356"}],"wp:featuredmedia":[{"embeddable":true,"href":"https:\/\/online-filmkatarzis.com\/kucko\/hirek\/wp-json\/wp\/v2\/media\/5355"}],"wp:attachment":[{"href":"https:\/\/online-filmkatarzis.com\/kucko\/hirek\/wp-json\/wp\/v2\/media?parent=5352"}],"wp:term":[{"taxonomy":"category","embeddable":true,"href":"https:\/\/online-filmkatarzis.com\/kucko\/hirek\/wp-json\/wp\/v2\/categories?post=5352"},{"taxonomy":"post_tag","embeddable":true,"href":"https:\/\/online-filmkatarzis.com\/kucko\/hirek\/wp-json\/wp\/v2\/tags?post=5352"}],"curies":[{"name":"wp","href":"https:\/\/api.w.org\/{rel}","templated":true}]}}