{"id":5400,"date":"2025-12-05T17:26:49","date_gmt":"2025-12-05T16:26:49","guid":{"rendered":"https:\/\/online-filmkatarzis.com\/kucko\/hirek\/?p=5400"},"modified":"2025-12-05T17:26:58","modified_gmt":"2025-12-05T16:26:58","slug":"ezert-ugrott-ki-az-erkelyrol-a-diak-tokajban","status":"publish","type":"post","link":"https:\/\/online-filmkatarzis.com\/kucko\/hirek\/ezert-ugrott-ki-az-erkelyrol-a-diak-tokajban\/","title":{"rendered":"Ez\u00e9rt ugrott ki az erk\u00e9lyr\u0151l a di\u00e1k Tokajban!"},"content":{"rendered":"<h3>A k\u00f6z\u00f6ss\u00e9gi m\u00e9di\u00e1ban \u00e9rkez\u0151 k\u00e9rd\u00e9sek szinte robban\u00e1sszer\u0171en szaporodtak, mindenki v\u00e1laszt v\u00e1rt.<br \/>\nV\u00e9g\u00fcl azonban nem az iskola, nem is egy ismer\u0151s, hanem maga az \u00e9desanya t\u00f6rte meg a csendet \u2013 egyetlen, sz\u00edvszaggat\u00f3an \u0151szinte \u00fczenettel.<br \/>\n\u201eNem sz\u00e9gyen. Kiugrott az erk\u00e9lyr\u0151l. Nem tudom, mi\u00e9rt tette.\u201d \u2013 \u00edrta, majd hozz\u00e1tette: \u201eAnya volt, aki v\u00e1laszolt.\u201d<br \/>\nEzek a sorok dermedt cs\u00f6ndet hagytak maguk ut\u00e1n.<br \/>\nA csal\u00e1d maga sem \u00e9rti, mi vezethette a fi\u00fat a v\u00e9gzetes d\u00f6nt\u00e9shez.<br \/>\nA magyar\u00e1zat hi\u00e1nya sz\u00e1zszor f\u00e1jdalmasabb\u00e1 tette a trag\u00e9di\u00e1t.<br \/>\nMi vihet r\u00e1 egy fiatal, tisztelettud\u00f3, szorgalmas di\u00e1kot, hogy ekkora l\u00e9p\u00e9st tegyen? Valami kider\u00fclt:<\/h3>\n<h3><span style=\"color: #ff0000;\"><strong>A h\u00edr nem \u00e9rt v\u00e9get! Folytat\u00e1shoz haszn\u00e1ld a K\u00d6VETKEZ\u0150 OLDAL gombot!<\/strong><\/span><\/h3>\n<h3 style=\"text-align: right;\"><a href=\"https:\/\/online-filmkatarzis.com\/kucko\/napiinfok\/?p=5407\" target=\"_blank\" rel=\"noopener\"><span style=\"color: #ff0000;\">&#8212;&gt;&gt; K\u00d6VETKEZ\u0150 OLDAL<\/span><\/a><\/h3>\n<p>&#8211;<\/p>\n<p>Ez seg\u00edt megmagyar\u00e1zni, mi\u00e9rt lehetne ezt az aut\u00f3t \u00f6sszet\u00e9veszteni egy k\u00fcl\u00f6n\u00f6sen kecses Volvo S90 kup\u00e9val, ha egy\u00e1ltal\u00e1n l\u00e9tezne ilyen aut\u00f3. Sz\u00e1nd\u00e9kosan visszafogott eszt\u00e9tik\u00e1val rendelkezik a 139 000 fontba ker\u00fcl\u0151 egzotikus grand tourerek m\u00e9rc\u00e9j\u00e9hez k\u00e9pest; de ne t\u00e9vedj\u00fcnk, m\u00e9g a legt\u00f6bb riv\u00e1lis\u00e1n\u00e1l is egzotikusabb, olyan panelek bor\u00edt\u00e1sa alatt, amelyek szinte mindegyike s\u00falycs\u00f6kkent\u0151 sz\u00e9nsz\u00e1llal er\u0151s\u00edtett polimerb\u0151l k\u00e9sz\u00fclt.<\/p>\n<p>A Volvo teljes eg\u00e9sz\u00e9ben ac\u00e9lb\u00f3l k\u00e9sz\u00fclt SPA platformj\u00e1t az 1-es modell alapj\u00e1ul alak\u00edtott\u00e1k \u00e1t, de ez a folyamat mag\u00e1ban foglalta az alv\u00e1z tengelyek k\u00f6z\u00f6tti lebont\u00e1s\u00e1t; egy \u00faj, \u201eszitak\u00f6t\u0151nek\u201d nevezett sz\u00e9nsz\u00e1las r\u00e9sszel val\u00f3 meger\u0151s\u00edt\u00e9s\u00e9t; majd az aut\u00f3 fels\u0151 szerkezet\u00e9nek karbonsz\u00e1las oszlopokkal, spir\u00e1lokkal \u00e9s tet\u0151vel val\u00f3 cser\u00e9j\u00e9t. A k\u00e9sz 1-es ennek eredm\u00e9nyek\u00e9nt mintegy 230 kg-mal k\u00f6nnyebb, mintha teljes eg\u00e9sz\u00e9ben ac\u00e9lb\u00f3l k\u00e9sz\u00fclt volna. Alacsonyabb a s\u00falypontja, \u00e9s mintegy 45%-kal nagyobb a torzi\u00f3s merevs\u00e9ge. \u00c9s m\u00e9gis, ez nem egy k\u00f6nny\u0171 aut\u00f3; s\u0151t, tal\u00e1n ez a legambici\u00f3zusabb m\u0171szaki plug-in hibrid, amit a piac valaha l\u00e1tott, benzinmotorral, nem kevesebb, mint h\u00e1rom k\u00fcl\u00f6n\u00e1ll\u00f3 villanymotorral, h\u00e1rom k\u00fcl\u00f6n\u00e1ll\u00f3 sebess\u00e9gv\u00e1lt\u00f3val \u00e9s egy h\u00e1romszor akkora kapacit\u00e1s\u00fa l\u00edtium-ion meghajt\u00f3 akkumul\u00e1torral, mint a BMW i8-ban . Tesztaut\u00f3nkat valamivel kevesebbre m\u00e9rt\u00fck, mint a Polestar \u00e1ltal k\u00f6zz\u00e9tett saj\u00e1t t\u00f6meg, de folyad\u00e9kokkal egy\u00fctt m\u00e9g mindig 2327 kg.<\/p>\n<p>A Polestar szerint az aut\u00f3 els\u0151dleges hajt\u00e1sa a dupla ERAD, azaz k\u00e9tmotoros elektromos h\u00e1ts\u00f3tengely-hajt\u00e1s. A Volvo T8 jelz\u00e9s\u0171 PHEV-jeivel ellent\u00e9tben ebben k\u00e9t 114 l\u00f3er\u0151s villanymotor tal\u00e1lhat\u00f3 a h\u00e1ts\u00f3 tengely k\u00f6r\u00fcl, amelyek mindegyike egy-egy h\u00e1ts\u00f3 kereket hajt a saj\u00e1t bolyg\u00f3m\u0171ves v\u00e1lt\u00f3j\u00e1n kereszt\u00fcl. Mechanikailag ez lehet\u0151v\u00e9 teszi a megfelel\u0151 aszimmetrikus nyomat\u00e9kvektor-eloszt\u00e1st olyan m\u00f3don, amelyet eddig kev\u00e9s hibrid vagy elektromos j\u00e1rm\u0171 tudott biztos\u00edtani.<\/p>\n<p>Az elektromos motorok energi\u00e1j\u00e1t k\u00e9t l\u00edtium-ion akkumul\u00e1torcsomag biztos\u00edtja, az egyik a h\u00e1ts\u00f3 tengely felett, a m\u00e1sik pedig az aut\u00f3 kard\u00e1nalag\u00fatj\u00e1ban tal\u00e1lhat\u00f3, \u00f6sszesen 34 kWh energiat\u00e1rol\u00f3val. Ez elegend\u0151 egy WLTP szabv\u00e1ny szerinti, 123 kilom\u00e9teres, tiszt\u00e1n elektromos hat\u00f3t\u00e1vols\u00e1ghoz. R\u00e1ad\u00e1sul az akkumul\u00e1torok egy 50 kWh-s egyen\u00e1ram\u00fa t\u00e1pegys\u00e9gr\u0151l kevesebb mint egy \u00f3ra alatt gyorsan felt\u00f6lthet\u0151k egy \u00fat k\u00f6zben.<\/p>\n","protected":false},"excerpt":{"rendered":"<p>A k\u00f6z\u00f6ss\u00e9gi m\u00e9di\u00e1ban \u00e9rkez\u0151 k\u00e9rd\u00e9sek szinte robban\u00e1sszer\u0171en szaporodtak, mindenki v\u00e1laszt v\u00e1rt. V\u00e9g\u00fcl azonban nem az iskola, nem is egy ismer\u0151s,&#8230; <span class=\"gridview-grid-post-read-more\"><a href=\"https:\/\/online-filmkatarzis.com\/kucko\/hirek\/ezert-ugrott-ki-az-erkelyrol-a-diak-tokajban\/\">read more<span class=\"gridview-sr-only\"> Ez\u00e9rt ugrott ki az erk\u00e9lyr\u0151l a di\u00e1k Tokajban!<\/span><\/a><\/span><\/p>\n","protected":false},"author":1,"featured_media":5402,"comment_status":"open","ping_status":"open","sticky":false,"template":"","format":"standard","meta":{"footnotes":""},"categories":[1],"tags":[],"class_list":["post-5400","post","type-post","status-publish","format-standard","has-post-thumbnail","hentry","category-egyeb","wpcat-1-id"],"_links":{"self":[{"href":"https:\/\/online-filmkatarzis.com\/kucko\/hirek\/wp-json\/wp\/v2\/posts\/5400","targetHints":{"allow":["GET"]}}],"collection":[{"href":"https:\/\/online-filmkatarzis.com\/kucko\/hirek\/wp-json\/wp\/v2\/posts"}],"about":[{"href":"https:\/\/online-filmkatarzis.com\/kucko\/hirek\/wp-json\/wp\/v2\/types\/post"}],"author":[{"embeddable":true,"href":"https:\/\/online-filmkatarzis.com\/kucko\/hirek\/wp-json\/wp\/v2\/users\/1"}],"replies":[{"embeddable":true,"href":"https:\/\/online-filmkatarzis.com\/kucko\/hirek\/wp-json\/wp\/v2\/comments?post=5400"}],"version-history":[{"count":2,"href":"https:\/\/online-filmkatarzis.com\/kucko\/hirek\/wp-json\/wp\/v2\/posts\/5400\/revisions"}],"predecessor-version":[{"id":5404,"href":"https:\/\/online-filmkatarzis.com\/kucko\/hirek\/wp-json\/wp\/v2\/posts\/5400\/revisions\/5404"}],"wp:featuredmedia":[{"embeddable":true,"href":"https:\/\/online-filmkatarzis.com\/kucko\/hirek\/wp-json\/wp\/v2\/media\/5402"}],"wp:attachment":[{"href":"https:\/\/online-filmkatarzis.com\/kucko\/hirek\/wp-json\/wp\/v2\/media?parent=5400"}],"wp:term":[{"taxonomy":"category","embeddable":true,"href":"https:\/\/online-filmkatarzis.com\/kucko\/hirek\/wp-json\/wp\/v2\/categories?post=5400"},{"taxonomy":"post_tag","embeddable":true,"href":"https:\/\/online-filmkatarzis.com\/kucko\/hirek\/wp-json\/wp\/v2\/tags?post=5400"}],"curies":[{"name":"wp","href":"https:\/\/api.w.org\/{rel}","templated":true}]}}