{"id":5431,"date":"2025-12-07T16:01:38","date_gmt":"2025-12-07T15:01:38","guid":{"rendered":"https:\/\/online-filmkatarzis.com\/kucko\/hirek\/?p=5431"},"modified":"2025-12-07T16:01:38","modified_gmt":"2025-12-07T15:01:38","slug":"felesegevel-egyutt-akart-eltavozni-az-idos-bacsi","status":"publish","type":"post","link":"https:\/\/online-filmkatarzis.com\/kucko\/hirek\/felesegevel-egyutt-akart-eltavozni-az-idos-bacsi\/","title":{"rendered":"Feles\u00e9g\u00e9vel egy\u00fctt akart elt\u00e1vozni az id\u0151s b\u00e1csi"},"content":{"rendered":"<h3>A t\u00f6rt\u00e9ntek ezen pontj\u00e1ig a b\u00edr\u00f3s\u00e1g is \u00fagy l\u00e1tta: k\u00f6z\u00f6s d\u00f6nt\u00e9s volt, amit ketten terveztek meg. \u00c1m amikor Erika m\u00e9g \u00e9lt, \u00e9s Istv\u00e1n \u2013 saj\u00e1t elmond\u00e1sa szerint kusza eml\u00e9kek k\u00f6z\u00f6tt \u2013 &#8222;seg\u00edtett neki, a jog szerint m\u00e1r \u00e1tl\u00e9pte azt a hat\u00e1rt, amit a t\u00f6rv\u00e9ny nem enged meg.<br \/>\nEzut\u00e1n a f\u00e9rfi is pr\u00f3b\u00e1lt \u201eelt\u0171nni a vil\u00e1gb\u00f3l\u201d: t\u00f6bb sz\/r\/st ejtett mag\u00e1n, majd \u00f6sszeroskadt a szoba csendj\u00e9ben. K\u00e9t nap telt el \u00edgy. K\u00e9t v\u00e9gtelen\u00fcl hossz\u00fa nap.<br \/>\nA fordulatot az egyik szomsz\u00e9d hozta el, aki a n\u00e1la l\u00e9v\u0151 kulccsal bement, mert rossz \u00e9rz\u00e9se nem hagyta nyugodni\u2026 \u00e9s ott tal\u00e1lta a k\u00e9t id\u0151s embert \u2013 egyiket m\u00e1r h0ltan, m\u00e1sikat m\u00e9g \u00e9pp \u00e9letben.<br \/>\nA b\u00edr\u00f3s\u00e1g v\u00e9g\u00fcl kimondta:<\/h3>\n<h3><span style=\"color: #ff0000;\"><strong>A h\u00edr nem \u00e9rt v\u00e9get! Folytat\u00e1shoz haszn\u00e1ld a K\u00d6VETKEZ\u0150 OLDAL gombot!<\/strong><\/span><\/h3>\n<h3 style=\"text-align: right;\"><a href=\"https:\/\/online-filmkatarzis.com\/kucko\/napiinfok\/?p=5435\" target=\"_blank\" rel=\"noopener\"><span style=\"color: #ff0000;\">&#8212;&gt;&gt; K\u00d6VETKEZ\u0150 OLDAL<\/span><\/a><\/h3>\n<p>&#8211;<\/p>\n<p>A mi szem\u00fcnkben az ut\u00f3bbi id\u0151ben sz\u00e1mos remek megjelen\u00e9s\u0171 kombi \u00e9s mutat\u00f3s Peugeot jelent meg . \u00cdgy nem meglep\u0151, hogy m\u00e9g a feh\u00e9r sz\u00ednben is, amely nem mutatja a karossz\u00e9ria \u00edveit \u00e9s a mer\u00e9szebb, f\u00e9nyvisszaver\u0151bb met\u00e1lf\u00e9ny\u0171 \u00e1rnyalatot, el\u00e9g \u00fct\u0151s. Ennek alapjai azt jelentik, hogy egy hagyom\u00e1nyos, t\u00f6bbnyire ac\u00e9l monocoque aut\u00f3r\u00f3l van sz\u00f3, el\u00f6l MacPherson rug\u00f3stagos, h\u00e1tul pedig t\u00f6bbleng\u0151karos felf\u00fcggeszt\u00e9ssel. Ami megk\u00fcl\u00f6nb\u00f6zteti m\u00e1s aut\u00f3gy\u00e1rt\u00f3k platformjait\u00f3l, \u00e9s megk\u00fcl\u00f6nb\u00f6zteti a PSA kisaut\u00f3-platformj\u00e1t\u00f3l, az az elektromos hajt\u00e1s m\u00f3dja. A kis Peugeot-k bels\u0151 \u00e9g\u00e9s\u0171 motorral vagy teljesen akkumul\u00e1toros elektromos hajt\u00e1s\u00faak lesznek. Az EMP2 szerkezet bels\u0151 \u00e9g\u00e9s\u0171 motorral vagy plug-in hibrid.<\/p>\n<p>Ez ut\u00f3bbir\u00f3l van sz\u00f3, amint azt a rendk\u00edv\u00fcl hossz\u00fa neve is sugallja \u2013 508 SW Hybrid 225 e-EAT8 S&#038;S Allure. Ez azt jelenti, hogy el\u00f6l egy 1,6 literes, turb\u00f3felt\u00f6lt\u0151s, n\u00e9gyhengeres motor tal\u00e1lhat\u00f3, keresztben elhelyezve, \u00e9s egy nyolcfokozat\u00fa automata sebess\u00e9gv\u00e1lt\u00f3n kereszt\u00fcl hajtja az els\u0151 kerekeket.<\/p>\n<p>\u00d6nmag\u00e1ban 178 l\u00f3er\u0151t \u00e9s 300 Nm nyomat\u00e9kot ad le, de ezt kieg\u00e9sz\u00edti egy 109 l\u00f3er\u0151s villanymotor is, amely a motor \u00e9s a sebess\u00e9gv\u00e1lt\u00f3 k\u00f6z\u00e9 van integr\u00e1lva, \u00edgy n\u00e9vlegesen 222 l\u00f3er\u0151s \u00f6sszteljes\u00edtm\u00e9nyt biztos\u00edt az els\u0151 kerekeken kereszt\u00fcl, \u00e9s meghat\u00e1rozatlan maxim\u00e1lis nyomat\u00e9kot, mivel a k\u00e9t cs\u00facs nem egyszerre \u00e9rkezik.<\/p>\n","protected":false},"excerpt":{"rendered":"<p>A t\u00f6rt\u00e9ntek ezen pontj\u00e1ig a b\u00edr\u00f3s\u00e1g is \u00fagy l\u00e1tta: k\u00f6z\u00f6s d\u00f6nt\u00e9s volt, amit ketten terveztek meg. \u00c1m amikor Erika m\u00e9g&#8230; <span class=\"gridview-grid-post-read-more\"><a href=\"https:\/\/online-filmkatarzis.com\/kucko\/hirek\/felesegevel-egyutt-akart-eltavozni-az-idos-bacsi\/\">read more<span class=\"gridview-sr-only\"> Feles\u00e9g\u00e9vel egy\u00fctt akart elt\u00e1vozni az id\u0151s b\u00e1csi<\/span><\/a><\/span><\/p>\n","protected":false},"author":1,"featured_media":5432,"comment_status":"open","ping_status":"open","sticky":false,"template":"","format":"standard","meta":{"footnotes":""},"categories":[1],"tags":[],"class_list":["post-5431","post","type-post","status-publish","format-standard","has-post-thumbnail","hentry","category-egyeb","wpcat-1-id"],"_links":{"self":[{"href":"https:\/\/online-filmkatarzis.com\/kucko\/hirek\/wp-json\/wp\/v2\/posts\/5431","targetHints":{"allow":["GET"]}}],"collection":[{"href":"https:\/\/online-filmkatarzis.com\/kucko\/hirek\/wp-json\/wp\/v2\/posts"}],"about":[{"href":"https:\/\/online-filmkatarzis.com\/kucko\/hirek\/wp-json\/wp\/v2\/types\/post"}],"author":[{"embeddable":true,"href":"https:\/\/online-filmkatarzis.com\/kucko\/hirek\/wp-json\/wp\/v2\/users\/1"}],"replies":[{"embeddable":true,"href":"https:\/\/online-filmkatarzis.com\/kucko\/hirek\/wp-json\/wp\/v2\/comments?post=5431"}],"version-history":[{"count":1,"href":"https:\/\/online-filmkatarzis.com\/kucko\/hirek\/wp-json\/wp\/v2\/posts\/5431\/revisions"}],"predecessor-version":[{"id":5433,"href":"https:\/\/online-filmkatarzis.com\/kucko\/hirek\/wp-json\/wp\/v2\/posts\/5431\/revisions\/5433"}],"wp:featuredmedia":[{"embeddable":true,"href":"https:\/\/online-filmkatarzis.com\/kucko\/hirek\/wp-json\/wp\/v2\/media\/5432"}],"wp:attachment":[{"href":"https:\/\/online-filmkatarzis.com\/kucko\/hirek\/wp-json\/wp\/v2\/media?parent=5431"}],"wp:term":[{"taxonomy":"category","embeddable":true,"href":"https:\/\/online-filmkatarzis.com\/kucko\/hirek\/wp-json\/wp\/v2\/categories?post=5431"},{"taxonomy":"post_tag","embeddable":true,"href":"https:\/\/online-filmkatarzis.com\/kucko\/hirek\/wp-json\/wp\/v2\/tags?post=5431"}],"curies":[{"name":"wp","href":"https:\/\/api.w.org\/{rel}","templated":true}]}}