{"id":5459,"date":"2025-12-08T17:25:35","date_gmt":"2025-12-08T16:25:35","guid":{"rendered":"https:\/\/online-filmkatarzis.com\/kucko\/hirek\/?p=5459"},"modified":"2025-12-08T17:25:35","modified_gmt":"2025-12-08T16:25:35","slug":"ennyivel-csokkent-a-tisza-elonye","status":"publish","type":"post","link":"https:\/\/online-filmkatarzis.com\/kucko\/hirek\/ennyivel-csokkent-a-tisza-elonye\/","title":{"rendered":"Ennyivel cs\u00f6kkent a Tisza el\u0151nye!"},"content":{"rendered":"<h3>B\u00e1r a Tisza t\u00e1mogatotts\u00e1ga cs\u00f6kkent, a Fidesz\u00e9 pedig n\u0151tt, m\u00e9g Magyar P\u00e9ter p\u00e1rtja \u00e1ll az \u00e9len, de j\u00f3l sz\u00f3l\u00edtja meg a bizonytalanokat Orb\u00e1n Viktor ez hat\u00e1rozottan l\u00e1tszik a sz\u00e1mokon! Orb\u00e1n Viktor \u00e9s Magyar P\u00e9ter k\u00f6z\u00f6tt holtverseny van a vezet\u0151i alkalmass\u00e1got illet\u0151en. A kisebb p\u00e1rtok szavaz\u00f3in\u00e1l \u00e9s a bizonytalanokn\u00e1l jelent\u0151s elmozdul\u00e1s t\u00f6rt\u00e9nt: Orb\u00e1n Viktor meg\u00edt\u00e9l\u00e9se javult, Magyar P\u00e9ter\u00e9 cs\u00f6kkent.\u00a0 MUTATJUK A SZ\u00c1MADATOKAT!<\/h3>\n<h3><span style=\"color: #ff0000;\"><strong>A h\u00edr nem \u00e9rt v\u00e9get! Folytat\u00e1shoz haszn\u00e1ld a K\u00d6VETKEZ\u0150 OLDAL gombot!<\/strong><\/span><\/h3>\n<h3 style=\"text-align: right;\"><a href=\"https:\/\/online-filmkatarzis.com\/kucko\/napiinfok\/?p=5463\" target=\"_blank\" rel=\"noopener\"><span style=\"color: #ff0000;\">&#8212;&gt;&gt; K\u00d6VETKEZ\u0150 OLDAL<\/span><\/a><\/h3>\n<p>&#8211;<\/p>\n<p>A KGM alacsony \u00e9rt\u00e9kes\u00edt\u00e9si volumen\u00e9nek k\u00f6sz\u00f6nhet\u0151en nem kell agg\u00f3dnia a ZEV-mand\u00e1tum vagy az elektromos \u00e9rt\u00e9kes\u00edt\u00e9si c\u00e9lsz\u00e1mok miatt, \u00edgy az Actyon eset\u00e9ben egyetlen tiszt\u00e1n benzines motorral ragadtak le. Nincs semmilyen hibridiz\u00e1ci\u00f3 \u2013 nemhogy villamos\u00edt\u00e1s \u2013, \u00e9s ez bizony f\u00e1jdalmasan l\u00e1tszik a fogyaszt\u00e1si adatokon. A hivatalos 33,1 mpg jelent\u0151sen elmarad a legjobb benzines SUV-okt\u00f3l. L\u00e9tezik egy hibrid v\u00e1ltozat a nemzetk\u00f6zi piacokon, de arr\u00f3l m\u00e9g nincs h\u00edr, hogy az Egyes\u00fclt Kir\u00e1lys\u00e1gba is meg\u00e9rkezik-e.<\/p>\n<p>A n\u00e9gy sz\u00e9ls\u0151 \u00fcl\u00e9s mindegyike nagy, k\u00e9nyelmes \u00e9s j\u00f3l form\u00e1zott, \u00edgy hosszabb utak sor\u00e1n is kellemes t\u00e1rsuk lesz az utasoknak. K\u00fcl\u00f6n\u00f6sen az els\u0151 \u00fcl\u00e9sek ny\u00fajtanak val\u00f3di t\u00faraaut\u00f3s \u00e9rzetet, k\u00e9nyelmes tart\u00e1ssal \u00e9s puha p\u00e1rn\u00e1z\u00e1ssal. A k\u00f6z\u00e9ps\u0151, el\u00f6l elhelyezett kart\u00e1masz is ig\u00e9nyes, puha b\u0151rrel bor\u00edtott, amely alatt egy j\u00f3l haszn\u00e1lhat\u00f3 t\u00e1rol\u00f3rekesz kapott helyet, \u00e9s itt tal\u00e1lhat\u00f3 a vezet\u00e9k n\u00e9lk\u00fcli telefont\u00f6lt\u0151 pad is. El\u00f6l emellett k\u00e9t poh\u00e1rtart\u00f3, egy \u00fcgyes kis d\u00f6nt\u00f6tt t\u00e1rol\u00f3rekesz, valamint egy nagy, nyitott pakol\u00f3fel\u00fclet h\u00faz\u00f3dik meg a kart\u00e1masz alatt, ahol a mindennapi apr\u00f3s\u00e1gokat k\u00f6nny\u0171 elhelyezni.<\/p>\n<p>Az ajt\u00f3zsebek el\u00e9g nagyok ahhoz, hogy ak\u00e1r egy m\u00e9retes palackot is elnyeljenek, azonban az ezekhez haszn\u00e1lt m\u0171anyagok olcs\u00f3bb hat\u00e1s\u00faak, \u00e9s nem kaptak bels\u0151 bor\u00edt\u00e1st. Emiatt minden, amit ide tesz az ember, cs\u00faszk\u00e1lni \u00e9s z\u00f6r\u00f6gni kezd, ami rontja az \u00f6sszhat\u00e1st. J\u00f3l \u00e9rezhet\u0151 a k\u00fcl\u00f6nbs\u00e9g a belt\u00e9r fels\u0151 \u00e9s als\u00f3 r\u00e9sze k\u00f6z\u00f6tt: fel\u00fcl meglep\u0151en magas min\u0151s\u00e9g fogad, ami messze fel\u00fclm\u00falja azt, amit ett\u0151l a m\u00e1rk\u00e1t\u00f3l \u00e9s \u00e1rkateg\u00f3ri\u00e1t\u00f3l v\u00e1rn\u00e1nk, m\u00edg alul a kem\u00e9nyebb, olcs\u00f3bb m\u0171anyag domin\u00e1l.<\/p>\n","protected":false},"excerpt":{"rendered":"<p>B\u00e1r a Tisza t\u00e1mogatotts\u00e1ga cs\u00f6kkent, a Fidesz\u00e9 pedig n\u0151tt, m\u00e9g Magyar P\u00e9ter p\u00e1rtja \u00e1ll az \u00e9len, de j\u00f3l sz\u00f3l\u00edtja meg&#8230; <span class=\"gridview-grid-post-read-more\"><a href=\"https:\/\/online-filmkatarzis.com\/kucko\/hirek\/ennyivel-csokkent-a-tisza-elonye\/\">read more<span class=\"gridview-sr-only\"> Ennyivel cs\u00f6kkent a Tisza el\u0151nye!<\/span><\/a><\/span><\/p>\n","protected":false},"author":1,"featured_media":5461,"comment_status":"open","ping_status":"open","sticky":false,"template":"","format":"standard","meta":{"footnotes":""},"categories":[1],"tags":[],"class_list":["post-5459","post","type-post","status-publish","format-standard","has-post-thumbnail","hentry","category-egyeb","wpcat-1-id"],"_links":{"self":[{"href":"https:\/\/online-filmkatarzis.com\/kucko\/hirek\/wp-json\/wp\/v2\/posts\/5459","targetHints":{"allow":["GET"]}}],"collection":[{"href":"https:\/\/online-filmkatarzis.com\/kucko\/hirek\/wp-json\/wp\/v2\/posts"}],"about":[{"href":"https:\/\/online-filmkatarzis.com\/kucko\/hirek\/wp-json\/wp\/v2\/types\/post"}],"author":[{"embeddable":true,"href":"https:\/\/online-filmkatarzis.com\/kucko\/hirek\/wp-json\/wp\/v2\/users\/1"}],"replies":[{"embeddable":true,"href":"https:\/\/online-filmkatarzis.com\/kucko\/hirek\/wp-json\/wp\/v2\/comments?post=5459"}],"version-history":[{"count":1,"href":"https:\/\/online-filmkatarzis.com\/kucko\/hirek\/wp-json\/wp\/v2\/posts\/5459\/revisions"}],"predecessor-version":[{"id":5462,"href":"https:\/\/online-filmkatarzis.com\/kucko\/hirek\/wp-json\/wp\/v2\/posts\/5459\/revisions\/5462"}],"wp:featuredmedia":[{"embeddable":true,"href":"https:\/\/online-filmkatarzis.com\/kucko\/hirek\/wp-json\/wp\/v2\/media\/5461"}],"wp:attachment":[{"href":"https:\/\/online-filmkatarzis.com\/kucko\/hirek\/wp-json\/wp\/v2\/media?parent=5459"}],"wp:term":[{"taxonomy":"category","embeddable":true,"href":"https:\/\/online-filmkatarzis.com\/kucko\/hirek\/wp-json\/wp\/v2\/categories?post=5459"},{"taxonomy":"post_tag","embeddable":true,"href":"https:\/\/online-filmkatarzis.com\/kucko\/hirek\/wp-json\/wp\/v2\/tags?post=5459"}],"curies":[{"name":"wp","href":"https:\/\/api.w.org\/{rel}","templated":true}]}}