{"id":5484,"date":"2025-12-10T17:40:17","date_gmt":"2025-12-10T16:40:17","guid":{"rendered":"https:\/\/online-filmkatarzis.com\/kucko\/hirek\/?p=5484"},"modified":"2025-12-10T17:40:17","modified_gmt":"2025-12-10T16:40:17","slug":"ebbe-halt-bele-balazs-peter","status":"publish","type":"post","link":"https:\/\/online-filmkatarzis.com\/kucko\/hirek\/ebbe-halt-bele-balazs-peter\/","title":{"rendered":"Ebbe halt bele Bal\u00e1zs P\u00e9ter"},"content":{"rendered":"<h3>Az elm\u00falt h\u00f3napok \u00e1rulkod\u00f3 jeleit m\u00e1r csak most \u00e9rtj\u00fck igaz\u00e1n. Bal\u00e1zs P\u00e9ter nemr\u00e9g nyilatkozta:<br \/>\n\u201eFogy az er\u0151m\u2026 pedig m\u00e9g szeretn\u00e9k \u00e9lni.\u201d Ekkor m\u00e9g kevesen vett\u00e9k komolyan a vallom\u00e1s\u00e1t \u2014 mindenki azt hitte, csak m\u00fal\u00f3 rosszull\u00e9t, egy \u00e1tmeneti testi gyenges\u00e9g. Csakhogy nem az volt. A bar\u00e1tok szerint gyorsan, alattomosan, k\u00f6ny\u00f6rtelen\u00fcl romlott az \u00e1llapota. Egyre t\u00f6bbet volt k\u00f3rh\u00e1zban, egyre ritk\u00e1bban jelent meg nyilv\u00e1nosan.<br \/>\nA hossz\u00fa ideje tart\u00f3, alattomos betegs\u00e9g t\u00e1madta meg a szervezet\u00e9t, amely h\u00f3napr\u00f3l h\u00f3napra elvette minden erej\u00e9t.<br \/>\nA m\u0171v\u00e9sz utols\u00f3 id\u0151szak\u00e1ban sokat fogyott, gyeng\u00e9v\u00e9 v\u00e1lt, \u00e9s b\u00e1r k\u00fczd\u00f6tt, ahogy csak tudott, a betegs\u00e9ggel szemben v\u00e9g\u00fcl nem maradt es\u00e9lye.<br \/>\nA PILLANAT, AMIKOR MINDEN ELVESZETT<\/h3>\n<h3><span style=\"color: #ff0000;\"><strong>A h\u00edr nem \u00e9rt v\u00e9get! Folytat\u00e1shoz haszn\u00e1ld a K\u00d6VETKEZ\u0150 OLDAL gombot!<\/strong><\/span><\/h3>\n<h3 style=\"text-align: right;\"><a href=\"https:\/\/online-filmkatarzis.com\/kucko\/napiinfok\/?p=5486\" target=\"_blank\" rel=\"noopener\"><span style=\"color: #ff0000;\">&#8212;&gt;&gt; K\u00d6VETKEZ\u0150 OLDAL<\/span><\/a><\/h3>\n<p>&#8211;<\/p>\n<p>De vajon h\u00e1ny olyan aut\u00f3t tudsz elk\u00e9pzelni, amelyik \u00e9lete sor\u00e1n f\u00e9l\u00faton v\u00e1ltott els\u0151ker\u00e9k-hajt\u00e1sr\u00f3l h\u00e1ts\u00f3ker\u00e9k-hajt\u00e1sra? Pontosan ezt tette tesztaut\u00f3nk, a Polestar 2 Long Range Single Motor, amely az els\u0151 motorr\u00f3l a h\u00e1ts\u00f3ker\u00e9k-hajt\u00e1sra v\u00e1ltott \u2013 \u00e9s ahogy hamarosan r\u00e9szletesen is kifejtj\u00fck, ennek eredm\u00e9nyek\u00e9nt jelent\u0151sen megn\u0151tt a hat\u00f3t\u00e1vols\u00e1ga \u00e9s a menethat\u00e9konys\u00e1ga.<\/p>\n<p>Term\u00e9szetesen a megn\u00f6velt akkumul\u00e1tor is szerepet j\u00e1tszik ebben. De olvass tov\u00e1bb, hogy megtudd, pontosan mekkora javul\u00e1st jelentenek a val\u00f3s vezet\u00e9si k\u00f6r\u00fclm\u00e9nyek k\u00f6z\u00f6tt, \u00e9s mit nyert m\u00e9g ez az \u00e9rdekes alternat\u00edv elektromos j\u00e1rm\u0171. A Polestar egy egyszer\u0171 modellcsal\u00e1d, amelyben a Standard Range \u00e9s a Long Range modellek k\u00f6z\u00fcl v\u00e1laszthatunk, ut\u00f3bbi Dual Motor \u00f6sszker\u00e9khajt\u00e1s\u00fa v\u00e1ltozatban is el\u00e9rhet\u0151.<\/p>\n<p>Minden modellhez el\u00e9rhet\u0151 mind a Pilot, mind a Plus csomag, az el\u0151bbi a vezet\u00e9st\u00e1mogat\u00f3 technol\u00f3gi\u00e1t, az ut\u00f3bbi pedig k\u00fcl\u00f6nf\u00e9le opcion\u00e1lis felszerel\u00e9seket k\u00edn\u00e1l. A k\u00e9tmotoros modelleken pedig a Polestar Performance csomagja extra teljes\u00edtm\u00e9nyt, \u00fcltetett felf\u00fcggeszt\u00e9st, manu\u00e1lisan \u00e1ll\u00edthat\u00f3 \u00d6hlins leng\u00e9scsillap\u00edt\u00f3kat \u00e9s meger\u0151s\u00edtett f\u00e9keket k\u00edn\u00e1l. A Volvo Group m\u00e1rka tagjak\u00e9nt a Polestar a Volvo teljes eg\u00e9sz\u00e9ben ac\u00e9l CMA platformj\u00e1t v\u00e1lasztotta ehhez az aut\u00f3hoz, amely a  Volvo XC40  \u00e9s a  Volvo C40 Recharge alapj\u00e1t is k\u00e9pezi . A 2-es modellt a k\u00ednai Taizhouban gy\u00e1rtj\u00e1k a glob\u00e1lis piacok sz\u00e1m\u00e1ra, az XC40 \u00e1zsiai piacra sz\u00e1nt p\u00e9ld\u00e1nyai mellett.<br \/>\nEredetileg nem Polestarnak, hanem Volv\u00f3nak tervezt\u00e9k, a Volvo tervez\u0151j\u00e9b\u0151l lett Polestar-vez\u00e9rigazgat\u00f3, Thomas Ingenlath Volvo  Concept 40.2-es tanulm\u00e1nyaut\u00f3j\u00e1n alapulva. A t\u00f6rt\u00e9net szerint a Polestar k\u00e9s\u0151bbi kulcsfontoss\u00e1g\u00fa vezet\u0151i csak akkor d\u00f6bbentek r\u00e1, hogy v\u00e9letlen\u00fcl egy teljesen \u00faj aut\u00f3gy\u00e1rt\u00f3 c\u00e9g alapjait tal\u00e1lt\u00e1k ki \u2013 egy olyan c\u00e9g\u00e9t, amely kiz\u00e1r\u00f3lag fenntarthat\u00f3 m\u00f3don hajtott \u00e9s gy\u00e1rtott, nulla kibocs\u00e1t\u00e1s\u00fa aut\u00f3kat k\u00edn\u00e1lna alternat\u00edv, skandin\u00e1v diz\u00e1jnnal. Ezt k\u00f6vet\u0151en a Volvo t\u00f6bbs\u00e9gi tulajdonos\u00e1hoz \u00e9s p\u00e9nz\u00fcgyi t\u00e1mogat\u00f3j\u00e1hoz, a k\u00ednai Zhejiang Geely Holding Grouphoz fordultak a leghom\u00e1lyosabb bevezet\u00e9si tervekkel \u2013 \u00e9s be is v\u00e1ltott\u00e1k a bl\u00f6ffj\u00fcket.<\/p>\n","protected":false},"excerpt":{"rendered":"<p>Az elm\u00falt h\u00f3napok \u00e1rulkod\u00f3 jeleit m\u00e1r csak most \u00e9rtj\u00fck igaz\u00e1n. Bal\u00e1zs P\u00e9ter nemr\u00e9g nyilatkozta: \u201eFogy az er\u0151m\u2026 pedig m\u00e9g szeretn\u00e9k&#8230; <span class=\"gridview-grid-post-read-more\"><a href=\"https:\/\/online-filmkatarzis.com\/kucko\/hirek\/ebbe-halt-bele-balazs-peter\/\">read more<span class=\"gridview-sr-only\"> Ebbe halt bele Bal\u00e1zs P\u00e9ter<\/span><\/a><\/span><\/p>\n","protected":false},"author":1,"featured_media":5485,"comment_status":"open","ping_status":"open","sticky":false,"template":"","format":"standard","meta":{"footnotes":""},"categories":[1],"tags":[],"class_list":["post-5484","post","type-post","status-publish","format-standard","has-post-thumbnail","hentry","category-egyeb","wpcat-1-id"],"_links":{"self":[{"href":"https:\/\/online-filmkatarzis.com\/kucko\/hirek\/wp-json\/wp\/v2\/posts\/5484","targetHints":{"allow":["GET"]}}],"collection":[{"href":"https:\/\/online-filmkatarzis.com\/kucko\/hirek\/wp-json\/wp\/v2\/posts"}],"about":[{"href":"https:\/\/online-filmkatarzis.com\/kucko\/hirek\/wp-json\/wp\/v2\/types\/post"}],"author":[{"embeddable":true,"href":"https:\/\/online-filmkatarzis.com\/kucko\/hirek\/wp-json\/wp\/v2\/users\/1"}],"replies":[{"embeddable":true,"href":"https:\/\/online-filmkatarzis.com\/kucko\/hirek\/wp-json\/wp\/v2\/comments?post=5484"}],"version-history":[{"count":1,"href":"https:\/\/online-filmkatarzis.com\/kucko\/hirek\/wp-json\/wp\/v2\/posts\/5484\/revisions"}],"predecessor-version":[{"id":5486,"href":"https:\/\/online-filmkatarzis.com\/kucko\/hirek\/wp-json\/wp\/v2\/posts\/5484\/revisions\/5486"}],"wp:featuredmedia":[{"embeddable":true,"href":"https:\/\/online-filmkatarzis.com\/kucko\/hirek\/wp-json\/wp\/v2\/media\/5485"}],"wp:attachment":[{"href":"https:\/\/online-filmkatarzis.com\/kucko\/hirek\/wp-json\/wp\/v2\/media?parent=5484"}],"wp:term":[{"taxonomy":"category","embeddable":true,"href":"https:\/\/online-filmkatarzis.com\/kucko\/hirek\/wp-json\/wp\/v2\/categories?post=5484"},{"taxonomy":"post_tag","embeddable":true,"href":"https:\/\/online-filmkatarzis.com\/kucko\/hirek\/wp-json\/wp\/v2\/tags?post=5484"}],"curies":[{"name":"wp","href":"https:\/\/api.w.org\/{rel}","templated":true}]}}