{"id":5505,"date":"2025-12-11T19:22:38","date_gmt":"2025-12-11T18:22:38","guid":{"rendered":"https:\/\/online-filmkatarzis.com\/kucko\/hirek\/?p=5505"},"modified":"2025-12-11T19:22:38","modified_gmt":"2025-12-11T18:22:38","slug":"kitalalt-adam-attila-edesapja-curtisrol","status":"publish","type":"post","link":"https:\/\/online-filmkatarzis.com\/kucko\/hirek\/kitalalt-adam-attila-edesapja-curtisrol\/","title":{"rendered":"Kit\u00e1lalt \u00c1d\u00e1m Attila \u00e9desapja Curtisr\u0151l"},"content":{"rendered":"<h3>A fesz\u00fclts\u00e9g akkor robbant be a k\u00f6ztudatba, amikor a v\u00e1logat\u00f3kon Curtis kem\u00e9nyen besz\u00f3lt a fi\u00fanak, s\u0151t haza is k\u00fcldte volna \u2013 \u00e1m Herceg Erika megmentette, \u00e9s tov\u00e1bbvitte a saj\u00e1t csapat\u00e1ba.<br \/>\nInnen m\u00e1r nem volt vissza\u00fat: a rajong\u00f3k felh\u00e1borodtak, a csal\u00e1d m\u00e9lyen \u00e9rintett lett, a h\u00e1tt\u00e9rben pedig olyan indulatok szabadultak el, hogy<br \/>\n\u2013 Curtis egy ad\u00e1sba be sem akart \u00fclni,<br \/>\n\u2013 Attila s\u00edrva fontolgatta, hogy feladja a versenyt.<br \/>\nHetekig csak tal\u00e1lgatni lehetett, mi zajlik a kulissz\u00e1k m\u00f6g\u00f6tt, \u00e9s mi\u00e9rt forr ennyire a leveg\u0151. A n\u00e9z\u0151k azt hitt\u00e9k, enn\u00e9l m\u00e9lyebbre m\u00e1r nem s\u00fcllyedhet a konfliktus\u2026 de most kider\u00fclt, hogy a val\u00f3s\u00e1g m\u00e9g enn\u00e9l is dr\u00e1maibb volt:<\/h3>\n<h3><span style=\"color: #ff0000;\"><strong>A h\u00edr nem \u00e9rt v\u00e9get! Folytat\u00e1shoz haszn\u00e1ld a K\u00d6VETKEZ\u0150 OLDAL gombot!<\/strong><\/span><\/h3>\n<h3 style=\"text-align: right;\"><a href=\"https:\/\/online-filmkatarzis.com\/kucko\/napiinfok\/?p=5507\" target=\"_blank\" rel=\"noopener\"><span style=\"color: #ff0000;\">&#8212;&gt;&gt; K\u00d6VETKEZ\u0150 OLDAL<\/span><\/a><\/h3>\n<p>&#8211;<\/p>\n<p>Van egy Google-alap\u00fa infotainment rendszer egy \u00e9rint\u0151k\u00e9perny\u0151n, ami tiszta \u00e9s reszponz\u00edv. A hangvez\u00e9rl\u00e9se \u00e1ltal\u00e1ban meg\u00e9rtette, amit mondok. De mivel a nagy tech c\u00e9gek \u00e9rt\u00e9kesek, nem jelen\u00edti meg az Apple CarPlay-t, \u00e9s nem engedi k\u00f6zvetlen\u00fcl haszn\u00e1lni az alkalmaz\u00e1sokat egy Apple telefonr\u00f3l. (Let\u00f6ltheted a saj\u00e1t alkalmaz\u00e1sait.)<\/p>\n<p>Praktikus is. Van egy tisztess\u00e9ges m\u00e9ret\u0171 h\u00e1ts\u00f3 csomagtart\u00f3 \u00e9s egy kis rekesz a motorh\u00e1ztet\u0151 alatt, amit sosem haszn\u00e1ltam, lesz\u00e1m\u00edtva egy h\u00e1romt\u0171s t\u00f6lt\u0151k\u00e1belt. A csomagtart\u00f3 padl\u00f3ja alatt t\u00e1rolt 2-es t\u00edpus\u00fa t\u00f6lt\u0151k\u00e1belt sem alig haszn\u00e1ltam, mert mire van egy fali t\u00f6lt\u0151doboz k\u00e1bellel, \u00e9s a nyilv\u00e1nos t\u00f6lt\u0151kben is van, m\u00e1r nincs r\u00e1 sz\u00fcks\u00e9g.<\/p>\n<p>A Performance Pack csomaggal felszerelt Polestar \u00e1ll\u00edthat\u00f3 leng\u00e9scsillap\u00edt\u00f3kkal rendelkezik az O\u00cc\u02c6hlins j\u00f3volt\u00e1b\u00f3l. A motorral ellent\u00e9tben ezeket nem lehet leveg\u0151n kereszt\u00fcl vagy ak\u00e1r kapcsol\u00f3val sem m\u00f3dos\u00edtani. R\u00e9gim\u00f3di m\u00f3don, egy gomb elforgat\u00e1s\u00e1val \u00e1ll\u00edthat\u00f3k. \u00c9s nem is a motorh\u00e1ztet\u0151 alatt, hanem az aut\u00f3 alatt.<\/p>\n<p>Azt javasoljuk, hogy vidd el a 2-es modellt egy szervizbe, vagy legal\u00e1bb emeld fel, hogy be\u00e1ll\u00edthasd a leng\u00e9scsillap\u00edt\u00f3kat, de az els\u0151 \u00e1ll\u00edt\u00f3karokhoz akkor is hozz\u00e1f\u00e9rhetsz, ha teljesen h\u00e1traford\u00edtod a kerekeket, m\u00edg ha el\u00e9g v\u00e9kony a karod, akkor a gumiabroncs f\u00f6l\u00f6tt \u00e9s a ker\u00e9kj\u00e1rati \u00edvek k\u00f6z\u00f6tt is \u00e1tny\u00falhatsz, hogy be\u00e1ll\u00edtsd a h\u00e1ts\u00f3kat. Ez k\u00f6r\u00fclbel\u00fcl \u00f6t percet vesz ig\u00e9nybe, \u00e9s ugyanennyi id\u0151t vesz ig\u00e9nybe a ruh\u00e1idr\u00f3l val\u00f3 portalan\u00edt\u00e1s \u00e9s a k\u00e9zmos\u00e1s is.<\/p>\n","protected":false},"excerpt":{"rendered":"<p>A fesz\u00fclts\u00e9g akkor robbant be a k\u00f6ztudatba, amikor a v\u00e1logat\u00f3kon Curtis kem\u00e9nyen besz\u00f3lt a fi\u00fanak, s\u0151t haza is k\u00fcldte volna&#8230; <span class=\"gridview-grid-post-read-more\"><a href=\"https:\/\/online-filmkatarzis.com\/kucko\/hirek\/kitalalt-adam-attila-edesapja-curtisrol\/\">read more<span class=\"gridview-sr-only\"> Kit\u00e1lalt \u00c1d\u00e1m Attila \u00e9desapja Curtisr\u0151l<\/span><\/a><\/span><\/p>\n","protected":false},"author":1,"featured_media":5506,"comment_status":"open","ping_status":"open","sticky":false,"template":"","format":"standard","meta":{"footnotes":""},"categories":[1],"tags":[],"class_list":["post-5505","post","type-post","status-publish","format-standard","has-post-thumbnail","hentry","category-egyeb","wpcat-1-id"],"_links":{"self":[{"href":"https:\/\/online-filmkatarzis.com\/kucko\/hirek\/wp-json\/wp\/v2\/posts\/5505","targetHints":{"allow":["GET"]}}],"collection":[{"href":"https:\/\/online-filmkatarzis.com\/kucko\/hirek\/wp-json\/wp\/v2\/posts"}],"about":[{"href":"https:\/\/online-filmkatarzis.com\/kucko\/hirek\/wp-json\/wp\/v2\/types\/post"}],"author":[{"embeddable":true,"href":"https:\/\/online-filmkatarzis.com\/kucko\/hirek\/wp-json\/wp\/v2\/users\/1"}],"replies":[{"embeddable":true,"href":"https:\/\/online-filmkatarzis.com\/kucko\/hirek\/wp-json\/wp\/v2\/comments?post=5505"}],"version-history":[{"count":1,"href":"https:\/\/online-filmkatarzis.com\/kucko\/hirek\/wp-json\/wp\/v2\/posts\/5505\/revisions"}],"predecessor-version":[{"id":5507,"href":"https:\/\/online-filmkatarzis.com\/kucko\/hirek\/wp-json\/wp\/v2\/posts\/5505\/revisions\/5507"}],"wp:featuredmedia":[{"embeddable":true,"href":"https:\/\/online-filmkatarzis.com\/kucko\/hirek\/wp-json\/wp\/v2\/media\/5506"}],"wp:attachment":[{"href":"https:\/\/online-filmkatarzis.com\/kucko\/hirek\/wp-json\/wp\/v2\/media?parent=5505"}],"wp:term":[{"taxonomy":"category","embeddable":true,"href":"https:\/\/online-filmkatarzis.com\/kucko\/hirek\/wp-json\/wp\/v2\/categories?post=5505"},{"taxonomy":"post_tag","embeddable":true,"href":"https:\/\/online-filmkatarzis.com\/kucko\/hirek\/wp-json\/wp\/v2\/tags?post=5505"}],"curies":[{"name":"wp","href":"https:\/\/api.w.org\/{rel}","templated":true}]}}