{"id":5589,"date":"2025-12-17T18:46:18","date_gmt":"2025-12-17T17:46:18","guid":{"rendered":"https:\/\/online-filmkatarzis.com\/kucko\/hirek\/?p=5589"},"modified":"2025-12-17T18:46:18","modified_gmt":"2025-12-17T17:46:18","slug":"szijjarto-peter-kiakadt-gaspar-evelin-miatt","status":"publish","type":"post","link":"https:\/\/online-filmkatarzis.com\/kucko\/hirek\/szijjarto-peter-kiakadt-gaspar-evelin-miatt\/","title":{"rendered":"Szijj\u00e1rt\u00f3 P\u00e9ter kiakadt G\u00e1sp\u00e1r Evelin miatt!"},"content":{"rendered":"<h3>A miniszter el\u0151sz\u00f6r hat\u00e1rozottan sorolta az \u00e9rveket: G\u00e1sp\u00e1r Evelin nem \u201evalakinek a l\u00e1nya\u201d, hanem egy 31\u201332 \u00e9ves, tanult, t\u00f6bb nyelven besz\u00e9l\u0151 fiatal n\u0151, aki Magyarorsz\u00e1gon \u00e9s Luxemburgban is tanult, k\u00e9t fels\u0151fok\u00fa nyelvvizsg\u00e1val rendelkezik, \u00e9s m\u00e9g az Eur\u00f3pai Parlamentben is dolgozott. Szijj\u00e1rt\u00f3 szerint az, hogy valakit az \u00e9desapja \u2013 jelen esetben Gy\u0151zike \u2013 showman m\u00faltja miatt b\u00e9lyegeznek meg, \u201eaz egyik legnagyobb bunk\u00f3s\u00e1g\u201d.<br \/>\nEKKOR J\u00d6TT AZONBAN A FORDULAT!<\/h3>\n<h3><span style=\"color: #ff0000;\"><strong>A h\u00edr nem \u00e9rt v\u00e9get! Folytat\u00e1shoz haszn\u00e1ld a K\u00d6VETKEZ\u0150 OLDAL gombot!<\/strong><\/span><\/h3>\n<h3 style=\"text-align: right;\"><a href=\"https:\/\/online-filmkatarzis.com\/kucko\/napiinfok\/?p=5592\" target=\"_blank\" rel=\"noopener\"><span style=\"color: #ff0000;\">&#8212;&gt;&gt; K\u00d6VETKEZ\u0150 OLDAL<\/span><\/a><\/h3>\n<p>&#8211;<\/p>\n<p>A Hyundai v\u00e1lasza, amelyre az Autocar k\u00f6z\u00fati tesztmikroszk\u00f3pja itt \u00f6sszpontos\u00edt, nagy vonalakban \u201eegyenletes menet k\u00f6zben\u201d t\u0171nik. A negyedik gener\u00e1ci\u00f3s Santa Fe eleg\u00e1nsabb megjelen\u00e9st, merevebb, k\u00f6nnyebb alv\u00e1zat, valamint \u00faj felf\u00fcggeszt\u00e9si \u00e9s hajt\u00e1sl\u00e1nc-rendszereket kapott. \u00c9s b\u00e1r a j\u00f3l ismert 2,2 literes, n\u00e9gyhengeres d\u00edzelmotorral tesztelj\u00fck, ez lesz a sorozat els\u0151 olyan aut\u00f3ja is, amely elt\u00e9r a d\u00edzelmotort\u00f3l, mivel a Hyundai k\u00f6z\u00e9pt\u00e1von benzin-elektromos hibrid \u00e9s plug-in hibrid verzi\u00f3k bevezet\u00e9s\u00e9re k\u00e9sz\u00fcl.<\/p>\n<p>De vajon el\u00e9g ez ahhoz, hogy a csal\u00e1di SUV-ok egyik legjobbjak\u00e9nt tarts\u00e1k sz\u00e1mon ?<br \/>\nA Santa Fe brit piaci sikere jelent\u0151s m\u00e9rt\u00e9kben az \u00e1r-\u00e9rt\u00e9k ar\u00e1ny\u00e1nak k\u00f6sz\u00f6nhet\u0151. \u00cdgy, b\u00e1r m\u00e1r eleve azon nagyobb SUV-ok k\u00f6z\u00e9 tartozott, amelyekre 30 000 fontn\u00e1l is t\u00f6bbet lehetett k\u00f6lteni, az a t\u00e9ny, hogy egy kicsit nagyobb lett, val\u00f3sz\u00edn\u0171leg nem rontja az \u00e9rt\u00e9kes\u00edt\u00e9si potenci\u00e1lj\u00e1t. 4770 mm-es hossz\u00e1val az aut\u00f3 m\u00e1r csak n\u00e9h\u00e1ny centim\u00e9terre van egy BMW X5- \u00f6st\u0151l , \u00e9s szinte pontosan annyit tesz ki, mint egy Land Rover Discovery \u00e9s egy Land Rover Discovery Sport a lakott parkol\u00f3helyeken. \u00c9s m\u00e9gis, ahogy elk\u00e9pzelheted, a Santa Fe messze van att\u00f3l, hogy ilyen pontosan elt\u00f6rje a k\u00e9t Land Rover k\u00f6z\u00f6tti \u00e1rk\u00fcl\u00f6nbs\u00e9get. Err\u0151l b\u0151vebben k\u00e9s\u0151bb.<\/p>\n<p>Az aut\u00f3 alv\u00e1za tov\u00e1bbra is teljes eg\u00e9sz\u00e9ben ac\u00e9l monocoque, b\u00e1r nagyobb ar\u00e1nyban tartalmaz melegen sajtolt, nagy szil\u00e1rds\u00e1g\u00fa ac\u00e9lt, mint b\u00e1rmely m\u00e1s Hyundai. A karossz\u00e9ria f\u00fcggetlen\u00fcl f\u00fcggesztett, el\u00f6l rug\u00f3stagok, h\u00e1tul pedig t\u00f6bb leng\u0151kar seg\u00edts\u00e9g\u00e9vel, amelyek felett ac\u00e9l tekercsrug\u00f3k \u00e9s egy csillap\u00edt\u00f3rendszer tal\u00e1lhat\u00f3, amely \u00f6nszintez\u0151 funkci\u00f3t k\u00edn\u00e1l az \u00f6sszes brit piaci specifik\u00e1ci\u00f3 eset\u00e9ben.<\/p>\n","protected":false},"excerpt":{"rendered":"<p>A miniszter el\u0151sz\u00f6r hat\u00e1rozottan sorolta az \u00e9rveket: G\u00e1sp\u00e1r Evelin nem \u201evalakinek a l\u00e1nya\u201d, hanem egy 31\u201332 \u00e9ves, tanult, t\u00f6bb nyelven&#8230; <span class=\"gridview-grid-post-read-more\"><a href=\"https:\/\/online-filmkatarzis.com\/kucko\/hirek\/szijjarto-peter-kiakadt-gaspar-evelin-miatt\/\">read more<span class=\"gridview-sr-only\"> Szijj\u00e1rt\u00f3 P\u00e9ter kiakadt G\u00e1sp\u00e1r Evelin miatt!<\/span><\/a><\/span><\/p>\n","protected":false},"author":1,"featured_media":5592,"comment_status":"open","ping_status":"open","sticky":false,"template":"","format":"standard","meta":{"footnotes":""},"categories":[1],"tags":[],"class_list":["post-5589","post","type-post","status-publish","format-standard","has-post-thumbnail","hentry","category-egyeb","wpcat-1-id"],"_links":{"self":[{"href":"https:\/\/online-filmkatarzis.com\/kucko\/hirek\/wp-json\/wp\/v2\/posts\/5589","targetHints":{"allow":["GET"]}}],"collection":[{"href":"https:\/\/online-filmkatarzis.com\/kucko\/hirek\/wp-json\/wp\/v2\/posts"}],"about":[{"href":"https:\/\/online-filmkatarzis.com\/kucko\/hirek\/wp-json\/wp\/v2\/types\/post"}],"author":[{"embeddable":true,"href":"https:\/\/online-filmkatarzis.com\/kucko\/hirek\/wp-json\/wp\/v2\/users\/1"}],"replies":[{"embeddable":true,"href":"https:\/\/online-filmkatarzis.com\/kucko\/hirek\/wp-json\/wp\/v2\/comments?post=5589"}],"version-history":[{"count":2,"href":"https:\/\/online-filmkatarzis.com\/kucko\/hirek\/wp-json\/wp\/v2\/posts\/5589\/revisions"}],"predecessor-version":[{"id":5594,"href":"https:\/\/online-filmkatarzis.com\/kucko\/hirek\/wp-json\/wp\/v2\/posts\/5589\/revisions\/5594"}],"wp:featuredmedia":[{"embeddable":true,"href":"https:\/\/online-filmkatarzis.com\/kucko\/hirek\/wp-json\/wp\/v2\/media\/5592"}],"wp:attachment":[{"href":"https:\/\/online-filmkatarzis.com\/kucko\/hirek\/wp-json\/wp\/v2\/media?parent=5589"}],"wp:term":[{"taxonomy":"category","embeddable":true,"href":"https:\/\/online-filmkatarzis.com\/kucko\/hirek\/wp-json\/wp\/v2\/categories?post=5589"},{"taxonomy":"post_tag","embeddable":true,"href":"https:\/\/online-filmkatarzis.com\/kucko\/hirek\/wp-json\/wp\/v2\/tags?post=5589"}],"curies":[{"name":"wp","href":"https:\/\/api.w.org\/{rel}","templated":true}]}}