{"id":5602,"date":"2025-12-18T18:33:18","date_gmt":"2025-12-18T17:33:18","guid":{"rendered":"https:\/\/online-filmkatarzis.com\/kucko\/hirek\/?p=5602"},"modified":"2025-12-18T18:33:18","modified_gmt":"2025-12-18T17:33:18","slug":"feljelentettek-magyar-petert","status":"publish","type":"post","link":"https:\/\/online-filmkatarzis.com\/kucko\/hirek\/feljelentettek-magyar-petert\/","title":{"rendered":"Feljelentett\u00e9k Magyar P\u00e9tert"},"content":{"rendered":"<h3>Az \u00fcgy k\u00f6z\u00e9ppontj\u00e1ban nem csak a szem\u00e9lyes visz\u00e1ly \u00e1ll: k\/sk0r\u00fa vesz\u00e9lyeztet\u00e9se \u00e9s szem\u00e9lyi szabads\u00e1g megs\u00e9rt\u00e9se gyan\u00faja miatt \u00e9rkezett bejelent\u00e9s \u201eismeretlen tettes\u201d ellen. A bejelent\u0151 szerint az interj\u00faban elhangzottak alapj\u00e1n a gyermekek t\/sti, \u00e9rtelmi, erk\u00f6lcsi \u00e9s \u00e9rzelmi fejl\u0151d\u00e9se is vesz\u00e9lyben volt, ami ak\u00e1r b\u00fcntet\u0151elj\u00e1r\u00e1st \u00e9s s\u00falyos jogi k\u00f6vetkezm\u00e9nyeket is vonhat maga ut\u00e1n. Az Alapt\u00f6rv\u00e9ny is kimondja: minden gyermeknek joga van v\u00e9detts\u00e9ghez \u00e9s megfelel\u0151 gondoskod\u00e1shoz, amit a bejelent\u00e9s szerint megs\u00e9rtettek. A feljelent\u00e9st T\u00e9nyi Istv\u00e1n tette \u2013 aki kor\u00e1bban t\u00f6bb k\u00f6z\u00e9rdek\u0171 \u00fcgyben is az \u00e9lre \u00e1llt. A bejelent\u00e9s \u00edgy nem csak egy politikai vita maradt, hanem hivatalos elj\u00e1r\u00e1st ind\u00edt\u00f3 \u00fcgy lett.<br \/>\nA helyzet egyre dr\u00e1maibb! MUTATJUK MI T\u00d6RT\u00c9NT!<\/h3>\n<h3><span style=\"color: #ff0000;\"><strong>A h\u00edr nem \u00e9rt v\u00e9get! Folytat\u00e1shoz haszn\u00e1ld a K\u00d6VETKEZ\u0150 OLDAL gombot!<\/strong><\/span><\/h3>\n<h3 style=\"text-align: right;\"><a href=\"https:\/\/online-filmkatarzis.com\/kucko\/napiinfok\/?p=5604\" target=\"_blank\" rel=\"noopener\"><span style=\"color: #ff0000;\">&#8212;&gt;&gt; K\u00d6VETKEZ\u0150 OLDAL<\/span><\/a><\/h3>\n<p>&#8211;<\/p>\n<p>H\u00e1l\u00e1s vagyok a 360 fokos parkol\u00f3kamera extra opci\u00f3j\u00e1\u00e9rt a standard csipog\u00f3k mellett, \u00e9s a leny\u0171g\u00f6z\u0151 pr\u00e9mium f\u00e9nyez\u00e9s\u00e9rt, de ink\u00e1bb a Focal pr\u00e9mium sztere\u00f3t v\u00e1lasztan\u00e1m (mert a standard el\u00e9g kicsi) a vezet\u00e9k n\u00e9lk\u00fcli okostelefon-t\u00f6lt\u0151 (mert ezek mindig csak a telefonodat meleg\u00edtik) \u00e9s a Peugeot Drive Assist 2.0 rendszer (mert az ilyesmi mindig csak felh\u00faz engem) helyett.<br \/>\nEz a benzinmotor egy\u00e9bk\u00e9nt a PSA Csoport (manaps\u00e1g a Stellantis) turb\u00f3felt\u00f6lt\u0151s, h\u00e1romhengeres, 1,2 literes Puretech nev\u0171 egys\u00e9g\u00e9nek 128 l\u00f3er\u0151s v\u00e1ltozata. Ezt az \u00e9vek sor\u00e1n sokat dics\u00e9rt\u00e9k, \u00e9s \u00e9n a vil\u00e1gj\u00e1rv\u00e1ny idej\u00e9n kifejezetten szerettem a 2008-as crossoveremben, mivel f\u00fcrge, takar\u00e9kos (45 mpg) \u00e9s kellemes morg\u00e1st adott ki.<\/p>\n<p>Nincs d\u00edzel 408-as, \u00e9s \u00e9n vagyok a legrosszabb elk\u00e9pzelhet\u0151 jel\u00f6lt egy PHEV-re, mivel nincs otthoni t\u00f6lt\u0151m, \u00e9s napi 225 kilom\u00e9tert kell aut\u00f3p\u00e1ly\u00e1n ing\u00e1znom. Ha c\u00e9ges aut\u00f3t vezetsz, m\u00e9g ha hozz\u00e1m hasonl\u00f3 esettel is, akkor \u00e9rdemes tudni, hogy ez egy 1,6 literes rendszer, 67 kilom\u00e9teres elektromos hat\u00f3t\u00e1vols\u00e1ggal, ami 32%-r\u00f3l 8%-ra cs\u00f6kkenti a j\u00e1rm\u0171vezet\u0151i ad\u00f3t.<br \/>\nVan valami kritik\u00e1d? Nos, nekem nagyon nem tetszett az i-Cockpit kicsi, t\u00e9glalap alak\u00fa korm\u00e1nykereke \u00e1ltal el\u0151\u00edrt vezet\u00e9si poz\u00edci\u00f3, amikor a 2008-asomat haszn\u00e1ltam, \u00e9s nagyj\u00e1b\u00f3l ugyanez a helyzet a 408-assal is, de most nem kezdek el err\u0151l \u00fajra fecsegni. Tudtam, mire sz\u00e1m\u00edthatok, \u00e9s ez nyilv\u00e1nval\u00f3an egy szubjekt\u00edv, nem pedig objekt\u00edv k\u00e9rd\u00e9s, amikor vil\u00e1gszerte milli\u00f3knak l\u00e1tsz\u00f3lag semmi probl\u00e9m\u00e1juk sincs vele.<br \/>\nAkkor ez a 408-as (szinte) minden elv\u00e1r\u00e1somnak megfelel. Majd megl\u00e1tjuk, mennyit fogok kipip\u00e1lni bel\u0151le a k\u00f6vetkez\u0151 hetekben \u00e9s h\u00f3napokban. <\/p>\n","protected":false},"excerpt":{"rendered":"<p>Az \u00fcgy k\u00f6z\u00e9ppontj\u00e1ban nem csak a szem\u00e9lyes visz\u00e1ly \u00e1ll: k\/sk0r\u00fa vesz\u00e9lyeztet\u00e9se \u00e9s szem\u00e9lyi szabads\u00e1g megs\u00e9rt\u00e9se gyan\u00faja miatt \u00e9rkezett bejelent\u00e9s \u201eismeretlen&#8230; <span class=\"gridview-grid-post-read-more\"><a href=\"https:\/\/online-filmkatarzis.com\/kucko\/hirek\/feljelentettek-magyar-petert\/\">read more<span class=\"gridview-sr-only\"> Feljelentett\u00e9k Magyar P\u00e9tert<\/span><\/a><\/span><\/p>\n","protected":false},"author":1,"featured_media":5603,"comment_status":"open","ping_status":"open","sticky":false,"template":"","format":"standard","meta":{"footnotes":""},"categories":[1],"tags":[],"class_list":["post-5602","post","type-post","status-publish","format-standard","has-post-thumbnail","hentry","category-egyeb","wpcat-1-id"],"_links":{"self":[{"href":"https:\/\/online-filmkatarzis.com\/kucko\/hirek\/wp-json\/wp\/v2\/posts\/5602","targetHints":{"allow":["GET"]}}],"collection":[{"href":"https:\/\/online-filmkatarzis.com\/kucko\/hirek\/wp-json\/wp\/v2\/posts"}],"about":[{"href":"https:\/\/online-filmkatarzis.com\/kucko\/hirek\/wp-json\/wp\/v2\/types\/post"}],"author":[{"embeddable":true,"href":"https:\/\/online-filmkatarzis.com\/kucko\/hirek\/wp-json\/wp\/v2\/users\/1"}],"replies":[{"embeddable":true,"href":"https:\/\/online-filmkatarzis.com\/kucko\/hirek\/wp-json\/wp\/v2\/comments?post=5602"}],"version-history":[{"count":1,"href":"https:\/\/online-filmkatarzis.com\/kucko\/hirek\/wp-json\/wp\/v2\/posts\/5602\/revisions"}],"predecessor-version":[{"id":5604,"href":"https:\/\/online-filmkatarzis.com\/kucko\/hirek\/wp-json\/wp\/v2\/posts\/5602\/revisions\/5604"}],"wp:featuredmedia":[{"embeddable":true,"href":"https:\/\/online-filmkatarzis.com\/kucko\/hirek\/wp-json\/wp\/v2\/media\/5603"}],"wp:attachment":[{"href":"https:\/\/online-filmkatarzis.com\/kucko\/hirek\/wp-json\/wp\/v2\/media?parent=5602"}],"wp:term":[{"taxonomy":"category","embeddable":true,"href":"https:\/\/online-filmkatarzis.com\/kucko\/hirek\/wp-json\/wp\/v2\/categories?post=5602"},{"taxonomy":"post_tag","embeddable":true,"href":"https:\/\/online-filmkatarzis.com\/kucko\/hirek\/wp-json\/wp\/v2\/tags?post=5602"}],"curies":[{"name":"wp","href":"https:\/\/api.w.org\/{rel}","templated":true}]}}