{"id":5614,"date":"2025-12-18T19:51:37","date_gmt":"2025-12-18T18:51:37","guid":{"rendered":"https:\/\/online-filmkatarzis.com\/kucko\/hirek\/?p=5614"},"modified":"2025-12-18T19:51:53","modified_gmt":"2025-12-18T18:51:53","slug":"elkaptak-majkat","status":"publish","type":"post","link":"https:\/\/online-filmkatarzis.com\/kucko\/hirek\/elkaptak-majkat\/","title":{"rendered":"Elkapt\u00e1k Majk\u00e1t!"},"content":{"rendered":"<h3>Majka nem ker\u00fclte a felel\u0151ss\u00e9get, s\u0151t: k\u00edm\u00e9letlen \u0151szintes\u00e9ggel \u00edrt mag\u00e1r\u00f3l. \u201eEgy c\u00edmeres \u00f6k\u00f6r vagyok\u201d \u2013 kezdte bejegyz\u00e9s\u00e9t, majd hozz\u00e1tette, hogy m\u00e9rhetetlen\u00fcl sajn\u00e1lja a t\u00f6rt\u00e9nteket, \u00e9s v\u00e1llalja a k\u00f6vetkezm\u00e9nyeket. \u201eNincs r\u00e1 ments\u00e9g\u201d \u2013 \u00edrta, hangs\u00falyozva, hogy szerencs\u00e9nek tartja, hogy a rend\u0151r\u00f6k m\u00e9g id\u0151ben meg\u00e1ll\u00edtott\u00e1k, miel\u0151tt b\u00e1rmi baj t\u00f6rt\u00e9nhetett volna. A rapper k\u00e9s\u0151bb m\u00e1r nem k\u00edv\u00e1nt nyilatkozni az \u00fcgyben, telefonon sem komment\u00e1lta az esetet. A rajong\u00f3k \u00e9s a k\u00f6zv\u00e9lem\u00e9ny viszont azonnal reag\u00e1lt: sokan dics\u00e9rt\u00e9k az \u0151szintes\u00e9g\u00e9t, m\u00e1sok kem\u00e9nyen el\u00edt\u00e9lt\u00e9k a felel\u0151tlens\u00e9get.<br \/>\nA T\u00d6RT\u00c9NET AZONBAN ITT M\u00c9G NEM \u00c9RT V\u00c9GET:<\/h3>\n<h3><span style=\"color: #ff0000;\"><strong>A h\u00edr nem \u00e9rt v\u00e9get! Folytat\u00e1shoz haszn\u00e1ld a K\u00d6VETKEZ\u0150 OLDAL gombot!<\/strong><\/span><\/h3>\n<h3 style=\"text-align: right;\"><a href=\"https:\/\/online-filmkatarzis.com\/kucko\/napiinfok\/?p=5617\" target=\"_blank\" rel=\"noopener\"><span style=\"color: #ff0000;\">&#8212;&gt;&gt; K\u00d6VETKEZ\u0150 OLDAL<\/span><\/a><\/h3>\n<p>&#8211;<\/p>\n<p>A haszn\u00e1lt piacon az \u00e1rak nagyj\u00e1b\u00f3l 3000 fontt\u00f3l kezd\u0151dnek a teltebb p\u00e9ld\u00e1nyok\u00e9rt, de egy csinos, \u00fajabb, kevesebb mint 48 000 kilom\u00e9tert futott (\u00e9s cs\u00facsfelszerelts\u00e9g\u0171) aut\u00f3 12 000 font k\u00f6r\u00fcli \u00e1ron kaphat\u00f3.<br \/>\nA fogyaszt\u00e1s versenyk\u00e9pes, b\u00e1r a D3 eset\u00e9ben nem kiemelked\u0151. Tesztaut\u00f3nk \u00e1tlagos fogyaszt\u00e1sa akkoriban 45,9 mpg volt, a t\u00fara\u00fczem\u0171 v\u00e1ltozatban m\u00e9rt fogyaszt\u00e1sa (51,7 mpg) pedig elfogadhat\u00f3 volt. \u00c9ppen el\u00e9g j\u00f3 ahhoz, hogy ne k\u00e9rd\u0151jelezd meg, b\u00f6lcs dolog-e egy \u00f6thengeres motort egy ilyen aut\u00f3ba tenni.<\/p>\n<p>A valamivel er\u0151sebb D4 modell megegyezik a D3 hivatalos 65,7 mpg-os \u00e9s 114 g\/km-es CO2-kibocs\u00e1t\u00e1si \u00e9rt\u00e9k\u00e9vel, de ha b\u00e1rmelyik modellhez a Geartronic automata v\u00e1lt\u00f3s v\u00e1ltozatot v\u00e1lasztjuk, ezek az adatok sokkal kedvez\u0151tlenebbek.<br \/>\nP\u00e9nz\u00fcgyileg \u00e9sszer\u0171bb a D2, amely az egyetlen d\u00edzel, amely hagyom\u00e1nyosabb n\u00e9gyhengeres konfigur\u00e1ci\u00f3val rendelkezik. 1560 k\u00f6bcentis egys\u00e9ge hivatalosan 78,5 mpg-os fogyaszt\u00e1st \u00e9s 94 g\/km CO2-kibocs\u00e1t\u00e1st produk\u00e1lt vegyes ciklusban.<br \/>\nA turb\u00f3felt\u00f6lt\u0151s benzinmotorok vegyes ciklusban 50 mpg feletti fogyaszt\u00e1st produk\u00e1ltak, a 125 \u00e9s 129 g\/km-es kibocs\u00e1t\u00e1s pedig \u00f6sszehasonl\u00edthat\u00f3 a D3 \u00e9s D4 modellek\u00e9vel. St\u00edlusos, praktikus, gazdas\u00e1gos, kifinomult, s\u0151t eleg\u00e1ns\u2026 a munka nagy r\u00e9sze itt elv\u00e9gezve. El\u00e9g csak a felsz\u00ednt megsz\u00farni, \u00e9s a V40 tov\u00e1bbra is a Volvo saj\u00e1tos k\u00e9k \u00e9s s\u00e1rga szem\u00e9lyis\u00e9g\u00e9t viseli mag\u00e1n.<br \/>\nA D3 bels\u0151 tere j\u00f3l \u00e1tgondolt \u00e9s a tart\u00f3ss\u00e1g pr\u00e9mium kateg\u00f3ri\u00e1j\u00e1t k\u00e9pviseli. \u00d6tpotenci\u00e1los basszusgit\u00e1r-vonalra ugr\u00e1l, rend\u00edthetetlen megb\u00edzhat\u00f3s\u00e1ggal m\u0171k\u00f6dik, \u00e9s ugyanolyan biztons\u00e1gos, mint a Riksbanken.<\/p>\n","protected":false},"excerpt":{"rendered":"<p>Majka nem ker\u00fclte a felel\u0151ss\u00e9get, s\u0151t: k\u00edm\u00e9letlen \u0151szintes\u00e9ggel \u00edrt mag\u00e1r\u00f3l. \u201eEgy c\u00edmeres \u00f6k\u00f6r vagyok\u201d \u2013 kezdte bejegyz\u00e9s\u00e9t, majd hozz\u00e1tette, hogy&#8230; <span class=\"gridview-grid-post-read-more\"><a href=\"https:\/\/online-filmkatarzis.com\/kucko\/hirek\/elkaptak-majkat\/\">read more<span class=\"gridview-sr-only\"> Elkapt\u00e1k Majk\u00e1t!<\/span><\/a><\/span><\/p>\n","protected":false},"author":1,"featured_media":5615,"comment_status":"open","ping_status":"open","sticky":false,"template":"","format":"standard","meta":{"footnotes":""},"categories":[1],"tags":[],"class_list":["post-5614","post","type-post","status-publish","format-standard","has-post-thumbnail","hentry","category-egyeb","wpcat-1-id"],"_links":{"self":[{"href":"https:\/\/online-filmkatarzis.com\/kucko\/hirek\/wp-json\/wp\/v2\/posts\/5614","targetHints":{"allow":["GET"]}}],"collection":[{"href":"https:\/\/online-filmkatarzis.com\/kucko\/hirek\/wp-json\/wp\/v2\/posts"}],"about":[{"href":"https:\/\/online-filmkatarzis.com\/kucko\/hirek\/wp-json\/wp\/v2\/types\/post"}],"author":[{"embeddable":true,"href":"https:\/\/online-filmkatarzis.com\/kucko\/hirek\/wp-json\/wp\/v2\/users\/1"}],"replies":[{"embeddable":true,"href":"https:\/\/online-filmkatarzis.com\/kucko\/hirek\/wp-json\/wp\/v2\/comments?post=5614"}],"version-history":[{"count":2,"href":"https:\/\/online-filmkatarzis.com\/kucko\/hirek\/wp-json\/wp\/v2\/posts\/5614\/revisions"}],"predecessor-version":[{"id":5617,"href":"https:\/\/online-filmkatarzis.com\/kucko\/hirek\/wp-json\/wp\/v2\/posts\/5614\/revisions\/5617"}],"wp:featuredmedia":[{"embeddable":true,"href":"https:\/\/online-filmkatarzis.com\/kucko\/hirek\/wp-json\/wp\/v2\/media\/5615"}],"wp:attachment":[{"href":"https:\/\/online-filmkatarzis.com\/kucko\/hirek\/wp-json\/wp\/v2\/media?parent=5614"}],"wp:term":[{"taxonomy":"category","embeddable":true,"href":"https:\/\/online-filmkatarzis.com\/kucko\/hirek\/wp-json\/wp\/v2\/categories?post=5614"},{"taxonomy":"post_tag","embeddable":true,"href":"https:\/\/online-filmkatarzis.com\/kucko\/hirek\/wp-json\/wp\/v2\/tags?post=5614"}],"curies":[{"name":"wp","href":"https:\/\/api.w.org\/{rel}","templated":true}]}}