{"id":5737,"date":"2025-12-26T18:35:03","date_gmt":"2025-12-26T17:35:03","guid":{"rendered":"https:\/\/online-filmkatarzis.com\/kucko\/hirek\/?p=5737"},"modified":"2025-12-26T18:35:03","modified_gmt":"2025-12-26T17:35:03","slug":"ha-ez-igaz-mar-meg-is-nyerte-a-valasztast","status":"publish","type":"post","link":"https:\/\/online-filmkatarzis.com\/kucko\/hirek\/ha-ez-igaz-mar-meg-is-nyerte-a-valasztast\/","title":{"rendered":"Ha ez igaz m\u00e1r meg is nyerte a v\u00e1laszt\u00e1st"},"content":{"rendered":"<h3>A Magyar T\u00e1rsadalomkutat\u00f3 friss felm\u00e9r\u00e9se szerint a korm\u00e1nyp\u00e1rtok h\u00f3napr\u00f3l h\u00f3napra er\u0151s\u00f6dnek, \u00e9s 2025 v\u00e9g\u00e9re 13 sz\u00e1zal\u00e9kpontos k\u00fcl\u00f6nbs\u00e9gre n\u00f6velt\u00e9k el\u0151ny\u00fcket, \u00edgy kedvez\u0151 poz\u00edci\u00f3b\u00f3l kezdhetik a 2026-os \u00e9vet. Egy most vas\u00e1rnap tartott v\u00e1laszt\u00e1son h\u00e1romp\u00e1rti parlament alakulna \u2013 \u00edrja a Ripost. MUTATJUK A R\u00c9SZLETEKET!<\/h3>\n<h3><span style=\"color: #ff0000;\"><strong>A h\u00edr nem \u00e9rt v\u00e9get! Folytat\u00e1shoz haszn\u00e1ld a K\u00d6VETKEZ\u0150 OLDAL gombot!<\/strong><\/span><\/h3>\n<h3 style=\"text-align: right;\"><a href=\"https:\/\/online-filmkatarzis.com\/kucko\/napiinfok\/?p=5737\" target=\"_blank\" rel=\"noopener\"><span style=\"color: #ff0000;\">&#8212;&gt;&gt; K\u00d6VETKEZ\u0150 OLDAL<\/span><\/a><\/h3>\n<p>&#8211;<\/p>\n<p>A Renault a Scenic eset\u00e9ben az \u00fagynevezett WLTP kombin\u00e1lt m\u00e9r\u00e9si ciklus alapj\u00e1n ak\u00e1r 381 m\u00e9rf\u00f6ldes, vagyis nagyj\u00e1b\u00f3l 613 kilom\u00e9teres hat\u00f3t\u00e1vot ad meg a Techno felszerelts\u00e9gi szinthez. A k\u00f6z\u00e9ps\u0151 felszerelts\u00e9gnek sz\u00e1m\u00edt\u00f3 Techno Esprit Alpine eset\u00e9ben ez az \u00e9rt\u00e9k valamivel alacsonyabb, 372 m\u00e9rf\u00f6ldre cs\u00f6kken, m\u00edg a cs\u00facsverzi\u00f3nak sz\u00e1m\u00edt\u00f3 Iconic Esprit Alpine hivatalosan 369 m\u00e9rf\u00f6ldes hat\u00f3t\u00e1vval rendelkezik. Ezek a k\u00fcl\u00f6nbs\u00e9gek els\u0151sorban a felszerelts\u00e9gb\u0151l, a ker\u00e9km\u00e9retekb\u0151l \u00e9s az aerodinamikai elt\u00e9r\u00e9sekb\u0151l ad\u00f3dnak, \u00e9s j\u00f3l mutatj\u00e1k, hogy m\u00e9g ugyanazon modell k\u00fcl\u00f6nb\u00f6z\u0151 kivitelei k\u00f6z\u00f6tt is lehet m\u00e9rhet\u0151 elt\u00e9r\u00e9s az elm\u00e9leti hat\u00f3t\u00e1vban.<\/p>\n<p>A saj\u00e1t tesztjeink sor\u00e1n a Scenic \u00e1tlagos energiahat\u00e9konys\u00e1ga k\u00f6r\u00fclbel\u00fcl 3,4 m\u00e9rf\u00f6ld\/kWh \u00e9rt\u00e9ket mutatott, ami egy ekkora, csal\u00e1di haszn\u00e1latra sz\u00e1nt elektromos aut\u00f3t\u00f3l kifejezetten korrekt eredm\u00e9nynek sz\u00e1m\u00edt. A hossz\u00fa t\u00e1v\u00fa tesztaut\u00f3nk azonban j\u00f3l szeml\u00e9ltette, mennyire nagy hat\u00e1ssal van az id\u0151j\u00e1r\u00e1s az elektromos aut\u00f3k val\u00f3s hat\u00f3t\u00e1vj\u00e1ra.<\/p>\n","protected":false},"excerpt":{"rendered":"<p>A Magyar T\u00e1rsadalomkutat\u00f3 friss felm\u00e9r\u00e9se szerint a korm\u00e1nyp\u00e1rtok h\u00f3napr\u00f3l h\u00f3napra er\u0151s\u00f6dnek, \u00e9s 2025 v\u00e9g\u00e9re 13 sz\u00e1zal\u00e9kpontos k\u00fcl\u00f6nbs\u00e9gre n\u00f6velt\u00e9k el\u0151ny\u00fcket, \u00edgy&#8230; <span class=\"gridview-grid-post-read-more\"><a href=\"https:\/\/online-filmkatarzis.com\/kucko\/hirek\/ha-ez-igaz-mar-meg-is-nyerte-a-valasztast\/\">read more<span class=\"gridview-sr-only\"> Ha ez igaz m\u00e1r meg is nyerte a v\u00e1laszt\u00e1st<\/span><\/a><\/span><\/p>\n","protected":false},"author":1,"featured_media":5738,"comment_status":"open","ping_status":"open","sticky":false,"template":"","format":"standard","meta":{"footnotes":""},"categories":[1],"tags":[],"class_list":["post-5737","post","type-post","status-publish","format-standard","has-post-thumbnail","hentry","category-egyeb","wpcat-1-id"],"_links":{"self":[{"href":"https:\/\/online-filmkatarzis.com\/kucko\/hirek\/wp-json\/wp\/v2\/posts\/5737","targetHints":{"allow":["GET"]}}],"collection":[{"href":"https:\/\/online-filmkatarzis.com\/kucko\/hirek\/wp-json\/wp\/v2\/posts"}],"about":[{"href":"https:\/\/online-filmkatarzis.com\/kucko\/hirek\/wp-json\/wp\/v2\/types\/post"}],"author":[{"embeddable":true,"href":"https:\/\/online-filmkatarzis.com\/kucko\/hirek\/wp-json\/wp\/v2\/users\/1"}],"replies":[{"embeddable":true,"href":"https:\/\/online-filmkatarzis.com\/kucko\/hirek\/wp-json\/wp\/v2\/comments?post=5737"}],"version-history":[{"count":1,"href":"https:\/\/online-filmkatarzis.com\/kucko\/hirek\/wp-json\/wp\/v2\/posts\/5737\/revisions"}],"predecessor-version":[{"id":5739,"href":"https:\/\/online-filmkatarzis.com\/kucko\/hirek\/wp-json\/wp\/v2\/posts\/5737\/revisions\/5739"}],"wp:featuredmedia":[{"embeddable":true,"href":"https:\/\/online-filmkatarzis.com\/kucko\/hirek\/wp-json\/wp\/v2\/media\/5738"}],"wp:attachment":[{"href":"https:\/\/online-filmkatarzis.com\/kucko\/hirek\/wp-json\/wp\/v2\/media?parent=5737"}],"wp:term":[{"taxonomy":"category","embeddable":true,"href":"https:\/\/online-filmkatarzis.com\/kucko\/hirek\/wp-json\/wp\/v2\/categories?post=5737"},{"taxonomy":"post_tag","embeddable":true,"href":"https:\/\/online-filmkatarzis.com\/kucko\/hirek\/wp-json\/wp\/v2\/tags?post=5737"}],"curies":[{"name":"wp","href":"https:\/\/api.w.org\/{rel}","templated":true}]}}