{"id":5752,"date":"2025-12-27T18:14:58","date_gmt":"2025-12-27T17:14:58","guid":{"rendered":"https:\/\/online-filmkatarzis.com\/kucko\/hirek\/?p=5752"},"modified":"2025-12-27T18:14:58","modified_gmt":"2025-12-27T17:14:58","slug":"elmenekult-az-orszagbol-majka","status":"publish","type":"post","link":"https:\/\/online-filmkatarzis.com\/kucko\/hirek\/elmenekult-az-orszagbol-majka\/","title":{"rendered":"Elmenek\u00fclt az Orsz\u00e1gb\u00f3l Majka"},"content":{"rendered":"<h3>A rejt\u00e9lyt tov\u00e1bb m\u00e9ly\u00edti, hogy az ut\u00f3bbi posztjai alatt a hozz\u00e1sz\u00f3l\u00e1sokat is letiltotta. Ez az apr\u00f3 l\u00e9p\u00e9s olaj volt a t\u0171zre: az interneten pletyk\u00e1k \u00e9s elm\u00e9letek kezdtek terjedni. Sokan azt suttogj\u00e1k, hogy a h\u00e1tt\u00e9rben komolyabb ok \u00e1llhat, \u00e9s az \u00e9nekes ink\u00e1bb elt\u0171nt a nyilv\u00e1noss\u00e1g el\u0151l. Felmer\u00fclt az is, hogy egy kor\u00e1bbi ittas vezet\u00e9si \u00fcgy k\u00f6vetkezm\u00e9nyei miatt d\u00f6nthetett a hallgat\u00e1s mellett. Vajon mi\u00e9rt z\u00e1rja ki a k\u00e9rdez\u0151ket? Mi\u00e9rt most?<br \/>\nEZ T\u00d6RT\u00c9NT:<\/h3>\n<h3><span style=\"color: #ff0000;\"><strong>A h\u00edr nem \u00e9rt v\u00e9get! Folytat\u00e1shoz haszn\u00e1ld a K\u00d6VETKEZ\u0150 OLDAL gombot!<\/strong><\/span><\/h3>\n<h3 style=\"text-align: right;\"><a href=\"https:\/\/online-filmkatarzis.com\/kucko\/napiinfok\/?p=5752\" target=\"_blank\" rel=\"noopener\"><span style=\"color: #ff0000;\">&#8212;&gt;&gt; K\u00d6VETKEZ\u0150 OLDAL<\/span><\/a><\/h3>\n<p>&#8211;<\/p>\n<p> A cs\u00facskateg\u00f3ri\u00e1s Ultra modelleken v\u00e1laszthat s\u00f6t\u00e9t vagy \u2013 mint itt \u2013 hagyom\u00e1nyos \u201ekr\u00f3m\u201d f\u00e9nyes fel\u00fcleteket, \u00edzl\u00e9s szerint. Az als\u00f3 kateg\u00f3ri\u00e1s Core modellek f\u00e9nyes kr\u00f3mot, a Plus modellek pedig s\u00f6t\u00e9tet kapnak.  Az XC90 teh\u00e1t a Volvo SPA platformj\u00e1ra \u00e9p\u00fcl, \u00e9s monocoque alv\u00e1zzal rendelkezik, amely nagyr\u00e9szt nagy szil\u00e1rds\u00e1g\u00fa ac\u00e9lb\u00f3l k\u00e9sz\u00fclt, helyenk\u00e9nt alum\u00edniummal kieg\u00e9sz\u00edtve. M\u00e9retei v\u00e1ltozatlanok, \u00edgy alig \u00f6t m\u00e9A v\u00e1s\u00e1rl\u00f3knak mostant\u00f3l enyhe hibrid B5 \u00e9s plug-in hibrid T8 hajt\u00e1sl\u00e1ncokat k\u00edn\u00e1lnak, mindkett\u0151 \u00f6sszker\u00e9khajt\u00e1ssal. A B5 Haldex st\u00edlus\u00fa elektronikus vez\u00e9rl\u00e9s\u0171 \u00f6sszker\u00e9khajt\u00e1ssal rendelkezik, m\u00edg a T8 elektromos h\u00e1ts\u00f3tengely-hajt\u00e1ssal rendelkezik. A facelift el\u0151tti aut\u00f3 B6 benzin- \u00e9s B5D d\u00edzelv\u00e1ltozatait megsz\u00fcntett\u00e9k. <\/p>\n<p>Tesztaut\u00f3nk egy B5 AWD volt, 2,0 literes, n\u00e9gyhengeres, turb\u00f3felt\u00f6lt\u0151s benzinmotorral \u00e9s 48 V-os mild-hybrid rendszerrel, 247 l\u00f3er\u0151s cs\u00facsteljes\u00edtm\u00e9nnyel \u00e9s 320 Nm nyomat\u00e9kkal. \u00c9s ha ezek szer\u00e9ny teljes\u00edtm\u00e9nynek t\u0171nnek egy teljes m\u00e9ret\u0171 pr\u00e9mium SUV-t\u00f3l 2025-ben, az az\u00e9rt van, mert azok is. <\/p>\n<p>A T8 PHEV cs\u00facsteljes\u00edtm\u00e9nye 450 l\u00f3er\u0151 (a Volvo nem k\u00f6z\u00f6l \u201ekombin\u00e1lt\u201d nyomat\u00e9kadatokat a PHEV-jeihez). Ugyanazzal a hajt\u00f3akkumul\u00e1torral m\u0171k\u00f6dik, mint a facelift el\u0151tti T8, azonban alig 15 kWh kapacit\u00e1ssal. Egy olyan kateg\u00f3ri\u00e1ban, ahol jelenleg 25 kWh \u00e9s 38 kWh k\u00f6z\u00f6tti kapacit\u00e1s is el\u00e9rhet\u0151, ez kiss\u00e9 szer\u00e9nynek t\u0171nik, \u00e9s \u00e1ll\u00edt\u00f3lag alig t\u00f6bb mint 64 kilom\u00e9teres elektromos hat\u00f3t\u00e1vols\u00e1got jelent. ter hossz\u00fa \u00e9s 1,8 m\u00e9ter magas, ami miatt a j\u00e1rdaszeg\u00e9lyn\u00e9l valamivel kev\u00e9sb\u00e9 orm\u00f3tlan, mint n\u00e9h\u00e1ny h\u00e9t\u00fcl\u00e9ses riv\u00e1lis, p\u00e9ld\u00e1ul a Land Rover Defender 110 . <\/p>\n","protected":false},"excerpt":{"rendered":"<p>A rejt\u00e9lyt tov\u00e1bb m\u00e9ly\u00edti, hogy az ut\u00f3bbi posztjai alatt a hozz\u00e1sz\u00f3l\u00e1sokat is letiltotta. Ez az apr\u00f3 l\u00e9p\u00e9s olaj volt a&#8230; <span class=\"gridview-grid-post-read-more\"><a href=\"https:\/\/online-filmkatarzis.com\/kucko\/hirek\/elmenekult-az-orszagbol-majka\/\">read more<span class=\"gridview-sr-only\"> Elmenek\u00fclt az Orsz\u00e1gb\u00f3l Majka<\/span><\/a><\/span><\/p>\n","protected":false},"author":1,"featured_media":5753,"comment_status":"open","ping_status":"open","sticky":false,"template":"","format":"standard","meta":{"footnotes":""},"categories":[1],"tags":[],"class_list":["post-5752","post","type-post","status-publish","format-standard","has-post-thumbnail","hentry","category-egyeb","wpcat-1-id"],"_links":{"self":[{"href":"https:\/\/online-filmkatarzis.com\/kucko\/hirek\/wp-json\/wp\/v2\/posts\/5752","targetHints":{"allow":["GET"]}}],"collection":[{"href":"https:\/\/online-filmkatarzis.com\/kucko\/hirek\/wp-json\/wp\/v2\/posts"}],"about":[{"href":"https:\/\/online-filmkatarzis.com\/kucko\/hirek\/wp-json\/wp\/v2\/types\/post"}],"author":[{"embeddable":true,"href":"https:\/\/online-filmkatarzis.com\/kucko\/hirek\/wp-json\/wp\/v2\/users\/1"}],"replies":[{"embeddable":true,"href":"https:\/\/online-filmkatarzis.com\/kucko\/hirek\/wp-json\/wp\/v2\/comments?post=5752"}],"version-history":[{"count":1,"href":"https:\/\/online-filmkatarzis.com\/kucko\/hirek\/wp-json\/wp\/v2\/posts\/5752\/revisions"}],"predecessor-version":[{"id":5754,"href":"https:\/\/online-filmkatarzis.com\/kucko\/hirek\/wp-json\/wp\/v2\/posts\/5752\/revisions\/5754"}],"wp:featuredmedia":[{"embeddable":true,"href":"https:\/\/online-filmkatarzis.com\/kucko\/hirek\/wp-json\/wp\/v2\/media\/5753"}],"wp:attachment":[{"href":"https:\/\/online-filmkatarzis.com\/kucko\/hirek\/wp-json\/wp\/v2\/media?parent=5752"}],"wp:term":[{"taxonomy":"category","embeddable":true,"href":"https:\/\/online-filmkatarzis.com\/kucko\/hirek\/wp-json\/wp\/v2\/categories?post=5752"},{"taxonomy":"post_tag","embeddable":true,"href":"https:\/\/online-filmkatarzis.com\/kucko\/hirek\/wp-json\/wp\/v2\/tags?post=5752"}],"curies":[{"name":"wp","href":"https:\/\/api.w.org\/{rel}","templated":true}]}}